{"id":1271,"date":"2022-08-16T17:40:16","date_gmt":"2022-08-16T17:40:16","guid":{"rendered":"https:\/\/fattidistoria.org\/?p=1271"},"modified":"2022-08-17T13:47:01","modified_gmt":"2022-08-17T13:47:01","slug":"san-pantaleone-2022-la-processione-reale","status":"publish","type":"post","link":"https:\/\/fattidistoria.org\/?p=1271","title":{"rendered":"San Pantaleone 2022: la processione reale"},"content":{"rendered":"\n<p class=\"has-black-color has-text-color\" style=\"font-size:22px\">Ci son voluti tre anni ma, forse, siamo riusciti a tornare ad un\u2019accettabile normalit\u00e0. Avrete letto un po\u2019 ovunque che questo \u00e8, o dovrebbe essere, l\u2019anno della ripartenza, della ripresa di attivit\u00e0, rapporti, ritmi di un tempo, della riconquista di quella tranquillit\u00e0 perduta improvvisamente con l\u2019incubo pandemia. Ebbene, noi, a Vallo, in questo 2022 per molti aspetti ancora critico, abbiamo creduto di poter davvero ripartire. E quale segnale migliore se non quello di celebrare nuovamente il principale dei nostri appuntamenti estivi: la festa di San Pantaleone?<\/p>\n\n\n\n<p class=\"has-black-color has-text-color\" style=\"font-size:22px\">A dire il vero, non avevamo mai smesso di farlo. Ma le feste del \u201920 e del \u201921, per forza maggiore erano state ridimensionate quanto a manifestazioni esterne e ridefinite nei tempi e nelle modalit\u00e0 di svolgimento. L\u2019anno scorso invitavamo \u2013 attraverso un articolo che trovate ancora su questo sito \u2013 alla pazienza e alla prudenza, auspicando di poterci ritrovare quest\u2019anno tutti dietro e dentro la nostra ricca e bella processione. In attesa, offrivamo una \u201cprocessione virtuale\u201d, con repertorio fotografico delle statue che non avremmo visto lungo le strade cittadine, data la soppressione per il secondo anno consecutivo del corteo sacro.<\/p>\n\n\n\n<p class=\"has-black-color has-text-color\" style=\"font-size:22px\">Quell\u2019auspicio si \u00e8 avverato: quest\u2019anno la processione \u00e8 tornata e tutti ne siamo stati partecipi; essa ha assunto pi\u00f9 che mai, nella molteplice variet\u00e0 delle sue componenti, la dimensione collettiva di un popolo in cammino. Non solo, ma attorno ad essa si \u00e8 potuto sviluppare quello spettacolo di colori, suoni, luci, fuochi, bancarelle, che \u00e8 parte integrante della festa anche se ci stanca per il suo frastuono e pu\u00f2 infastidire chi non ama uscire dai binari della normalit\u00e0 o vi vede solo un\u2019inopportuna invadenza del profano nel sacro. Si \u00e8 potuta anche svolgere, con la solennit\u00e0 che le \u00e8 propria, quella lunga fase di preparazione religiosa che ha al suo centro la Novena, un misterioso amalgama di canto, preghiera, invocazione, tenuto insieme dalla fede, dal ricordo e dalle emozioni di tutti e di ciascuno. Quei giorni sono stati animati da due ospiti d\u2019eccezione \u2013 <strong>il francescano padre Giuseppe Castronuovo<\/strong> e il responsabile della Pastorale universitaria della diocesi de L\u2019Aquila, <strong>don Federico Palmerini<\/strong> \u2013 la cui abilit\u00e0 omiletica ha consentito a tutti di compiere un percorso formativo e di riflessione basato sull\u2019esegesi del libro di Tobia e sui temi offerti dalla testimonianza di fedelt\u00e0 del giovane Pantaleone. A completare il quadro si \u00e8 aggiunta anche una bella occasione di approfondimento culturale, voluta dal parroco e dettatagli dalla sua passione per i tanti esempi di santit\u00e0 che hanno costellato la storia cristiana: l\u2019incontro con <strong>la prof.ssa Vitagrazia Pisani<\/strong> dell\u2019Universit\u00e0 di Amburgo. La prof ha relazionato sul tema <em>San Pantaleone nella tradizione letteraria della Chiesa Etiopica<\/em> che, a dire il vero, pur avendo il suo fascino arcaico (manoscritti antichissimi, codici conservati in biblioteche londinesi, lingue sconosciute anche nel nome, terre e culture esotiche, ecc. ecc.) e confermando i fedeli locali circa l\u2019ampiezza della diffusione della memoria del Martire di Nicomedia, \u00e8 sembrato per il suo tecnicismo e i troppo numerosi rimandi storico-letterari specialistici non del tutto appropriato al contesto e in larga misura fuori dalla portata di gran parte dei presenti (compreso lo scrivente). Ma nessuno se ne \u00e8 lamentato; d\u2019altronde, non amiamo certo mostrare la nostra ignoranza.<\/p>\n\n\n<div class=\"wp-block-image\">\n<figure class=\"alignleft size-large is-resized\"><a href=\"https:\/\/fattidistoria.org\/wp-content\/uploads\/2022\/08\/1.La-novena.-Lorgano-Carelli-in-funzione.jpg\"><img loading=\"lazy\" decoding=\"async\" src=\"https:\/\/fattidistoria.org\/wp-content\/uploads\/2022\/08\/1.La-novena.-Lorgano-Carelli-in-funzione-1024x1024.jpg\" alt=\"La novena. L'organo Carelli in funzione\" class=\"wp-image-1246\" width=\"294\" height=\"294\" srcset=\"https:\/\/fattidistoria.org\/wp-content\/uploads\/2022\/08\/1.La-novena.-Lorgano-Carelli-in-funzione-1024x1024.jpg 1024w, https:\/\/fattidistoria.org\/wp-content\/uploads\/2022\/08\/1.La-novena.-Lorgano-Carelli-in-funzione-300x300.jpg 300w, https:\/\/fattidistoria.org\/wp-content\/uploads\/2022\/08\/1.La-novena.-Lorgano-Carelli-in-funzione-150x150.jpg 150w, https:\/\/fattidistoria.org\/wp-content\/uploads\/2022\/08\/1.La-novena.-Lorgano-Carelli-in-funzione-768x768.jpg 768w, https:\/\/fattidistoria.org\/wp-content\/uploads\/2022\/08\/1.La-novena.-Lorgano-Carelli-in-funzione-1536x1536.jpg 1536w, https:\/\/fattidistoria.org\/wp-content\/uploads\/2022\/08\/1.La-novena.-Lorgano-Carelli-in-funzione-2048x2048.jpg 2048w, https:\/\/fattidistoria.org\/wp-content\/uploads\/2022\/08\/1.La-novena.-Lorgano-Carelli-in-funzione-1230x1230.jpg 1230w, https:\/\/fattidistoria.org\/wp-content\/uploads\/2022\/08\/1.La-novena.-Lorgano-Carelli-in-funzione-100x100.jpg 100w\" sizes=\"auto, (max-width: 294px) 100vw, 294px\" \/><\/a><figcaption>La novena. L&#8217;organo Carelli in funzione<\/figcaption><\/figure>\n<\/div>\n\n<div class=\"wp-block-image\">\n<figure class=\"alignright size-large is-resized\"><a href=\"https:\/\/fattidistoria.org\/wp-content\/uploads\/2022\/08\/2.-La-novena.-Lorgano-Carelli-particolare.jpg\"><img loading=\"lazy\" decoding=\"async\" src=\"https:\/\/fattidistoria.org\/wp-content\/uploads\/2022\/08\/2.-La-novena.-Lorgano-Carelli-particolare-1024x1024.jpg\" alt=\"\" class=\"wp-image-1247\" width=\"291\" height=\"291\" srcset=\"https:\/\/fattidistoria.org\/wp-content\/uploads\/2022\/08\/2.-La-novena.-Lorgano-Carelli-particolare-1024x1024.jpg 1024w, https:\/\/fattidistoria.org\/wp-content\/uploads\/2022\/08\/2.-La-novena.-Lorgano-Carelli-particolare-300x300.jpg 300w, https:\/\/fattidistoria.org\/wp-content\/uploads\/2022\/08\/2.-La-novena.-Lorgano-Carelli-particolare-150x150.jpg 150w, https:\/\/fattidistoria.org\/wp-content\/uploads\/2022\/08\/2.-La-novena.-Lorgano-Carelli-particolare-768x768.jpg 768w, https:\/\/fattidistoria.org\/wp-content\/uploads\/2022\/08\/2.-La-novena.-Lorgano-Carelli-particolare-1536x1536.jpg 1536w, https:\/\/fattidistoria.org\/wp-content\/uploads\/2022\/08\/2.-La-novena.-Lorgano-Carelli-particolare-2048x2048.jpg 2048w, https:\/\/fattidistoria.org\/wp-content\/uploads\/2022\/08\/2.-La-novena.-Lorgano-Carelli-particolare-1230x1230.jpg 1230w, https:\/\/fattidistoria.org\/wp-content\/uploads\/2022\/08\/2.-La-novena.-Lorgano-Carelli-particolare-100x100.jpg 100w\" sizes=\"auto, (max-width: 291px) 100vw, 291px\" \/><\/a><figcaption>La novena. L&#8217;organo Carelli (particolare)<\/figcaption><\/figure>\n<\/div>\n\n\n<p><\/p>\n\n\n\n<p><\/p>\n\n\n\n<p><\/p>\n\n\n\n<p><\/p>\n\n\n<div class=\"wp-block-image\">\n<figure class=\"alignright size-large is-resized\"><a href=\"https:\/\/fattidistoria.org\/wp-content\/uploads\/2022\/08\/3.-La-novena-dalla-cantoria-della-Cattedrale-scaled.jpg\"><img loading=\"lazy\" decoding=\"async\" src=\"https:\/\/fattidistoria.org\/wp-content\/uploads\/2022\/08\/3.-La-novena-dalla-cantoria-della-Cattedrale-768x1024.jpg\" alt=\"\" class=\"wp-image-1248\" width=\"217\" height=\"289\" srcset=\"https:\/\/fattidistoria.org\/wp-content\/uploads\/2022\/08\/3.-La-novena-dalla-cantoria-della-Cattedrale-768x1024.jpg 768w, https:\/\/fattidistoria.org\/wp-content\/uploads\/2022\/08\/3.-La-novena-dalla-cantoria-della-Cattedrale-225x300.jpg 225w, https:\/\/fattidistoria.org\/wp-content\/uploads\/2022\/08\/3.-La-novena-dalla-cantoria-della-Cattedrale-1152x1536.jpg 1152w, https:\/\/fattidistoria.org\/wp-content\/uploads\/2022\/08\/3.-La-novena-dalla-cantoria-della-Cattedrale-1536x2048.jpg 1536w, https:\/\/fattidistoria.org\/wp-content\/uploads\/2022\/08\/3.-La-novena-dalla-cantoria-della-Cattedrale-1230x1640.jpg 1230w, https:\/\/fattidistoria.org\/wp-content\/uploads\/2022\/08\/3.-La-novena-dalla-cantoria-della-Cattedrale-scaled.jpg 1920w\" sizes=\"auto, (max-width: 217px) 100vw, 217px\" \/><\/a><figcaption>La novena dalla cantoria della Cattedrale<\/figcaption><\/figure>\n<\/div>\n\n<div class=\"wp-block-image\">\n<figure class=\"alignleft size-large is-resized\"><a href=\"https:\/\/fattidistoria.org\/wp-content\/uploads\/2022\/08\/4.-Il-convegno-con-la-prof.ssa-Vitagrazia-Pisani-scaled.jpg\"><img loading=\"lazy\" decoding=\"async\" src=\"https:\/\/fattidistoria.org\/wp-content\/uploads\/2022\/08\/4.-Il-convegno-con-la-prof.ssa-Vitagrazia-Pisani-1024x768.jpg\" alt=\"\" class=\"wp-image-1249\" width=\"350\" height=\"263\" srcset=\"https:\/\/fattidistoria.org\/wp-content\/uploads\/2022\/08\/4.-Il-convegno-con-la-prof.ssa-Vitagrazia-Pisani-1024x768.jpg 1024w, https:\/\/fattidistoria.org\/wp-content\/uploads\/2022\/08\/4.-Il-convegno-con-la-prof.ssa-Vitagrazia-Pisani-300x225.jpg 300w, https:\/\/fattidistoria.org\/wp-content\/uploads\/2022\/08\/4.-Il-convegno-con-la-prof.ssa-Vitagrazia-Pisani-768x576.jpg 768w, https:\/\/fattidistoria.org\/wp-content\/uploads\/2022\/08\/4.-Il-convegno-con-la-prof.ssa-Vitagrazia-Pisani-1536x1152.jpg 1536w, https:\/\/fattidistoria.org\/wp-content\/uploads\/2022\/08\/4.-Il-convegno-con-la-prof.ssa-Vitagrazia-Pisani-2048x1536.jpg 2048w, https:\/\/fattidistoria.org\/wp-content\/uploads\/2022\/08\/4.-Il-convegno-con-la-prof.ssa-Vitagrazia-Pisani-1230x923.jpg 1230w, https:\/\/fattidistoria.org\/wp-content\/uploads\/2022\/08\/4.-Il-convegno-con-la-prof.ssa-Vitagrazia-Pisani-480x360.jpg 480w\" sizes=\"auto, (max-width: 350px) 100vw, 350px\" \/><\/a><figcaption>Il convegno con la prof.ssa Vitagrazia Pisani <\/figcaption><\/figure>\n<\/div>\n\n\n<p>  <\/p>\n\n\n\n<p> <\/p>\n\n\n\n<p><\/p>\n\n\n\n<p><\/p>\n\n\n\n<p><\/p>\n\n\n\n<p><\/p>\n\n\n\n<p><\/p>\n\n\n<div class=\"wp-block-image\">\n<figure class=\"alignleft size-large is-resized\"><a href=\"https:\/\/fattidistoria.org\/wp-content\/uploads\/2022\/08\/5.-Il-convegno-con-la-prof.ss-Vitagrazia-Pisani-scaled.jpg\"><img loading=\"lazy\" decoding=\"async\" src=\"https:\/\/fattidistoria.org\/wp-content\/uploads\/2022\/08\/5.-Il-convegno-con-la-prof.ss-Vitagrazia-Pisani-1024x768.jpg\" alt=\"\" class=\"wp-image-1250\" width=\"362\" height=\"272\" srcset=\"https:\/\/fattidistoria.org\/wp-content\/uploads\/2022\/08\/5.-Il-convegno-con-la-prof.ss-Vitagrazia-Pisani-1024x768.jpg 1024w, https:\/\/fattidistoria.org\/wp-content\/uploads\/2022\/08\/5.-Il-convegno-con-la-prof.ss-Vitagrazia-Pisani-300x225.jpg 300w, https:\/\/fattidistoria.org\/wp-content\/uploads\/2022\/08\/5.-Il-convegno-con-la-prof.ss-Vitagrazia-Pisani-768x576.jpg 768w, https:\/\/fattidistoria.org\/wp-content\/uploads\/2022\/08\/5.-Il-convegno-con-la-prof.ss-Vitagrazia-Pisani-1536x1152.jpg 1536w, https:\/\/fattidistoria.org\/wp-content\/uploads\/2022\/08\/5.-Il-convegno-con-la-prof.ss-Vitagrazia-Pisani-2048x1536.jpg 2048w, https:\/\/fattidistoria.org\/wp-content\/uploads\/2022\/08\/5.-Il-convegno-con-la-prof.ss-Vitagrazia-Pisani-1230x923.jpg 1230w, https:\/\/fattidistoria.org\/wp-content\/uploads\/2022\/08\/5.-Il-convegno-con-la-prof.ss-Vitagrazia-Pisani-480x360.jpg 480w\" sizes=\"auto, (max-width: 362px) 100vw, 362px\" \/><\/a><figcaption>Il convegno con la prof.ss Vitagrazia Pisani<\/figcaption><\/figure>\n<\/div>\n\n<div class=\"wp-block-image\">\n<figure class=\"alignright size-large is-resized\"><a href=\"https:\/\/fattidistoria.org\/wp-content\/uploads\/2022\/08\/6.-Luminarie-e-musica-in-p.zza-S.-Caterina.jpg\"><img loading=\"lazy\" decoding=\"async\" src=\"https:\/\/fattidistoria.org\/wp-content\/uploads\/2022\/08\/6.-Luminarie-e-musica-in-p.zza-S.-Caterina-576x1024.jpg\" alt=\"\" class=\"wp-image-1251\" width=\"236\" height=\"420\" srcset=\"https:\/\/fattidistoria.org\/wp-content\/uploads\/2022\/08\/6.-Luminarie-e-musica-in-p.zza-S.-Caterina-576x1024.jpg 576w, https:\/\/fattidistoria.org\/wp-content\/uploads\/2022\/08\/6.-Luminarie-e-musica-in-p.zza-S.-Caterina-169x300.jpg 169w, https:\/\/fattidistoria.org\/wp-content\/uploads\/2022\/08\/6.-Luminarie-e-musica-in-p.zza-S.-Caterina-768x1365.jpg 768w, https:\/\/fattidistoria.org\/wp-content\/uploads\/2022\/08\/6.-Luminarie-e-musica-in-p.zza-S.-Caterina-864x1536.jpg 864w, https:\/\/fattidistoria.org\/wp-content\/uploads\/2022\/08\/6.-Luminarie-e-musica-in-p.zza-S.-Caterina.jpg 1080w\" sizes=\"auto, (max-width: 236px) 100vw, 236px\" \/><\/a><figcaption>Luminarie e musica in p.zza S. Caterina<\/figcaption><\/figure>\n<\/div>\n\n\n<p><\/p>\n\n\n\n<p><\/p>\n\n\n\n<p><\/p>\n\n\n\n<p><\/p>\n\n\n\n<p><\/p>\n\n\n\n<p><\/p>\n\n\n<div class=\"wp-block-image\">\n<figure class=\"alignleft size-large is-resized\"><a href=\"https:\/\/fattidistoria.org\/wp-content\/uploads\/2022\/08\/7.-Luminarie-in-p.zza-V.-Emanuele.jpg\"><img loading=\"lazy\" decoding=\"async\" src=\"https:\/\/fattidistoria.org\/wp-content\/uploads\/2022\/08\/7.-Luminarie-in-p.zza-V.-Emanuele-576x1024.jpg\" alt=\"\" class=\"wp-image-1252\" width=\"232\" height=\"413\" srcset=\"https:\/\/fattidistoria.org\/wp-content\/uploads\/2022\/08\/7.-Luminarie-in-p.zza-V.-Emanuele-576x1024.jpg 576w, https:\/\/fattidistoria.org\/wp-content\/uploads\/2022\/08\/7.-Luminarie-in-p.zza-V.-Emanuele-169x300.jpg 169w, https:\/\/fattidistoria.org\/wp-content\/uploads\/2022\/08\/7.-Luminarie-in-p.zza-V.-Emanuele-768x1365.jpg 768w, https:\/\/fattidistoria.org\/wp-content\/uploads\/2022\/08\/7.-Luminarie-in-p.zza-V.-Emanuele-864x1536.jpg 864w, https:\/\/fattidistoria.org\/wp-content\/uploads\/2022\/08\/7.-Luminarie-in-p.zza-V.-Emanuele.jpg 1080w\" sizes=\"auto, (max-width: 232px) 100vw, 232px\" \/><\/a><figcaption>Luminarie in p.zza V. Emanuele<\/figcaption><\/figure>\n<\/div>\n\n<div class=\"wp-block-image\">\n<figure class=\"alignright size-large is-resized\"><a href=\"https:\/\/fattidistoria.org\/wp-content\/uploads\/2022\/08\/8.-Luminarie-in-p.zza-V.-Emanuele.jpg\"><img loading=\"lazy\" decoding=\"async\" src=\"https:\/\/fattidistoria.org\/wp-content\/uploads\/2022\/08\/8.-Luminarie-in-p.zza-V.-Emanuele-576x1024.jpg\" alt=\"\" class=\"wp-image-1253\" width=\"231\" height=\"410\" srcset=\"https:\/\/fattidistoria.org\/wp-content\/uploads\/2022\/08\/8.-Luminarie-in-p.zza-V.-Emanuele-576x1024.jpg 576w, https:\/\/fattidistoria.org\/wp-content\/uploads\/2022\/08\/8.-Luminarie-in-p.zza-V.-Emanuele-169x300.jpg 169w, https:\/\/fattidistoria.org\/wp-content\/uploads\/2022\/08\/8.-Luminarie-in-p.zza-V.-Emanuele-768x1365.jpg 768w, https:\/\/fattidistoria.org\/wp-content\/uploads\/2022\/08\/8.-Luminarie-in-p.zza-V.-Emanuele-864x1536.jpg 864w, https:\/\/fattidistoria.org\/wp-content\/uploads\/2022\/08\/8.-Luminarie-in-p.zza-V.-Emanuele.jpg 1080w\" sizes=\"auto, (max-width: 231px) 100vw, 231px\" \/><\/a><figcaption> Luminarie in p.zza V. Emanuele<\/figcaption><\/figure>\n<\/div>\n\n<div class=\"wp-block-image\">\n<figure class=\"aligncenter size-large is-resized\"><a href=\"https:\/\/fattidistoria.org\/wp-content\/uploads\/2022\/08\/9.-Luminarie-in-p.zza-V.-Emanuele.jpg\"><img loading=\"lazy\" decoding=\"async\" src=\"https:\/\/fattidistoria.org\/wp-content\/uploads\/2022\/08\/9.-Luminarie-in-p.zza-V.-Emanuele-1024x576.jpg\" alt=\"\" class=\"wp-image-1254\" width=\"590\" height=\"331\" srcset=\"https:\/\/fattidistoria.org\/wp-content\/uploads\/2022\/08\/9.-Luminarie-in-p.zza-V.-Emanuele-1024x576.jpg 1024w, https:\/\/fattidistoria.org\/wp-content\/uploads\/2022\/08\/9.-Luminarie-in-p.zza-V.-Emanuele-300x169.jpg 300w, https:\/\/fattidistoria.org\/wp-content\/uploads\/2022\/08\/9.-Luminarie-in-p.zza-V.-Emanuele-768x432.jpg 768w, https:\/\/fattidistoria.org\/wp-content\/uploads\/2022\/08\/9.-Luminarie-in-p.zza-V.-Emanuele-1536x864.jpg 1536w, https:\/\/fattidistoria.org\/wp-content\/uploads\/2022\/08\/9.-Luminarie-in-p.zza-V.-Emanuele-1230x692.jpg 1230w, https:\/\/fattidistoria.org\/wp-content\/uploads\/2022\/08\/9.-Luminarie-in-p.zza-V.-Emanuele.jpg 1920w\" sizes=\"auto, (max-width: 590px) 100vw, 590px\" \/><\/a><figcaption>Luminarie in p.zza V. Emanuele<\/figcaption><\/figure>\n<\/div>\n\n\n<p class=\"has-black-color has-text-color\" style=\"font-size:22px\">Tornando alla processione, quella che siamo in grado di presentarvi quest\u2019anno non \u00e8 pi\u00f9 virtuale ma reale. Le foto che seguono sono fatte in mezzo alla gente, lungo il percorso, durante il non breve tragitto dalla cattedrale alla cattedrale, nel corso delle sue quattro fermate. Le statue, i portatori, gli accompagnatori, i religiosi, il popolo che segue attento, pi\u00f9 spesso distratto, impegnato a fotografare, a filmare, a non perdere di vista i bambini, a legger loro i nomi dei santi, a spiegare il perch\u00e9 di quell\u2019interminabile sequenza di strani individui che attraggono ed intimoriscono per il loro fascino e la loro esemplare coerenza: tutto questo e molto pi\u00f9 \u00e8 la processione del 27 luglio a Vallo.<\/p>\n\n\n\n<p class=\"has-black-color has-text-color\" style=\"font-size:22px\">Forse non tutti sanno che quelle statue non si trovano l\u00ec per caso n\u00e9 sono messe a casaccio, ma sono il frutto di una lunga e articolata storia e sono disposte nel corteo secondo un preciso ordine sistematico e gerarchico. Certo, i santi sono tutti uguali quanto a meriti e valore esemplare, ma c\u2019\u00e8 differenza tra un martire e un arcangelo, tra un sacerdote e un vescovo, e tale differenza \u00e8 mostrata nell\u2019ordine dato al loro procedere in processione. Molte di quelle statue hanno una storia lunghissima, o perch\u00e9 appartenute ad antiche famiglie gentilizie locali o perch\u00e9 provenienti dalle chiese sparse in paese che un tempo erano molto pi\u00f9 numerose e quasi tutte officiate o, ancora, perch\u00e9 legate alla tradizione delle confraternite laicali e degli ordini religiosi attivi in passato nei due casali di Vallo e Spio, o, infine, perch\u00e9 oggetto a lungo di culto. \u00c8 il caso, ad esempio, della cinquecentesca raffinata immagine di <strong>San Domenico di Guzman<\/strong>, segno evidente della secolare presenza dei Domenicani in paese, o della settecentesca imponente statua di <strong>San Francesco Saverio<\/strong>, o di quella dell\u2019<strong>arcangelo Raffaele<\/strong>, una delle poche ancora conservate nella cappella privata di una famiglia locale (le altre due sono le statue di Sant\u2019Agostino e di San Cataldo). Ma vengono in mente anche le effigi di <strong>San Filippo Neri<\/strong>, un tempo patrono di Vallo, di <strong>San Nicola di Mira<\/strong> e <strong>San Crescenzio<\/strong>, legate a due quartieri vallesi, di <strong>San Biagio<\/strong> e di <strong>San Vincenzo Ferrer<\/strong>, di cui fino a non molti decenni fa si celebrava anche la festa con relativa processione. Di uno dei santi, <strong>Toribio de Mogrovejo<\/strong>, esiste in paese l\u2019omonima famiglia che discende da quel vescovo.<\/p>\n\n\n<div class=\"wp-block-image\">\n<figure class=\"alignleft size-large is-resized\"><a href=\"https:\/\/fattidistoria.org\/wp-content\/uploads\/2022\/08\/10.-San-Domenico-particolare-scaled.jpg\"><img loading=\"lazy\" decoding=\"async\" src=\"https:\/\/fattidistoria.org\/wp-content\/uploads\/2022\/08\/10.-San-Domenico-particolare-768x1024.jpg\" alt=\"\" class=\"wp-image-1255\" width=\"293\" height=\"391\" srcset=\"https:\/\/fattidistoria.org\/wp-content\/uploads\/2022\/08\/10.-San-Domenico-particolare-768x1024.jpg 768w, https:\/\/fattidistoria.org\/wp-content\/uploads\/2022\/08\/10.-San-Domenico-particolare-225x300.jpg 225w, https:\/\/fattidistoria.org\/wp-content\/uploads\/2022\/08\/10.-San-Domenico-particolare-1152x1536.jpg 1152w, https:\/\/fattidistoria.org\/wp-content\/uploads\/2022\/08\/10.-San-Domenico-particolare-1536x2048.jpg 1536w, https:\/\/fattidistoria.org\/wp-content\/uploads\/2022\/08\/10.-San-Domenico-particolare-1230x1640.jpg 1230w, https:\/\/fattidistoria.org\/wp-content\/uploads\/2022\/08\/10.-San-Domenico-particolare-scaled.jpg 1920w\" sizes=\"auto, (max-width: 293px) 100vw, 293px\" \/><\/a><figcaption>San Domenico (particolare)<\/figcaption><\/figure>\n<\/div>\n\n\n<p><\/p>\n\n\n<div class=\"wp-block-image\">\n<figure class=\"alignright size-large is-resized\"><a href=\"https:\/\/fattidistoria.org\/wp-content\/uploads\/2022\/08\/11.-San-Domenico-particolare-scaled.jpg\"><img loading=\"lazy\" decoding=\"async\" src=\"https:\/\/fattidistoria.org\/wp-content\/uploads\/2022\/08\/11.-San-Domenico-particolare-768x1024.jpg\" alt=\"\" class=\"wp-image-1256\" width=\"278\" height=\"370\" srcset=\"https:\/\/fattidistoria.org\/wp-content\/uploads\/2022\/08\/11.-San-Domenico-particolare-768x1024.jpg 768w, https:\/\/fattidistoria.org\/wp-content\/uploads\/2022\/08\/11.-San-Domenico-particolare-225x300.jpg 225w, https:\/\/fattidistoria.org\/wp-content\/uploads\/2022\/08\/11.-San-Domenico-particolare-1152x1536.jpg 1152w, https:\/\/fattidistoria.org\/wp-content\/uploads\/2022\/08\/11.-San-Domenico-particolare-1536x2048.jpg 1536w, https:\/\/fattidistoria.org\/wp-content\/uploads\/2022\/08\/11.-San-Domenico-particolare-1230x1640.jpg 1230w, https:\/\/fattidistoria.org\/wp-content\/uploads\/2022\/08\/11.-San-Domenico-particolare-scaled.jpg 1920w\" sizes=\"auto, (max-width: 278px) 100vw, 278px\" \/><\/a><figcaption>San Domenico (particolare)<\/figcaption><\/figure>\n<\/div>\n\n<div class=\"wp-block-image\">\n<figure class=\"aligncenter size-large is-resized\"><a href=\"https:\/\/fattidistoria.org\/wp-content\/uploads\/2022\/08\/12.-San-Francesco-Saverio.-Preparazione-della-statua-scaled.jpg\"><img loading=\"lazy\" decoding=\"async\" src=\"https:\/\/fattidistoria.org\/wp-content\/uploads\/2022\/08\/12.-San-Francesco-Saverio.-Preparazione-della-statua-768x1024.jpg\" alt=\"\" class=\"wp-image-1257\" width=\"296\" height=\"394\" srcset=\"https:\/\/fattidistoria.org\/wp-content\/uploads\/2022\/08\/12.-San-Francesco-Saverio.-Preparazione-della-statua-768x1024.jpg 768w, https:\/\/fattidistoria.org\/wp-content\/uploads\/2022\/08\/12.-San-Francesco-Saverio.-Preparazione-della-statua-225x300.jpg 225w, https:\/\/fattidistoria.org\/wp-content\/uploads\/2022\/08\/12.-San-Francesco-Saverio.-Preparazione-della-statua-1152x1536.jpg 1152w, https:\/\/fattidistoria.org\/wp-content\/uploads\/2022\/08\/12.-San-Francesco-Saverio.-Preparazione-della-statua-1536x2048.jpg 1536w, https:\/\/fattidistoria.org\/wp-content\/uploads\/2022\/08\/12.-San-Francesco-Saverio.-Preparazione-della-statua-1230x1640.jpg 1230w, https:\/\/fattidistoria.org\/wp-content\/uploads\/2022\/08\/12.-San-Francesco-Saverio.-Preparazione-della-statua-scaled.jpg 1920w\" sizes=\"auto, (max-width: 296px) 100vw, 296px\" \/><\/a><figcaption>San Francesco Saverio (Preparazione della statua)<\/figcaption><\/figure>\n<\/div>\n\n<div class=\"wp-block-image\">\n<figure class=\"alignright size-large is-resized\"><a href=\"https:\/\/fattidistoria.org\/wp-content\/uploads\/2022\/08\/13.-San-Francesco-Saverio-particolare-scaled.jpg\"><img loading=\"lazy\" decoding=\"async\" src=\"https:\/\/fattidistoria.org\/wp-content\/uploads\/2022\/08\/13.-San-Francesco-Saverio-particolare-768x1024.jpg\" alt=\"\" class=\"wp-image-1258\" width=\"325\" height=\"432\" srcset=\"https:\/\/fattidistoria.org\/wp-content\/uploads\/2022\/08\/13.-San-Francesco-Saverio-particolare-768x1024.jpg 768w, https:\/\/fattidistoria.org\/wp-content\/uploads\/2022\/08\/13.-San-Francesco-Saverio-particolare-225x300.jpg 225w, https:\/\/fattidistoria.org\/wp-content\/uploads\/2022\/08\/13.-San-Francesco-Saverio-particolare-1152x1536.jpg 1152w, https:\/\/fattidistoria.org\/wp-content\/uploads\/2022\/08\/13.-San-Francesco-Saverio-particolare-1536x2048.jpg 1536w, https:\/\/fattidistoria.org\/wp-content\/uploads\/2022\/08\/13.-San-Francesco-Saverio-particolare-1230x1640.jpg 1230w, https:\/\/fattidistoria.org\/wp-content\/uploads\/2022\/08\/13.-San-Francesco-Saverio-particolare-scaled.jpg 1920w\" sizes=\"auto, (max-width: 325px) 100vw, 325px\" \/><\/a><figcaption>San Francesco Saverio (particolare)<\/figcaption><\/figure>\n<\/div>\n\n<div class=\"wp-block-image\">\n<figure class=\"alignleft size-large is-resized\"><a href=\"https:\/\/fattidistoria.org\/wp-content\/uploads\/2022\/08\/14.-San-Francesco-Saverio-particolare-scaled.jpg\"><img loading=\"lazy\" decoding=\"async\" src=\"https:\/\/fattidistoria.org\/wp-content\/uploads\/2022\/08\/14.-San-Francesco-Saverio-particolare-768x1024.jpg\" alt=\"\" class=\"wp-image-1259\" width=\"323\" height=\"429\"\/><\/a><figcaption>San Francesco Saverio (particolare)<\/figcaption><\/figure>\n<\/div>\n\n\n<p><\/p>\n\n\n\n<p><\/p>\n\n\n\n<p><\/p>\n\n\n\n<p><\/p>\n\n\n\n<p><\/p>\n\n\n<div class=\"wp-block-image\">\n<figure class=\"alignleft size-large is-resized\"><a href=\"https:\/\/fattidistoria.org\/wp-content\/uploads\/2022\/08\/15.-San-Raffaele-Arcangelo-scaled.jpg\"><img loading=\"lazy\" decoding=\"async\" src=\"https:\/\/fattidistoria.org\/wp-content\/uploads\/2022\/08\/15.-San-Raffaele-Arcangelo-768x1024.jpg\" alt=\"\" class=\"wp-image-1260\" width=\"316\" height=\"421\" srcset=\"https:\/\/fattidistoria.org\/wp-content\/uploads\/2022\/08\/15.-San-Raffaele-Arcangelo-768x1024.jpg 768w, https:\/\/fattidistoria.org\/wp-content\/uploads\/2022\/08\/15.-San-Raffaele-Arcangelo-225x300.jpg 225w, https:\/\/fattidistoria.org\/wp-content\/uploads\/2022\/08\/15.-San-Raffaele-Arcangelo-1152x1536.jpg 1152w, https:\/\/fattidistoria.org\/wp-content\/uploads\/2022\/08\/15.-San-Raffaele-Arcangelo-1536x2048.jpg 1536w, https:\/\/fattidistoria.org\/wp-content\/uploads\/2022\/08\/15.-San-Raffaele-Arcangelo-1230x1640.jpg 1230w, https:\/\/fattidistoria.org\/wp-content\/uploads\/2022\/08\/15.-San-Raffaele-Arcangelo-scaled.jpg 1920w\" sizes=\"auto, (max-width: 316px) 100vw, 316px\" \/><\/a><figcaption>San Raffaele Arcangelo<\/figcaption><\/figure>\n<\/div>\n\n<div class=\"wp-block-image\">\n<figure class=\"alignright size-large is-resized\"><a href=\"https:\/\/fattidistoria.org\/wp-content\/uploads\/2022\/08\/16.-San-Raffaele-Arcangelo-particolare-scaled.jpg\"><img loading=\"lazy\" decoding=\"async\" src=\"https:\/\/fattidistoria.org\/wp-content\/uploads\/2022\/08\/16.-San-Raffaele-Arcangelo-particolare-768x1024.jpg\" alt=\"\" class=\"wp-image-1261\" width=\"316\" height=\"421\" srcset=\"https:\/\/fattidistoria.org\/wp-content\/uploads\/2022\/08\/16.-San-Raffaele-Arcangelo-particolare-768x1024.jpg 768w, https:\/\/fattidistoria.org\/wp-content\/uploads\/2022\/08\/16.-San-Raffaele-Arcangelo-particolare-225x300.jpg 225w, https:\/\/fattidistoria.org\/wp-content\/uploads\/2022\/08\/16.-San-Raffaele-Arcangelo-particolare-1152x1536.jpg 1152w, https:\/\/fattidistoria.org\/wp-content\/uploads\/2022\/08\/16.-San-Raffaele-Arcangelo-particolare-1536x2048.jpg 1536w, https:\/\/fattidistoria.org\/wp-content\/uploads\/2022\/08\/16.-San-Raffaele-Arcangelo-particolare-1230x1640.jpg 1230w, https:\/\/fattidistoria.org\/wp-content\/uploads\/2022\/08\/16.-San-Raffaele-Arcangelo-particolare-scaled.jpg 1920w\" sizes=\"auto, (max-width: 316px) 100vw, 316px\" \/><\/a><figcaption>San Raffaele Arcangelo (particolare)<\/figcaption><\/figure>\n<\/div>\n\n\n<p><\/p>\n\n\n\n<p><\/p>\n\n\n\n<p><\/p>\n\n\n\n<p><\/p>\n\n\n<div class=\"wp-block-image\">\n<figure class=\"alignleft size-large is-resized\"><a href=\"https:\/\/fattidistoria.org\/wp-content\/uploads\/2022\/08\/17.-San-Cataldo-scaled.jpg\"><img loading=\"lazy\" decoding=\"async\" src=\"https:\/\/fattidistoria.org\/wp-content\/uploads\/2022\/08\/17.-San-Cataldo-768x1024.jpg\" alt=\"\" class=\"wp-image-1262\" width=\"314\" height=\"419\" srcset=\"https:\/\/fattidistoria.org\/wp-content\/uploads\/2022\/08\/17.-San-Cataldo-768x1024.jpg 768w, https:\/\/fattidistoria.org\/wp-content\/uploads\/2022\/08\/17.-San-Cataldo-225x300.jpg 225w, https:\/\/fattidistoria.org\/wp-content\/uploads\/2022\/08\/17.-San-Cataldo-1152x1536.jpg 1152w, https:\/\/fattidistoria.org\/wp-content\/uploads\/2022\/08\/17.-San-Cataldo-1536x2048.jpg 1536w, https:\/\/fattidistoria.org\/wp-content\/uploads\/2022\/08\/17.-San-Cataldo-1230x1640.jpg 1230w, https:\/\/fattidistoria.org\/wp-content\/uploads\/2022\/08\/17.-San-Cataldo-scaled.jpg 1920w\" sizes=\"auto, (max-width: 314px) 100vw, 314px\" \/><\/a><figcaption>San Cataldo<\/figcaption><\/figure>\n<\/div>\n\n<div class=\"wp-block-image\">\n<figure class=\"alignright size-large is-resized\"><a href=\"https:\/\/fattidistoria.org\/wp-content\/uploads\/2022\/08\/18.-San-Cataldo-particolare-scaled.jpg\"><img loading=\"lazy\" decoding=\"async\" src=\"https:\/\/fattidistoria.org\/wp-content\/uploads\/2022\/08\/18.-San-Cataldo-particolare-768x1024.jpg\" alt=\"\" class=\"wp-image-1263\" width=\"306\" height=\"407\" srcset=\"https:\/\/fattidistoria.org\/wp-content\/uploads\/2022\/08\/18.-San-Cataldo-particolare-768x1024.jpg 768w, https:\/\/fattidistoria.org\/wp-content\/uploads\/2022\/08\/18.-San-Cataldo-particolare-225x300.jpg 225w, https:\/\/fattidistoria.org\/wp-content\/uploads\/2022\/08\/18.-San-Cataldo-particolare-1152x1536.jpg 1152w, https:\/\/fattidistoria.org\/wp-content\/uploads\/2022\/08\/18.-San-Cataldo-particolare-1536x2048.jpg 1536w, https:\/\/fattidistoria.org\/wp-content\/uploads\/2022\/08\/18.-San-Cataldo-particolare-1230x1640.jpg 1230w, https:\/\/fattidistoria.org\/wp-content\/uploads\/2022\/08\/18.-San-Cataldo-particolare-scaled.jpg 1920w\" sizes=\"auto, (max-width: 306px) 100vw, 306px\" \/><\/a><figcaption>San Cataldo (particolare)<\/figcaption><\/figure>\n<\/div>\n\n\n<p><\/p>\n\n\n\n<p><\/p>\n\n\n\n<p><\/p>\n\n\n\n<p><\/p>\n\n\n\n<p><\/p>\n\n\n\n<p><\/p>\n\n\n\n<p><\/p>\n\n\n\n<p><\/p>\n\n\n\n<p><\/p>\n\n\n\n<p class=\"has-black-color has-text-color\" style=\"font-size:22px\">Non sapremmo ricostruire la storia di ognuna delle statue in processione il 27 luglio, n\u00e9 quella del culto del relativo santo, n\u00e9 delle vicende legate alla sua presenza nel corteo sacro capaci di raccontarci l\u2019avvicendarsi nei decenni di portatori, responsabili, montatori e delle loro ansie e preoccupazioni per essere pronti ad \u201cuscire\u201d il 26 o il 27 di quel mese. Avremmo difficolt\u00e0 anche a ricostruire la composizione dello stesso corteo e il suo variare nel tempo. Sappiamo, ad esempio, che agli inizi del Novecento le statue erano pi\u00f9 numerose, circa 27, ma non c\u2019\u00e8 memoria del loro elenco, anche se presumibilmente molte dovevano essere le stesse di oggi (lo stesso santo ma, in alcuni casi, una statua differente, come, ad esempio, per San Biagio, San Nicola, forse Sant\u2019Emidio). La forza di molti culti si \u00e8 attenuata, altri sono scomparsi del tutto; cos\u00ec come con il tempo si sono estinte famiglie e sono venuti meno appassionati che si occupavano di questo o quell\u2019altro \u201csanto\u201d. Ma la tradizione ha conservato l\u2019effigie e la consuetudine di portarlo in processione, quasi a segnalare che in ciascuna di esse \u00e8 racchiusa una storia da riscoprire, una memoria da far rivivere. In qualche caso, il fascino di una statua sta tutto in quella memoria perduta, la sua ostinata presenza nell\u2019odierna processione \u00e8 solo in apparenza muta perch\u00e9 rimanda a una storia di generazioni passate, di antichi fedeli, di sacerdoti, canonici o notabili devoti al suo culto e che a stento riusciamo a salvare dall\u2019oblio o irrimediabilmente perduti. D\u2019altronde, il passato \u00e8 un puzzle del quale mancano molti pezzi e anche nel nostro caso dobbiamo arrenderci al mistero di questa mancanza. Se fossimo in grado di fare la storia di ogni statua (e, ancora pi\u00f9 interessante, dell\u2019intera processione cos\u00ec come la conosciamo oggi), col relativo culto e tutto ci\u00f2 che ne discende, faremmo l\u2019intera storia di Vallo, nei suoi aspetti religiosi e civili, sociali e cetuali, arrivando anche ai particolari pi\u00f9 dettagliati inattingibili da altre prospettive.<\/p>\n\n\n<div class=\"wp-block-image\">\n<figure class=\"alignleft size-large is-resized\"><a href=\"https:\/\/fattidistoria.org\/wp-content\/uploads\/2022\/08\/19.-San-Vincenzo-Ferrer-e-le-sue-ali-di-Angelo-dellApocalisse-scaled.jpg\"><img loading=\"lazy\" decoding=\"async\" src=\"https:\/\/fattidistoria.org\/wp-content\/uploads\/2022\/08\/19.-San-Vincenzo-Ferrer-e-le-sue-ali-di-Angelo-dellApocalisse-1024x768.jpg\" alt=\"\" class=\"wp-image-1264\" width=\"383\" height=\"286\" srcset=\"https:\/\/fattidistoria.org\/wp-content\/uploads\/2022\/08\/19.-San-Vincenzo-Ferrer-e-le-sue-ali-di-Angelo-dellApocalisse-1024x768.jpg 1024w, https:\/\/fattidistoria.org\/wp-content\/uploads\/2022\/08\/19.-San-Vincenzo-Ferrer-e-le-sue-ali-di-Angelo-dellApocalisse-300x225.jpg 300w, https:\/\/fattidistoria.org\/wp-content\/uploads\/2022\/08\/19.-San-Vincenzo-Ferrer-e-le-sue-ali-di-Angelo-dellApocalisse-768x576.jpg 768w, https:\/\/fattidistoria.org\/wp-content\/uploads\/2022\/08\/19.-San-Vincenzo-Ferrer-e-le-sue-ali-di-Angelo-dellApocalisse-1536x1152.jpg 1536w, https:\/\/fattidistoria.org\/wp-content\/uploads\/2022\/08\/19.-San-Vincenzo-Ferrer-e-le-sue-ali-di-Angelo-dellApocalisse-2048x1536.jpg 2048w, https:\/\/fattidistoria.org\/wp-content\/uploads\/2022\/08\/19.-San-Vincenzo-Ferrer-e-le-sue-ali-di-Angelo-dellApocalisse-1230x923.jpg 1230w, https:\/\/fattidistoria.org\/wp-content\/uploads\/2022\/08\/19.-San-Vincenzo-Ferrer-e-le-sue-ali-di-Angelo-dellApocalisse-480x360.jpg 480w\" sizes=\"auto, (max-width: 383px) 100vw, 383px\" \/><\/a><figcaption>San Vincenzo Ferrer e le sue ali d&#8217;Angelo dell&#8217;Apocalisse<\/figcaption><\/figure>\n<\/div>\n\n<div class=\"wp-block-image\">\n<figure class=\"alignright size-large is-resized\"><a href=\"https:\/\/fattidistoria.org\/wp-content\/uploads\/2022\/08\/20.-San-Vincenzo-Ferrer-particolare-del-viso-con-la-fiamma-dello-Spirito-Santo-scaled.jpg\"><img loading=\"lazy\" decoding=\"async\" src=\"https:\/\/fattidistoria.org\/wp-content\/uploads\/2022\/08\/20.-San-Vincenzo-Ferrer-particolare-del-viso-con-la-fiamma-dello-Spirito-Santo-768x1024.jpg\" alt=\"\" class=\"wp-image-1265\" width=\"261\" height=\"348\" srcset=\"https:\/\/fattidistoria.org\/wp-content\/uploads\/2022\/08\/20.-San-Vincenzo-Ferrer-particolare-del-viso-con-la-fiamma-dello-Spirito-Santo-768x1024.jpg 768w, https:\/\/fattidistoria.org\/wp-content\/uploads\/2022\/08\/20.-San-Vincenzo-Ferrer-particolare-del-viso-con-la-fiamma-dello-Spirito-Santo-225x300.jpg 225w, https:\/\/fattidistoria.org\/wp-content\/uploads\/2022\/08\/20.-San-Vincenzo-Ferrer-particolare-del-viso-con-la-fiamma-dello-Spirito-Santo-1152x1536.jpg 1152w, https:\/\/fattidistoria.org\/wp-content\/uploads\/2022\/08\/20.-San-Vincenzo-Ferrer-particolare-del-viso-con-la-fiamma-dello-Spirito-Santo-1536x2048.jpg 1536w, https:\/\/fattidistoria.org\/wp-content\/uploads\/2022\/08\/20.-San-Vincenzo-Ferrer-particolare-del-viso-con-la-fiamma-dello-Spirito-Santo-1230x1640.jpg 1230w, https:\/\/fattidistoria.org\/wp-content\/uploads\/2022\/08\/20.-San-Vincenzo-Ferrer-particolare-del-viso-con-la-fiamma-dello-Spirito-Santo-scaled.jpg 1920w\" sizes=\"auto, (max-width: 261px) 100vw, 261px\" \/><\/a><figcaption>San Vincenzo Ferrer (particolare del viso con la fiamma dello Spirito Santo)<\/figcaption><\/figure>\n<\/div>\n\n\n<p><\/p>\n\n\n<div class=\"wp-block-image\">\n<figure class=\"aligncenter size-large is-resized\"><a href=\"https:\/\/fattidistoria.org\/wp-content\/uploads\/2022\/08\/21-San-Vincenzo-Ferrer-particolare-del-libro-con-linvito-a-temere-Dio-scaled.jpg\"><img loading=\"lazy\" decoding=\"async\" src=\"https:\/\/fattidistoria.org\/wp-content\/uploads\/2022\/08\/21-San-Vincenzo-Ferrer-particolare-del-libro-con-linvito-a-temere-Dio-1024x768.jpg\" alt=\"\" class=\"wp-image-1266\" width=\"366\" height=\"275\" srcset=\"https:\/\/fattidistoria.org\/wp-content\/uploads\/2022\/08\/21-San-Vincenzo-Ferrer-particolare-del-libro-con-linvito-a-temere-Dio-1024x768.jpg 1024w, https:\/\/fattidistoria.org\/wp-content\/uploads\/2022\/08\/21-San-Vincenzo-Ferrer-particolare-del-libro-con-linvito-a-temere-Dio-300x225.jpg 300w, https:\/\/fattidistoria.org\/wp-content\/uploads\/2022\/08\/21-San-Vincenzo-Ferrer-particolare-del-libro-con-linvito-a-temere-Dio-768x576.jpg 768w, https:\/\/fattidistoria.org\/wp-content\/uploads\/2022\/08\/21-San-Vincenzo-Ferrer-particolare-del-libro-con-linvito-a-temere-Dio-1536x1152.jpg 1536w, https:\/\/fattidistoria.org\/wp-content\/uploads\/2022\/08\/21-San-Vincenzo-Ferrer-particolare-del-libro-con-linvito-a-temere-Dio-2048x1536.jpg 2048w, https:\/\/fattidistoria.org\/wp-content\/uploads\/2022\/08\/21-San-Vincenzo-Ferrer-particolare-del-libro-con-linvito-a-temere-Dio-1230x923.jpg 1230w, https:\/\/fattidistoria.org\/wp-content\/uploads\/2022\/08\/21-San-Vincenzo-Ferrer-particolare-del-libro-con-linvito-a-temere-Dio-480x360.jpg 480w\" sizes=\"auto, (max-width: 366px) 100vw, 366px\" \/><\/a><figcaption>San Vincenzo Ferrer (particolare del libro con l&#8217;invito a temere Dio)<\/figcaption><\/figure>\n<\/div>\n\n<div class=\"wp-block-image\">\n<figure class=\"alignleft size-large is-resized\"><a href=\"https:\/\/fattidistoria.org\/wp-content\/uploads\/2022\/08\/22.-San-Nicola-di-Mira-scaled.jpg\"><img loading=\"lazy\" decoding=\"async\" src=\"https:\/\/fattidistoria.org\/wp-content\/uploads\/2022\/08\/22.-San-Nicola-di-Mira-768x1024.jpg\" alt=\"\" class=\"wp-image-1267\" width=\"295\" height=\"393\" srcset=\"https:\/\/fattidistoria.org\/wp-content\/uploads\/2022\/08\/22.-San-Nicola-di-Mira-768x1024.jpg 768w, https:\/\/fattidistoria.org\/wp-content\/uploads\/2022\/08\/22.-San-Nicola-di-Mira-225x300.jpg 225w, https:\/\/fattidistoria.org\/wp-content\/uploads\/2022\/08\/22.-San-Nicola-di-Mira-1152x1536.jpg 1152w, https:\/\/fattidistoria.org\/wp-content\/uploads\/2022\/08\/22.-San-Nicola-di-Mira-1536x2048.jpg 1536w, https:\/\/fattidistoria.org\/wp-content\/uploads\/2022\/08\/22.-San-Nicola-di-Mira-1230x1640.jpg 1230w, https:\/\/fattidistoria.org\/wp-content\/uploads\/2022\/08\/22.-San-Nicola-di-Mira-scaled.jpg 1920w\" sizes=\"auto, (max-width: 295px) 100vw, 295px\" \/><\/a><figcaption>San Nicola di Mira<\/figcaption><\/figure>\n<\/div>\n\n<div class=\"wp-block-image\">\n<figure class=\"alignright size-large is-resized\"><a href=\"https:\/\/fattidistoria.org\/wp-content\/uploads\/2022\/08\/23.-San-Nicola-di-Mira-particolare-scaled.jpg\"><img loading=\"lazy\" decoding=\"async\" src=\"https:\/\/fattidistoria.org\/wp-content\/uploads\/2022\/08\/23.-San-Nicola-di-Mira-particolare-1024x768.jpg\" alt=\"\" class=\"wp-image-1268\" width=\"357\" height=\"269\" srcset=\"https:\/\/fattidistoria.org\/wp-content\/uploads\/2022\/08\/23.-San-Nicola-di-Mira-particolare-1024x768.jpg 1024w, https:\/\/fattidistoria.org\/wp-content\/uploads\/2022\/08\/23.-San-Nicola-di-Mira-particolare-300x225.jpg 300w, https:\/\/fattidistoria.org\/wp-content\/uploads\/2022\/08\/23.-San-Nicola-di-Mira-particolare-768x576.jpg 768w, https:\/\/fattidistoria.org\/wp-content\/uploads\/2022\/08\/23.-San-Nicola-di-Mira-particolare-1536x1152.jpg 1536w, https:\/\/fattidistoria.org\/wp-content\/uploads\/2022\/08\/23.-San-Nicola-di-Mira-particolare-2048x1536.jpg 2048w, https:\/\/fattidistoria.org\/wp-content\/uploads\/2022\/08\/23.-San-Nicola-di-Mira-particolare-1230x923.jpg 1230w, https:\/\/fattidistoria.org\/wp-content\/uploads\/2022\/08\/23.-San-Nicola-di-Mira-particolare-480x360.jpg 480w\" sizes=\"auto, (max-width: 357px) 100vw, 357px\" \/><\/a><figcaption>San Nicola di Mira (particolare)<\/figcaption><\/figure>\n<\/div>\n\n\n<p><\/p>\n\n\n\n<p><\/p>\n\n\n\n<p><\/p>\n\n\n\n<p><\/p>\n\n\n\n<p><\/p>\n\n\n\n<p><\/p>\n\n\n<div class=\"wp-block-image\">\n<figure class=\"alignright size-large is-resized\"><a href=\"https:\/\/fattidistoria.org\/wp-content\/uploads\/2022\/08\/24.-Santa-Teresa-di-Lisieux-preparazione-della-statua-scaled.jpg\"><img loading=\"lazy\" decoding=\"async\" src=\"https:\/\/fattidistoria.org\/wp-content\/uploads\/2022\/08\/24.-Santa-Teresa-di-Lisieux-preparazione-della-statua-768x1024.jpg\" alt=\"\" class=\"wp-image-1269\" width=\"321\" height=\"427\" srcset=\"https:\/\/fattidistoria.org\/wp-content\/uploads\/2022\/08\/24.-Santa-Teresa-di-Lisieux-preparazione-della-statua-768x1024.jpg 768w, https:\/\/fattidistoria.org\/wp-content\/uploads\/2022\/08\/24.-Santa-Teresa-di-Lisieux-preparazione-della-statua-225x300.jpg 225w, https:\/\/fattidistoria.org\/wp-content\/uploads\/2022\/08\/24.-Santa-Teresa-di-Lisieux-preparazione-della-statua-1152x1536.jpg 1152w, https:\/\/fattidistoria.org\/wp-content\/uploads\/2022\/08\/24.-Santa-Teresa-di-Lisieux-preparazione-della-statua-1536x2048.jpg 1536w, https:\/\/fattidistoria.org\/wp-content\/uploads\/2022\/08\/24.-Santa-Teresa-di-Lisieux-preparazione-della-statua-1230x1640.jpg 1230w, https:\/\/fattidistoria.org\/wp-content\/uploads\/2022\/08\/24.-Santa-Teresa-di-Lisieux-preparazione-della-statua-scaled.jpg 1920w\" sizes=\"auto, (max-width: 321px) 100vw, 321px\" \/><\/a><figcaption>Santa Teresa di Lisieux (preparazione della statua)<\/figcaption><\/figure>\n<\/div>\n\n<div class=\"wp-block-image\">\n<figure class=\"alignleft size-large is-resized\"><a href=\"https:\/\/fattidistoria.org\/wp-content\/uploads\/2022\/08\/25.-SantEspedito-preparazione-della-statua-scaled.jpg\"><img loading=\"lazy\" decoding=\"async\" src=\"https:\/\/fattidistoria.org\/wp-content\/uploads\/2022\/08\/25.-SantEspedito-preparazione-della-statua-768x1024.jpg\" alt=\"\" class=\"wp-image-1270\" width=\"313\" height=\"417\" srcset=\"https:\/\/fattidistoria.org\/wp-content\/uploads\/2022\/08\/25.-SantEspedito-preparazione-della-statua-768x1024.jpg 768w, https:\/\/fattidistoria.org\/wp-content\/uploads\/2022\/08\/25.-SantEspedito-preparazione-della-statua-225x300.jpg 225w, https:\/\/fattidistoria.org\/wp-content\/uploads\/2022\/08\/25.-SantEspedito-preparazione-della-statua-1152x1536.jpg 1152w, https:\/\/fattidistoria.org\/wp-content\/uploads\/2022\/08\/25.-SantEspedito-preparazione-della-statua-1536x2048.jpg 1536w, https:\/\/fattidistoria.org\/wp-content\/uploads\/2022\/08\/25.-SantEspedito-preparazione-della-statua-1230x1640.jpg 1230w, https:\/\/fattidistoria.org\/wp-content\/uploads\/2022\/08\/25.-SantEspedito-preparazione-della-statua-scaled.jpg 1920w\" sizes=\"auto, (max-width: 313px) 100vw, 313px\" \/><\/a><figcaption>Sant&#8217;Espedito (preparazione della statua)<\/figcaption><\/figure>\n<\/div>\n\n\n<p><\/p>\n\n\n\n<p><\/p>\n\n\n\n<p><\/p>\n\n\n\n<p><\/p>\n\n\n\n<p><\/p>\n\n\n\n<p><\/p>\n\n\n\n<p><\/p>\n\n\n\n<p class=\"has-white-color has-text-color\">spazio<\/p>\n\n\n\n<p class=\"has-black-color has-text-color\" style=\"font-size:22px\">     <\/p>\n\n\n\n<p><\/p>\n\n\n\n<p><\/p>\n\n\n\n<p><\/p>\n\n\n\n<p><\/p>\n\n\n\n<p class=\"has-black-color has-text-color\" style=\"font-size:22px\">  Ma freniamo le nostre divagazioni storico-cultuali, che rischiano di sfociare nel mitico e in una ricostruzione tutta o quasi posticcia della tradizione cui spesso si indulge in mancanza di documenti e dati certi, per tornare all\u2019odierna processione e al dipanarsi in essa di quegli \u201ceroi della fede\u201d secondo un ordine che sembra prefigurare quello paradisiaco. Ordine di cui lo spettatore partecipe o soltanto curioso dovrebbe tener conto per vivere l\u2019evento non come una semplice sfilata di immagini silenziose, magari coreografica che lascia, per\u00f2, il tempo che trova; ma per quello che \u00e8 oltre le apparenze: una vera esperienza di fede. Il corteo che precede il Patrono inizia con una santa monaca e si chiude con due dei tre arcangeli della tradizione biblica, quasi a dire che si va dall\u2019umano al divino, dalla giovane e fresca fragilit\u00e0 di <strong>Santa Teresa di Lisieux<\/strong> alla potenza e alla perfezione angelica del <strong>guerriero Michele<\/strong> e del <strong>guaritore Raffaele<\/strong>. Diciamo subito che si inizia con quello che, a voler essere precisi e a giocare a fare un po\u2019 i teologi della domenica, appare un errore. Da tempo, la carmelitana francese apre il gruppo dei santi, credo per una sorta di omaggio al gentil sesso \u2013 meglio sarebbe dire alla santit\u00e0 femminile \u2013, essendo l\u2019unica donna in processione, quasi una quota rosa <em>ante litteram<\/em>. Ma lo stare avanti in processione \u00e8 segno di minore non maggiore importanza, dunque l\u2019omaggio si trasforma \u2013 secondo la logica gerarchica che presiede quest\u2019ordine \u2013 in una <em>diminutio<\/em>. In realt\u00e0, \u201cS. Teresina\u201d \u2013 piuttosto che fare categoria a s\u00e9 come \u201cdonna santa\u201d o, pi\u00f9 correttamente, come \u201cvergine\u201d \u2013 dovrebbe collocarsi molto pi\u00f9 indietro nel corteo \u2013 e quindi molto pi\u00f9 in alto nella gerarchia \u2013 da quando, nel 1997, \u00e8 stata proclamata \u201cDottore della Chiesa\u201d (tra le poche donne con tale titolo, le altre sono Caterina da Siena, Teresa d\u2019Avila e, pi\u00f9 di recente, Ildegarda di Bingen). Il suo posto sarebbe all\u2019incirca tra Sant\u2019Alfonso e Sant\u2019Agostino o nei pressi di Sant\u2019Antonio da Padova, anch\u2019egli \u201cDottore\u201d ma sacerdote e non vescovo come i primi due. La nostra tradizione le assegna per\u00f2 quel posto e quel compito di apertura del catalogo della santit\u00e0, e in un certo senso di esemplare introduzione ad essa, e farebbe strano vederla altrove, ricollocandola secondo la logica indicata. D\u2019altronde, quella statua sta l\u00ec \u2013 credo \u2013 da quel lontano 1926, quando l\u2019allora cappellano della chiesa di S. Caterina, can. Emilio Passaro, devoto della santa canonizzata appena un anno prima, ne fece riprodurre l\u2019immagine.<\/p>\n\n\n<div class=\"wp-block-image\">\n<figure class=\"alignleft size-large is-resized\"><a href=\"https:\/\/fattidistoria.org\/wp-content\/uploads\/2022\/08\/26.-Santa-Teresa-inizio-processione.jpg\"><img loading=\"lazy\" decoding=\"async\" src=\"https:\/\/fattidistoria.org\/wp-content\/uploads\/2022\/08\/26.-Santa-Teresa-inizio-processione-1024x978.jpg\" alt=\"\" class=\"wp-image-1277\" width=\"316\" height=\"301\" srcset=\"https:\/\/fattidistoria.org\/wp-content\/uploads\/2022\/08\/26.-Santa-Teresa-inizio-processione-1024x978.jpg 1024w, https:\/\/fattidistoria.org\/wp-content\/uploads\/2022\/08\/26.-Santa-Teresa-inizio-processione-300x287.jpg 300w, https:\/\/fattidistoria.org\/wp-content\/uploads\/2022\/08\/26.-Santa-Teresa-inizio-processione-768x734.jpg 768w, https:\/\/fattidistoria.org\/wp-content\/uploads\/2022\/08\/26.-Santa-Teresa-inizio-processione.jpg 1080w\" sizes=\"auto, (max-width: 316px) 100vw, 316px\" \/><\/a><figcaption> Santa Teresa (inizio processione)<\/figcaption><\/figure>\n<\/div>\n\n<div class=\"wp-block-image\">\n<figure class=\"alignright size-large is-resized\"><a href=\"https:\/\/fattidistoria.org\/wp-content\/uploads\/2022\/08\/27.-Santa-Teresa-in-piazza.jpg\"><img loading=\"lazy\" decoding=\"async\" src=\"https:\/\/fattidistoria.org\/wp-content\/uploads\/2022\/08\/27.-Santa-Teresa-in-piazza-1024x982.jpg\" alt=\"\" class=\"wp-image-1278\" width=\"318\" height=\"305\" srcset=\"https:\/\/fattidistoria.org\/wp-content\/uploads\/2022\/08\/27.-Santa-Teresa-in-piazza-1024x982.jpg 1024w, https:\/\/fattidistoria.org\/wp-content\/uploads\/2022\/08\/27.-Santa-Teresa-in-piazza-300x288.jpg 300w, https:\/\/fattidistoria.org\/wp-content\/uploads\/2022\/08\/27.-Santa-Teresa-in-piazza-768x736.jpg 768w, https:\/\/fattidistoria.org\/wp-content\/uploads\/2022\/08\/27.-Santa-Teresa-in-piazza.jpg 1068w\" sizes=\"auto, (max-width: 318px) 100vw, 318px\" \/><\/a><figcaption> Santa Teresa (in piazza)<\/figcaption><\/figure>\n<\/div>\n\n<div class=\"wp-block-image\">\n<figure class=\"aligncenter size-large is-resized\"><a href=\"https:\/\/fattidistoria.org\/wp-content\/uploads\/2022\/08\/28.-Santa-Teresa-dopo-la-fermata-al-rione-Spio.jpg\"><img loading=\"lazy\" decoding=\"async\" src=\"https:\/\/fattidistoria.org\/wp-content\/uploads\/2022\/08\/28.-Santa-Teresa-dopo-la-fermata-al-rione-Spio-1024x993.jpg\" alt=\"\" class=\"wp-image-1279\" width=\"308\" height=\"298\" srcset=\"https:\/\/fattidistoria.org\/wp-content\/uploads\/2022\/08\/28.-Santa-Teresa-dopo-la-fermata-al-rione-Spio-1024x993.jpg 1024w, https:\/\/fattidistoria.org\/wp-content\/uploads\/2022\/08\/28.-Santa-Teresa-dopo-la-fermata-al-rione-Spio-300x291.jpg 300w, https:\/\/fattidistoria.org\/wp-content\/uploads\/2022\/08\/28.-Santa-Teresa-dopo-la-fermata-al-rione-Spio-768x745.jpg 768w, https:\/\/fattidistoria.org\/wp-content\/uploads\/2022\/08\/28.-Santa-Teresa-dopo-la-fermata-al-rione-Spio.jpg 1064w\" sizes=\"auto, (max-width: 308px) 100vw, 308px\" \/><\/a><figcaption>Santa Teresa (dopo la fermata al rione Spio)<\/figcaption><\/figure>\n<\/div>\n\n\n<p class=\"has-black-color has-text-color\" style=\"font-size:22px\">Alle suore seguono i monaci e i sacerdoti, e allora ecco il \u201cpiccolo\u201d <strong>Luigi Gonzaga <\/strong>e il \u201cgrande\u201d <strong>Vincenzo Ferrer<\/strong>. Le dimensioni, naturalmente, sono solo delle statue che li raffigurano, l\u2019uno, come giovane chierico gesuita imberbe e in contemplazione del Crocifisso, l\u2019altro, come \u201cangelo dell\u2019Apocalisse\u201d dotato di ali (tanto reali nella rappresentazione quanto metaforiche nelle intenzioni) e con la fiamma dello Spirito Santo sul capo, mentre con una mano regge un libro aperto su una pagina che invita a temere e onorare Dio in attesa del Giudizio. Un gesuita e un domenicano il cui culto a Vallo, un tempo, era molto vivo. Probabilmente, quest\u2019ultimo risale ai secoli in cui operarono in paese i frati predicatori. Se non ricordo male, entrambe le statue, fino a qualche tempo fa, erano custodite nella chiesa del CID (Centro Incontro Dialogo, qualcuno lo ricorder\u00e0\u2026), che aveva sostituito la ottocentesca cappella del Rosario, purtroppo abbattuta negli anni \u201970 dello scorso secolo.<\/p>\n\n\n<div class=\"wp-block-image\">\n<figure class=\"alignleft size-large is-resized\"><a href=\"https:\/\/fattidistoria.org\/wp-content\/uploads\/2022\/08\/29.-San-Luigi-inizio-processione.jpg\"><img loading=\"lazy\" decoding=\"async\" src=\"https:\/\/fattidistoria.org\/wp-content\/uploads\/2022\/08\/29.-San-Luigi-inizio-processione-1024x841.jpg\" alt=\"\" class=\"wp-image-1280\" width=\"361\" height=\"295\" srcset=\"https:\/\/fattidistoria.org\/wp-content\/uploads\/2022\/08\/29.-San-Luigi-inizio-processione-1024x841.jpg 1024w, https:\/\/fattidistoria.org\/wp-content\/uploads\/2022\/08\/29.-San-Luigi-inizio-processione-300x246.jpg 300w, https:\/\/fattidistoria.org\/wp-content\/uploads\/2022\/08\/29.-San-Luigi-inizio-processione-768x630.jpg 768w, https:\/\/fattidistoria.org\/wp-content\/uploads\/2022\/08\/29.-San-Luigi-inizio-processione.jpg 1072w\" sizes=\"auto, (max-width: 361px) 100vw, 361px\" \/><\/a><figcaption>San Luigi (inizio processione)<\/figcaption><\/figure>\n<\/div>\n\n<div class=\"wp-block-image\">\n<figure class=\"alignright size-large is-resized\"><a href=\"https:\/\/fattidistoria.org\/wp-content\/uploads\/2022\/08\/30.-San-Vincenzo-inizio-processione.jpg\"><img loading=\"lazy\" decoding=\"async\" src=\"https:\/\/fattidistoria.org\/wp-content\/uploads\/2022\/08\/30.-San-Vincenzo-inizio-processione-990x1024.jpg\" alt=\"\" class=\"wp-image-1281\" width=\"290\" height=\"298\"\/><\/a><figcaption>San Vincenzo (inizio processione)<\/figcaption><\/figure>\n<\/div>\n\n<div class=\"wp-block-image\">\n<figure class=\"alignleft size-large is-resized\"><img loading=\"lazy\" decoding=\"async\" src=\"https:\/\/fattidistoria.org\/wp-content\/uploads\/2022\/08\/31.-San-Luigi-e-San-Vincenzo-durante-il-tragitto-783x1024.jpg\" alt=\"\" class=\"wp-image-1282\" width=\"342\" height=\"448\" srcset=\"https:\/\/fattidistoria.org\/wp-content\/uploads\/2022\/08\/31.-San-Luigi-e-San-Vincenzo-durante-il-tragitto-783x1024.jpg 783w, https:\/\/fattidistoria.org\/wp-content\/uploads\/2022\/08\/31.-San-Luigi-e-San-Vincenzo-durante-il-tragitto-229x300.jpg 229w, https:\/\/fattidistoria.org\/wp-content\/uploads\/2022\/08\/31.-San-Luigi-e-San-Vincenzo-durante-il-tragitto-768x1005.jpg 768w, https:\/\/fattidistoria.org\/wp-content\/uploads\/2022\/08\/31.-San-Luigi-e-San-Vincenzo-durante-il-tragitto.jpg 1076w\" sizes=\"auto, (max-width: 342px) 100vw, 342px\" \/><figcaption>San Luigi e San Vincenzo (Durante il percorso)<\/figcaption><\/figure>\n<\/div>\n\n<div class=\"wp-block-image\">\n<figure class=\"alignright size-large is-resized\"><a href=\"https:\/\/fattidistoria.org\/wp-content\/uploads\/2022\/08\/32.-San-Vincenzo-in-piazza.jpg\"><img loading=\"lazy\" decoding=\"async\" src=\"https:\/\/fattidistoria.org\/wp-content\/uploads\/2022\/08\/32.-San-Vincenzo-in-piazza-689x1024.jpg\" alt=\"\" class=\"wp-image-1283\" width=\"296\" height=\"440\" srcset=\"https:\/\/fattidistoria.org\/wp-content\/uploads\/2022\/08\/32.-San-Vincenzo-in-piazza-689x1024.jpg 689w, https:\/\/fattidistoria.org\/wp-content\/uploads\/2022\/08\/32.-San-Vincenzo-in-piazza-202x300.jpg 202w, https:\/\/fattidistoria.org\/wp-content\/uploads\/2022\/08\/32.-San-Vincenzo-in-piazza-768x1141.jpg 768w, https:\/\/fattidistoria.org\/wp-content\/uploads\/2022\/08\/32.-San-Vincenzo-in-piazza.jpg 824w\" sizes=\"auto, (max-width: 296px) 100vw, 296px\" \/><\/a><figcaption>San Vincenzo (in piazza)<\/figcaption><\/figure>\n<\/div>\n\n\n<p><\/p>\n\n\n\n<p><\/p>\n\n\n\n<p><\/p>\n\n\n\n<p><\/p>\n\n\n\n<p><\/p>\n\n\n\n<p><\/p>\n\n\n\n<p><\/p>\n\n\n\n<p class=\"has-black-color has-text-color\" style=\"font-size:22px\">Ma sono monaci anche <strong>Sant\u2019Aniello<\/strong> e <strong>Sant\u2019Antonio<\/strong> (che popolarmente chiamiamo \u201cS. Antuono\u201d), entrambi abati e che, per questo, formano un\u2019altra categoria nel nostro corteo mobile del 27 luglio, quella, appunto, dei \u201cmonaci abati\u201d. La statua del primo, il cui nome in realt\u00e0 sarebbe \u201cAgnello\u201d, \u00e8 custodita in una delle nicchie di destra della navata della cattedrale e il suo culto probabilmente deriva da quello antico e molto rinomato presente a Rodio, nel comune di Pisciotta. Un tempo, per la festa di agosto, ci si recava a piedi in questo paese \u2013 anche da Vallo \u2013 per parteciparvi, tanto era il rilievo che si dava a tale culto. Quanto all\u2019Abate Antonio, questi \u00e8 il fondatore del monachesimo ascetico orientale e il suo culto \u00e8 certamente stato portato dai monaci bizantini, come quello di San Nicola col quale la statua condivide il luogo di custodia; quindi \u00e8 antichissimo, la sua festa a met\u00e0 gennaio segnava la stagione invernale delle famiglie contadine.<\/p>\n\n\n<div class=\"wp-block-image\">\n<figure class=\"alignleft size-large is-resized\"><a href=\"https:\/\/fattidistoria.org\/wp-content\/uploads\/2022\/08\/33.-SantAniello-inizio-processione.jpg\"><img loading=\"lazy\" decoding=\"async\" src=\"https:\/\/fattidistoria.org\/wp-content\/uploads\/2022\/08\/33.-SantAniello-inizio-processione-1024x997.jpg\" alt=\"\" class=\"wp-image-1284\" width=\"353\" height=\"343\" srcset=\"https:\/\/fattidistoria.org\/wp-content\/uploads\/2022\/08\/33.-SantAniello-inizio-processione-1024x997.jpg 1024w, https:\/\/fattidistoria.org\/wp-content\/uploads\/2022\/08\/33.-SantAniello-inizio-processione-300x292.jpg 300w, https:\/\/fattidistoria.org\/wp-content\/uploads\/2022\/08\/33.-SantAniello-inizio-processione-768x748.jpg 768w, https:\/\/fattidistoria.org\/wp-content\/uploads\/2022\/08\/33.-SantAniello-inizio-processione.jpg 1060w\" sizes=\"auto, (max-width: 353px) 100vw, 353px\" \/><\/a><figcaption>Sant&#8217;Aniello (inizio processione)<\/figcaption><\/figure>\n<\/div>\n\n<div class=\"wp-block-image\">\n<figure class=\"alignright size-large is-resized\"><a href=\"https:\/\/fattidistoria.org\/wp-content\/uploads\/2022\/08\/34.-SantAniello-in-piazza.jpg\"><img loading=\"lazy\" decoding=\"async\" src=\"https:\/\/fattidistoria.org\/wp-content\/uploads\/2022\/08\/34.-SantAniello-in-piazza-655x1024.jpg\" alt=\"\" class=\"wp-image-1285\" width=\"230\" height=\"360\" srcset=\"https:\/\/fattidistoria.org\/wp-content\/uploads\/2022\/08\/34.-SantAniello-in-piazza-655x1024.jpg 655w, https:\/\/fattidistoria.org\/wp-content\/uploads\/2022\/08\/34.-SantAniello-in-piazza-192x300.jpg 192w, https:\/\/fattidistoria.org\/wp-content\/uploads\/2022\/08\/34.-SantAniello-in-piazza-768x1200.jpg 768w, https:\/\/fattidistoria.org\/wp-content\/uploads\/2022\/08\/34.-SantAniello-in-piazza.jpg 796w\" sizes=\"auto, (max-width: 230px) 100vw, 230px\" \/><\/a><figcaption> Sant&#8217;Aniello (in piazza)<\/figcaption><\/figure>\n<\/div>\n\n<div class=\"wp-block-image\">\n<figure class=\"alignleft size-large is-resized\"><a href=\"https:\/\/fattidistoria.org\/wp-content\/uploads\/2022\/08\/35.-SantAntonio-Abate-durente-il-tragitto.jpg\"><img loading=\"lazy\" decoding=\"async\" src=\"https:\/\/fattidistoria.org\/wp-content\/uploads\/2022\/08\/35.-SantAntonio-Abate-durente-il-tragitto-838x1024.jpg\" alt=\"\" class=\"wp-image-1286\" width=\"320\" height=\"392\" srcset=\"https:\/\/fattidistoria.org\/wp-content\/uploads\/2022\/08\/35.-SantAntonio-Abate-durente-il-tragitto-838x1024.jpg 838w, https:\/\/fattidistoria.org\/wp-content\/uploads\/2022\/08\/35.-SantAntonio-Abate-durente-il-tragitto-246x300.jpg 246w, https:\/\/fattidistoria.org\/wp-content\/uploads\/2022\/08\/35.-SantAntonio-Abate-durente-il-tragitto-768x938.jpg 768w, https:\/\/fattidistoria.org\/wp-content\/uploads\/2022\/08\/35.-SantAntonio-Abate-durente-il-tragitto.jpg 1064w\" sizes=\"auto, (max-width: 320px) 100vw, 320px\" \/><\/a><figcaption>Sant&#8217;Antonio Abate (durante il tragitto)<\/figcaption><\/figure>\n<\/div>\n\n<div class=\"wp-block-image\">\n<figure class=\"alignright size-full is-resized\"><a href=\"https:\/\/fattidistoria.org\/wp-content\/uploads\/2022\/08\/36.-SantAntonio-Abate-in-piazza-1.jpg\"><img loading=\"lazy\" decoding=\"async\" src=\"https:\/\/fattidistoria.org\/wp-content\/uploads\/2022\/08\/36.-SantAntonio-Abate-in-piazza-1.jpg\" alt=\"\" class=\"wp-image-1287\" width=\"329\" height=\"382\" srcset=\"https:\/\/fattidistoria.org\/wp-content\/uploads\/2022\/08\/36.-SantAntonio-Abate-in-piazza-1.jpg 820w, https:\/\/fattidistoria.org\/wp-content\/uploads\/2022\/08\/36.-SantAntonio-Abate-in-piazza-1-258x300.jpg 258w, https:\/\/fattidistoria.org\/wp-content\/uploads\/2022\/08\/36.-SantAntonio-Abate-in-piazza-1-768x892.jpg 768w\" sizes=\"auto, (max-width: 329px) 100vw, 329px\" \/><\/a><figcaption>Sant&#8217;Antonio Abate (in piazza)<\/figcaption><\/figure>\n<\/div>\n\n\n<p><\/p>\n\n\n\n<p><\/p>\n\n\n\n<p class=\"has-black-color has-text-color\" style=\"font-size:22px\">Veniamo ora a quattro pesi massimi: i sacerdoti o religiosi fondatori di Ordini. Si tratta di quattro statue a mezzo busto, due delle quali sono tra le pi\u00f9 antiche e di maggior rilievo artistico presenti in processione. Quella di <strong>San Domenico di Guzman<\/strong> risale al Cinquecento ed ha le sue chiare origini nella presenza \u2013 a partire dalla seconda met\u00e0 di quel secolo \u2013 dei Domenicani a Vallo nell\u2019omonimo convento annesso alla chiesa di S. Maria delle Grazie (come nel caso di San Vincenzo Ferrer, cui si \u00e8 accennato) ed \u00e8 rappresentato con diversi elementi tipici della sua iconografia, tra cui spicca la stella sulla fronte simbolo di sapienza e ricordo della visione ricevuta dalla madre di una stella sulla fronte di suo figlio bambino; quella di <strong>San Francesco Saverio<\/strong> rimanda al culto settecentesco del patrono delle missioni, essendo la \u201cnostra\u201d statua della prima met\u00e0 di quel secolo, come chiaramente indicato sulla base della stessa. Non sapremmo datare, invece, le due belle immagini di <strong>San Filippo Neri<\/strong> e di <strong>San Gaetano da Thiene<\/strong>, rappresentati con i loro riferimenti iconografici. Quest\u2019ultimo, in particolare, con in braccio il bambino Ges\u00f9, secondo la nota visione avuta dallo stesso santo. Ci sembrano, per\u00f2, entrambe di una certa antichit\u00e0, per le caratteristiche che le assimilano ad altre.<\/p>\n\n\n<div class=\"wp-block-image\">\n<figure class=\"alignleft size-large is-resized\"><a href=\"https:\/\/fattidistoria.org\/wp-content\/uploads\/2022\/08\/37.-San-Francesco-Saverio-inizio-processione.jpg\"><img loading=\"lazy\" decoding=\"async\" src=\"https:\/\/fattidistoria.org\/wp-content\/uploads\/2022\/08\/37.-San-Francesco-Saverio-inizio-processione-943x1024.jpg\" alt=\"\" class=\"wp-image-1288\" width=\"328\" height=\"356\" srcset=\"https:\/\/fattidistoria.org\/wp-content\/uploads\/2022\/08\/37.-San-Francesco-Saverio-inizio-processione-943x1024.jpg 943w, https:\/\/fattidistoria.org\/wp-content\/uploads\/2022\/08\/37.-San-Francesco-Saverio-inizio-processione-276x300.jpg 276w, https:\/\/fattidistoria.org\/wp-content\/uploads\/2022\/08\/37.-San-Francesco-Saverio-inizio-processione-768x834.jpg 768w, https:\/\/fattidistoria.org\/wp-content\/uploads\/2022\/08\/37.-San-Francesco-Saverio-inizio-processione.jpg 1076w\" sizes=\"auto, (max-width: 328px) 100vw, 328px\" \/><\/a><figcaption>San Francesco Saverio (inizio processione)<\/figcaption><\/figure>\n<\/div>\n\n<div class=\"wp-block-image\">\n<figure class=\"alignright size-large is-resized\"><a href=\"https:\/\/fattidistoria.org\/wp-content\/uploads\/2022\/08\/38.-San-Francesco-Saverio-durante-il-tragitto.jpg\"><img loading=\"lazy\" decoding=\"async\" src=\"https:\/\/fattidistoria.org\/wp-content\/uploads\/2022\/08\/38.-San-Francesco-Saverio-durante-il-tragitto-898x1024.jpg\" alt=\"\" class=\"wp-image-1289\" width=\"318\" height=\"362\" srcset=\"https:\/\/fattidistoria.org\/wp-content\/uploads\/2022\/08\/38.-San-Francesco-Saverio-durante-il-tragitto-898x1024.jpg 898w, https:\/\/fattidistoria.org\/wp-content\/uploads\/2022\/08\/38.-San-Francesco-Saverio-durante-il-tragitto-263x300.jpg 263w, https:\/\/fattidistoria.org\/wp-content\/uploads\/2022\/08\/38.-San-Francesco-Saverio-durante-il-tragitto-768x876.jpg 768w, https:\/\/fattidistoria.org\/wp-content\/uploads\/2022\/08\/38.-San-Francesco-Saverio-durante-il-tragitto.jpg 1080w\" sizes=\"auto, (max-width: 318px) 100vw, 318px\" \/><\/a><figcaption> San Francesco Saverio (durante il tragitto)<\/figcaption><\/figure>\n<\/div>\n\n\n<p><\/p>\n\n\n\n<p><\/p>\n\n\n\n<p><\/p>\n\n\n\n<p><\/p>\n\n\n\n<p><\/p>\n\n\n\n<p><\/p>\n\n\n<div class=\"wp-block-image\">\n<figure class=\"aligncenter size-large is-resized\"><a href=\"San Francesco Saverio autore e data di realizzazione della statua\"><img loading=\"lazy\" decoding=\"async\" src=\"https:\/\/fattidistoria.org\/wp-content\/uploads\/2022\/08\/39.-San-Francesco-Saverio-autore-e-data-di-realizzazione-della-statua-1024x768.jpg\" alt=\"\" class=\"wp-image-1290\" width=\"427\" height=\"320\" srcset=\"https:\/\/fattidistoria.org\/wp-content\/uploads\/2022\/08\/39.-San-Francesco-Saverio-autore-e-data-di-realizzazione-della-statua-1024x768.jpg 1024w, https:\/\/fattidistoria.org\/wp-content\/uploads\/2022\/08\/39.-San-Francesco-Saverio-autore-e-data-di-realizzazione-della-statua-300x225.jpg 300w, https:\/\/fattidistoria.org\/wp-content\/uploads\/2022\/08\/39.-San-Francesco-Saverio-autore-e-data-di-realizzazione-della-statua-768x576.jpg 768w, https:\/\/fattidistoria.org\/wp-content\/uploads\/2022\/08\/39.-San-Francesco-Saverio-autore-e-data-di-realizzazione-della-statua-1536x1152.jpg 1536w, https:\/\/fattidistoria.org\/wp-content\/uploads\/2022\/08\/39.-San-Francesco-Saverio-autore-e-data-di-realizzazione-della-statua-2048x1536.jpg 2048w, https:\/\/fattidistoria.org\/wp-content\/uploads\/2022\/08\/39.-San-Francesco-Saverio-autore-e-data-di-realizzazione-della-statua-1230x923.jpg 1230w, https:\/\/fattidistoria.org\/wp-content\/uploads\/2022\/08\/39.-San-Francesco-Saverio-autore-e-data-di-realizzazione-della-statua-480x360.jpg 480w\" sizes=\"auto, (max-width: 427px) 100vw, 427px\" \/><\/a><figcaption>San Francesco Saverio (autore e data di realizzazione della statua)<\/figcaption><\/figure>\n<\/div>\n\n<div class=\"wp-block-image\">\n<figure class=\"alignleft size-large is-resized\"><a href=\"https:\/\/fattidistoria.org\/wp-content\/uploads\/2022\/08\/40.-San-Gaetano-inizio-processione.jpg\"><img loading=\"lazy\" decoding=\"async\" src=\"https:\/\/fattidistoria.org\/wp-content\/uploads\/2022\/08\/40.-San-Gaetano-inizio-processione-1002x1024.jpg\" alt=\"\" class=\"wp-image-1291\" width=\"345\" height=\"352\" srcset=\"https:\/\/fattidistoria.org\/wp-content\/uploads\/2022\/08\/40.-San-Gaetano-inizio-processione-1002x1024.jpg 1002w, https:\/\/fattidistoria.org\/wp-content\/uploads\/2022\/08\/40.-San-Gaetano-inizio-processione-293x300.jpg 293w, https:\/\/fattidistoria.org\/wp-content\/uploads\/2022\/08\/40.-San-Gaetano-inizio-processione-768x785.jpg 768w, https:\/\/fattidistoria.org\/wp-content\/uploads\/2022\/08\/40.-San-Gaetano-inizio-processione.jpg 1080w\" sizes=\"auto, (max-width: 345px) 100vw, 345px\" \/><\/a><figcaption> San Gaetano (inizio processione)<\/figcaption><\/figure>\n<\/div>\n\n<div class=\"wp-block-image\">\n<figure class=\"alignright size-large is-resized\"><a href=\"https:\/\/fattidistoria.org\/wp-content\/uploads\/2022\/08\/41.-San-Gaetano-durante-il-tragitto.jpg\"><img loading=\"lazy\" decoding=\"async\" src=\"https:\/\/fattidistoria.org\/wp-content\/uploads\/2022\/08\/41.-San-Gaetano-durante-il-tragitto-808x1024.jpg\" alt=\"\" class=\"wp-image-1292\" width=\"284\" height=\"361\" srcset=\"https:\/\/fattidistoria.org\/wp-content\/uploads\/2022\/08\/41.-San-Gaetano-durante-il-tragitto-808x1024.jpg 808w, https:\/\/fattidistoria.org\/wp-content\/uploads\/2022\/08\/41.-San-Gaetano-durante-il-tragitto-237x300.jpg 237w, https:\/\/fattidistoria.org\/wp-content\/uploads\/2022\/08\/41.-San-Gaetano-durante-il-tragitto-768x974.jpg 768w, https:\/\/fattidistoria.org\/wp-content\/uploads\/2022\/08\/41.-San-Gaetano-durante-il-tragitto.jpg 1060w\" sizes=\"auto, (max-width: 284px) 100vw, 284px\" \/><\/a><figcaption>San Gaetano (durante il tragitto)<\/figcaption><\/figure>\n<\/div>\n\n\n<p><\/p>\n\n\n\n<p><\/p>\n\n\n\n<p><\/p>\n\n\n\n<p><\/p>\n\n\n\n<p><\/p>\n\n\n<div class=\"wp-block-image\">\n<figure class=\"aligncenter size-large is-resized\"><a href=\"https:\/\/fattidistoria.org\/wp-content\/uploads\/2022\/08\/42.-San-Gaetano-particolare-scaled.jpg\"><img loading=\"lazy\" decoding=\"async\" src=\"https:\/\/fattidistoria.org\/wp-content\/uploads\/2022\/08\/42.-San-Gaetano-particolare-1024x768.jpg\" alt=\"\" class=\"wp-image-1293\" width=\"339\" height=\"254\" srcset=\"https:\/\/fattidistoria.org\/wp-content\/uploads\/2022\/08\/42.-San-Gaetano-particolare-1024x768.jpg 1024w, https:\/\/fattidistoria.org\/wp-content\/uploads\/2022\/08\/42.-San-Gaetano-particolare-300x225.jpg 300w, https:\/\/fattidistoria.org\/wp-content\/uploads\/2022\/08\/42.-San-Gaetano-particolare-768x576.jpg 768w, https:\/\/fattidistoria.org\/wp-content\/uploads\/2022\/08\/42.-San-Gaetano-particolare-1536x1152.jpg 1536w, https:\/\/fattidistoria.org\/wp-content\/uploads\/2022\/08\/42.-San-Gaetano-particolare-2048x1536.jpg 2048w, https:\/\/fattidistoria.org\/wp-content\/uploads\/2022\/08\/42.-San-Gaetano-particolare-1230x923.jpg 1230w, https:\/\/fattidistoria.org\/wp-content\/uploads\/2022\/08\/42.-San-Gaetano-particolare-480x360.jpg 480w\" sizes=\"auto, (max-width: 339px) 100vw, 339px\" \/><\/a><figcaption>San Gaetano (particolare)<\/figcaption><\/figure>\n<\/div>\n\n<div class=\"wp-block-image\">\n<figure class=\"alignleft size-large is-resized\"><a href=\"https:\/\/fattidistoria.org\/wp-content\/uploads\/2022\/08\/43.-San-Filippo-Neri-inizio-processione.jpg\"><img loading=\"lazy\" decoding=\"async\" src=\"https:\/\/fattidistoria.org\/wp-content\/uploads\/2022\/08\/43.-San-Filippo-Neri-inizio-processione-1013x1024.jpg\" alt=\"\" class=\"wp-image-1294\" width=\"306\" height=\"310\" srcset=\"https:\/\/fattidistoria.org\/wp-content\/uploads\/2022\/08\/43.-San-Filippo-Neri-inizio-processione-1013x1024.jpg 1013w, https:\/\/fattidistoria.org\/wp-content\/uploads\/2022\/08\/43.-San-Filippo-Neri-inizio-processione-297x300.jpg 297w, https:\/\/fattidistoria.org\/wp-content\/uploads\/2022\/08\/43.-San-Filippo-Neri-inizio-processione-768x777.jpg 768w, https:\/\/fattidistoria.org\/wp-content\/uploads\/2022\/08\/43.-San-Filippo-Neri-inizio-processione-100x100.jpg 100w, https:\/\/fattidistoria.org\/wp-content\/uploads\/2022\/08\/43.-San-Filippo-Neri-inizio-processione.jpg 1060w\" sizes=\"auto, (max-width: 306px) 100vw, 306px\" \/><\/a><figcaption> San Filippo Neri (inizio processione)<\/figcaption><\/figure>\n<\/div>\n\n<div class=\"wp-block-image\">\n<figure class=\"alignright size-large is-resized\"><a href=\"https:\/\/fattidistoria.org\/wp-content\/uploads\/2022\/08\/45.-San-Domenico-inizio-processione.jpg\"><img loading=\"lazy\" decoding=\"async\" src=\"https:\/\/fattidistoria.org\/wp-content\/uploads\/2022\/08\/45.-San-Domenico-inizio-processione-1024x898.jpg\" alt=\"\" class=\"wp-image-1295\" width=\"334\" height=\"292\" srcset=\"https:\/\/fattidistoria.org\/wp-content\/uploads\/2022\/08\/45.-San-Domenico-inizio-processione-1024x898.jpg 1024w, https:\/\/fattidistoria.org\/wp-content\/uploads\/2022\/08\/45.-San-Domenico-inizio-processione-300x263.jpg 300w, https:\/\/fattidistoria.org\/wp-content\/uploads\/2022\/08\/45.-San-Domenico-inizio-processione-768x674.jpg 768w, https:\/\/fattidistoria.org\/wp-content\/uploads\/2022\/08\/45.-San-Domenico-inizio-processione.jpg 1076w\" sizes=\"auto, (max-width: 334px) 100vw, 334px\" \/><\/a><figcaption>San Domenico (inizio processione)<\/figcaption><\/figure>\n<\/div>\n\n\n<p><\/p>\n\n\n\n<p><\/p>\n\n\n\n<p><\/p>\n\n\n<div class=\"wp-block-image\">\n<figure class=\"aligncenter size-large is-resized\"><a href=\"https:\/\/fattidistoria.org\/wp-content\/uploads\/2022\/08\/46.-San-Domenico-scaled.jpg\"><img loading=\"lazy\" decoding=\"async\" src=\"https:\/\/fattidistoria.org\/wp-content\/uploads\/2022\/08\/46.-San-Domenico-768x1024.jpg\" alt=\"\" class=\"wp-image-1296\" width=\"305\" height=\"407\" srcset=\"https:\/\/fattidistoria.org\/wp-content\/uploads\/2022\/08\/46.-San-Domenico-768x1024.jpg 768w, https:\/\/fattidistoria.org\/wp-content\/uploads\/2022\/08\/46.-San-Domenico-225x300.jpg 225w, https:\/\/fattidistoria.org\/wp-content\/uploads\/2022\/08\/46.-San-Domenico-1152x1536.jpg 1152w, https:\/\/fattidistoria.org\/wp-content\/uploads\/2022\/08\/46.-San-Domenico-1536x2048.jpg 1536w, https:\/\/fattidistoria.org\/wp-content\/uploads\/2022\/08\/46.-San-Domenico-1230x1640.jpg 1230w, https:\/\/fattidistoria.org\/wp-content\/uploads\/2022\/08\/46.-San-Domenico-scaled.jpg 1920w\" sizes=\"auto, (max-width: 305px) 100vw, 305px\" \/><\/a><figcaption> San Domenico<\/figcaption><\/figure>\n<\/div>\n\n\n<p><\/p>\n\n\n\n<p><\/p>\n\n\n\n<p class=\"has-black-color has-text-color\" style=\"font-size:22px\">Fa categoria a s\u00e9, come sacerdote e dottore della Chiesa, <strong>Sant\u2019Antonio da Padova<\/strong>. Anche in questo caso nella rappresentazione \u00e8 rispettata l\u2019iconografia tipica del santo francescano (l\u2019unico di quest\u2019ordine presente in processione, mancando stranamente l\u2019icona dello stesso San Francesco d\u2019Assisi), con in braccio il Bambino e accanto il giglio. Il culto del Santo in paese \u00e8 antico, se \u00e8 rappresentato anche nel polittico della cappella Pinto nella chiesa di S. Maria delle Grazie (che \u00e8 della prima met\u00e0 del \u2018500) e se, tra le varie cappelle a lui dedicate, ce n\u2019era \u2013 sempre a Vallo \u2013 una risalente alla met\u00e0 circa del \u2018600, appartenente alla stessa famiglia Pinto, chiamata \u201ccappella di S. Antonio alla Varchera\u201d, poi abbattuta per far posto all\u2019edificio dell\u2019asilo e delle scuole elementari realizzato negli anni \u201950 del Novecento dall\u2019Ente Pinto.<\/p>\n\n\n<div class=\"wp-block-image\">\n<figure class=\"alignleft size-large is-resized\"><a href=\"https:\/\/fattidistoria.org\/wp-content\/uploads\/2022\/08\/47.-SantAntonio-inizio-processione.jpg\"><img loading=\"lazy\" decoding=\"async\" src=\"https:\/\/fattidistoria.org\/wp-content\/uploads\/2022\/08\/47.-SantAntonio-inizio-processione-927x1024.jpg\" alt=\"\" class=\"wp-image-1297\" width=\"324\" height=\"357\" srcset=\"https:\/\/fattidistoria.org\/wp-content\/uploads\/2022\/08\/47.-SantAntonio-inizio-processione-927x1024.jpg 927w, https:\/\/fattidistoria.org\/wp-content\/uploads\/2022\/08\/47.-SantAntonio-inizio-processione-272x300.jpg 272w, https:\/\/fattidistoria.org\/wp-content\/uploads\/2022\/08\/47.-SantAntonio-inizio-processione-768x848.jpg 768w, https:\/\/fattidistoria.org\/wp-content\/uploads\/2022\/08\/47.-SantAntonio-inizio-processione.jpg 1072w\" sizes=\"auto, (max-width: 324px) 100vw, 324px\" \/><\/a><figcaption>Sant&#8217;Antonio (inizio processione)<\/figcaption><\/figure>\n<\/div>\n\n<div class=\"wp-block-image\">\n<figure class=\"alignright size-large is-resized\"><a href=\"https:\/\/fattidistoria.org\/wp-content\/uploads\/2022\/08\/48.-SantAntonio-durante-il-percorso.jpg\"><img loading=\"lazy\" decoding=\"async\" src=\"https:\/\/fattidistoria.org\/wp-content\/uploads\/2022\/08\/48.-SantAntonio-durante-il-percorso-853x1024.jpg\" alt=\"\" class=\"wp-image-1298\" width=\"298\" height=\"358\" srcset=\"https:\/\/fattidistoria.org\/wp-content\/uploads\/2022\/08\/48.-SantAntonio-durante-il-percorso-853x1024.jpg 853w, https:\/\/fattidistoria.org\/wp-content\/uploads\/2022\/08\/48.-SantAntonio-durante-il-percorso-250x300.jpg 250w, https:\/\/fattidistoria.org\/wp-content\/uploads\/2022\/08\/48.-SantAntonio-durante-il-percorso-768x922.jpg 768w, https:\/\/fattidistoria.org\/wp-content\/uploads\/2022\/08\/48.-SantAntonio-durante-il-percorso.jpg 1076w\" sizes=\"auto, (max-width: 298px) 100vw, 298px\" \/><\/a><figcaption>Sant&#8217;Antonio (durante il percorso)<\/figcaption><\/figure>\n<\/div>\n\n\n<p><\/p>\n\n\n\n<p><\/p>\n\n\n\n<p><\/p>\n\n\n\n<p><\/p>\n\n\n\n<p><\/p>\n\n\n\n<p><\/p>\n\n\n\n<p><\/p>\n\n\n\n<p class=\"has-black-color has-text-color\" style=\"font-size:22px\">Lasciando il santo padovano, entriamo nella categoria dei \u201csanti vescovi\u201d, la pi\u00f9 numerosa (soprattutto se vi aggiungiamo anche i martiri), divisa tra i vescovi \u2013 diciamo cos\u00ec \u2013 \u201cnormali\u201d e quelli col titolo di \u201cdottori della Chiesa\u201d. Tra i primi, tre belle statue di <strong>San Toribio de Mogrovejo<\/strong>, di <strong>San Cataldo<\/strong> e di <strong>San Nicola di Mira<\/strong>; tra i secondi, quelle di <strong>Sant\u2019Alfonso Maria de\u2019 Liguori<\/strong> e di <strong>Sant\u2019Agostino di Ippona<\/strong>. Quanto al primo, il culto rimanda alla presenza in paese di un ramo della famiglia dello stesso santo, ma il culto solenne lo si ritrova nella vicina comunit\u00e0 di Cannalonga; il vescovo di Taranto, Cataldo, invece \u00e8 presente nella vicina Pattano, introdottovi nel Seicento dagli Zattara, marchesi di Novi, mentre la statua che portiamo in processione \u00e8 custodita nella cappellina della famiglia Borghese; a San Nicola abbiamo gi\u00e0 accennato, trattandosi di uno dei culti pi\u00f9 antichi e pi\u00f9 sentiti a Vallo, strettamente legato al rione Spio, che ancora ne celebra la festa il 6 dicembre di ogni anno, tenendo in gran cura l\u2019antica cappella attorno a cui si svilupp\u00f2 il casale. L\u2019imponente statua, appena sottoposta ad un completo restauro, lo rappresenta con le insegne episcopali e i tratti iconografici classici. L\u2019attuale immagine non \u00e8 molto antica, avendosi notizia di una precedente statua in uso almeno fino ai primi decenni del Novecento (di cui forniamo qui sotto una rara foto). La presenza di Sant\u2019Alfonso, non a caso custodito nella chiesa di S. Maria delle Grazie, testimonia l\u2019attivit\u00e0 svolta per circa un ventennio dai Redentoristi da lui fondati, che occuparono a met\u00e0 Ottocento il convento annesso a quella chiesa, dal quale i Domenicani erano stati cacciati all\u2019inizio dello stesso secolo. L\u2019effigie di Sant\u2019Agostino \u00e8 tra le pi\u00f9 piccole del corteo, ma anche tra le pi\u00f9 preziose essendo una statua settecentesca di scuola napoletana. \u00c8 custodita nell\u2019omonima cappella del quartiere San Pantaleo, oggi in possesso della famiglia Giuliani.<\/p>\n\n\n<div class=\"wp-block-image\">\n<figure class=\"alignleft size-large is-resized\"><a href=\"https:\/\/fattidistoria.org\/wp-content\/uploads\/2022\/08\/49.-San-Toribio-inizio-processione.jpg\"><img loading=\"lazy\" decoding=\"async\" src=\"https:\/\/fattidistoria.org\/wp-content\/uploads\/2022\/08\/49.-San-Toribio-inizio-processione-934x1024.jpg\" alt=\"\" class=\"wp-image-1299\" width=\"309\" height=\"338\" srcset=\"https:\/\/fattidistoria.org\/wp-content\/uploads\/2022\/08\/49.-San-Toribio-inizio-processione-934x1024.jpg 934w, https:\/\/fattidistoria.org\/wp-content\/uploads\/2022\/08\/49.-San-Toribio-inizio-processione-274x300.jpg 274w, https:\/\/fattidistoria.org\/wp-content\/uploads\/2022\/08\/49.-San-Toribio-inizio-processione-768x842.jpg 768w, https:\/\/fattidistoria.org\/wp-content\/uploads\/2022\/08\/49.-San-Toribio-inizio-processione.jpg 1076w\" sizes=\"auto, (max-width: 309px) 100vw, 309px\" \/><\/a><figcaption> San Toribio (inizio processione)<\/figcaption><\/figure>\n<\/div>\n\n<div class=\"wp-block-image\">\n<figure class=\"alignright size-large is-resized\"><a href=\"https:\/\/fattidistoria.org\/wp-content\/uploads\/2022\/08\/50.-San-Toribio-durante-il-tragitto.jpg\"><img loading=\"lazy\" decoding=\"async\" src=\"https:\/\/fattidistoria.org\/wp-content\/uploads\/2022\/08\/50.-San-Toribio-durante-il-tragitto-901x1024.jpg\" alt=\"\" class=\"wp-image-1300\" width=\"304\" height=\"345\" srcset=\"https:\/\/fattidistoria.org\/wp-content\/uploads\/2022\/08\/50.-San-Toribio-durante-il-tragitto-901x1024.jpg 901w, https:\/\/fattidistoria.org\/wp-content\/uploads\/2022\/08\/50.-San-Toribio-durante-il-tragitto-264x300.jpg 264w, https:\/\/fattidistoria.org\/wp-content\/uploads\/2022\/08\/50.-San-Toribio-durante-il-tragitto-768x873.jpg 768w, https:\/\/fattidistoria.org\/wp-content\/uploads\/2022\/08\/50.-San-Toribio-durante-il-tragitto.jpg 1080w\" sizes=\"auto, (max-width: 304px) 100vw, 304px\" \/><\/a><figcaption>San Toribio (durante il tragitto)<\/figcaption><\/figure>\n<\/div>\n\n\n<p><\/p>\n\n\n\n<p><\/p>\n\n\n\n<p><\/p>\n\n\n\n<p><\/p>\n\n\n\n<p><\/p>\n\n\n<div class=\"wp-block-image\">\n<figure class=\"alignleft size-large is-resized\"><a href=\"https:\/\/fattidistoria.org\/wp-content\/uploads\/2022\/08\/51.-San-Cataldo-inizio-processione.jpg\"><img loading=\"lazy\" decoding=\"async\" src=\"https:\/\/fattidistoria.org\/wp-content\/uploads\/2022\/08\/51.-San-Cataldo-inizio-processione-1024x1016.jpg\" alt=\"\" class=\"wp-image-1301\" width=\"331\" height=\"328\" srcset=\"https:\/\/fattidistoria.org\/wp-content\/uploads\/2022\/08\/51.-San-Cataldo-inizio-processione-1024x1016.jpg 1024w, https:\/\/fattidistoria.org\/wp-content\/uploads\/2022\/08\/51.-San-Cataldo-inizio-processione-300x298.jpg 300w, https:\/\/fattidistoria.org\/wp-content\/uploads\/2022\/08\/51.-San-Cataldo-inizio-processione-150x150.jpg 150w, https:\/\/fattidistoria.org\/wp-content\/uploads\/2022\/08\/51.-San-Cataldo-inizio-processione-768x762.jpg 768w, https:\/\/fattidistoria.org\/wp-content\/uploads\/2022\/08\/51.-San-Cataldo-inizio-processione-100x100.jpg 100w, https:\/\/fattidistoria.org\/wp-content\/uploads\/2022\/08\/51.-San-Cataldo-inizio-processione.jpg 1080w\" sizes=\"auto, (max-width: 331px) 100vw, 331px\" \/><\/a><figcaption>San Cataldo (inizio processione)<\/figcaption><\/figure>\n<\/div>\n\n<div class=\"wp-block-image\">\n<figure class=\"alignright size-large is-resized\"><a href=\"https:\/\/fattidistoria.org\/wp-content\/uploads\/2022\/08\/52.-San-Nicola-inizio-processione.jpg\"><img loading=\"lazy\" decoding=\"async\" src=\"https:\/\/fattidistoria.org\/wp-content\/uploads\/2022\/08\/52.-San-Nicola-inizio-processione-943x1024.jpg\" alt=\"\" class=\"wp-image-1302\" width=\"312\" height=\"339\" srcset=\"https:\/\/fattidistoria.org\/wp-content\/uploads\/2022\/08\/52.-San-Nicola-inizio-processione-943x1024.jpg 943w, https:\/\/fattidistoria.org\/wp-content\/uploads\/2022\/08\/52.-San-Nicola-inizio-processione-276x300.jpg 276w, https:\/\/fattidistoria.org\/wp-content\/uploads\/2022\/08\/52.-San-Nicola-inizio-processione-768x834.jpg 768w, https:\/\/fattidistoria.org\/wp-content\/uploads\/2022\/08\/52.-San-Nicola-inizio-processione.jpg 1068w\" sizes=\"auto, (max-width: 312px) 100vw, 312px\" \/><\/a><figcaption>San Nicola (inizio processione)<\/figcaption><\/figure>\n<\/div>\n\n\n<p><\/p>\n\n\n\n<p><\/p>\n\n\n\n<p><\/p>\n\n\n\n<p><\/p>\n\n\n<div class=\"wp-block-image\">\n<figure class=\"alignleft size-large is-resized\"><a href=\"https:\/\/fattidistoria.org\/wp-content\/uploads\/2022\/08\/53.-San-Nicola-al-rientro-in-cattedrale.jpg\"><img loading=\"lazy\" decoding=\"async\" src=\"https:\/\/fattidistoria.org\/wp-content\/uploads\/2022\/08\/53.-San-Nicola-al-rientro-in-cattedrale-906x1024.jpg\" alt=\"\" class=\"wp-image-1303\" width=\"343\" height=\"387\" srcset=\"https:\/\/fattidistoria.org\/wp-content\/uploads\/2022\/08\/53.-San-Nicola-al-rientro-in-cattedrale-906x1024.jpg 906w, https:\/\/fattidistoria.org\/wp-content\/uploads\/2022\/08\/53.-San-Nicola-al-rientro-in-cattedrale-265x300.jpg 265w, https:\/\/fattidistoria.org\/wp-content\/uploads\/2022\/08\/53.-San-Nicola-al-rientro-in-cattedrale-768x868.jpg 768w, https:\/\/fattidistoria.org\/wp-content\/uploads\/2022\/08\/53.-San-Nicola-al-rientro-in-cattedrale.jpg 1044w\" sizes=\"auto, (max-width: 343px) 100vw, 343px\" \/><\/a><figcaption>San Nicola (al rientro in cattedrale)<\/figcaption><\/figure>\n<\/div>\n\n<div class=\"wp-block-image\">\n<figure class=\"alignright size-large is-resized\"><a href=\"https:\/\/fattidistoria.org\/wp-content\/uploads\/2022\/08\/54.-Antica-statua-di-San-Nicola.jpg\"><img loading=\"lazy\" decoding=\"async\" src=\"https:\/\/fattidistoria.org\/wp-content\/uploads\/2022\/08\/54.-Antica-statua-di-San-Nicola-551x1024.jpg\" alt=\"\" class=\"wp-image-1304\" width=\"295\" height=\"549\" srcset=\"https:\/\/fattidistoria.org\/wp-content\/uploads\/2022\/08\/54.-Antica-statua-di-San-Nicola-551x1024.jpg 551w, https:\/\/fattidistoria.org\/wp-content\/uploads\/2022\/08\/54.-Antica-statua-di-San-Nicola-162x300.jpg 162w, https:\/\/fattidistoria.org\/wp-content\/uploads\/2022\/08\/54.-Antica-statua-di-San-Nicola.jpg 616w\" sizes=\"auto, (max-width: 295px) 100vw, 295px\" \/><\/a><figcaption>Antica statua di San Nicola<\/figcaption><\/figure>\n<\/div>\n\n\n<p><\/p>\n\n\n\n<p><\/p>\n\n\n\n<p><\/p>\n\n\n\n<p><\/p>\n\n\n\n<p><\/p>\n\n\n\n<p><\/p>\n\n\n<div class=\"wp-block-image\">\n<figure class=\"alignleft size-large is-resized\"><a href=\"https:\/\/fattidistoria.org\/wp-content\/uploads\/2022\/08\/56.-SantAlfonso-al-rientro-in-cattedrale.jpg\"><img loading=\"lazy\" decoding=\"async\" src=\"https:\/\/fattidistoria.org\/wp-content\/uploads\/2022\/08\/56.-SantAlfonso-al-rientro-in-cattedrale-576x1024.jpg\" alt=\"\" class=\"wp-image-1306\" width=\"287\" height=\"510\" srcset=\"https:\/\/fattidistoria.org\/wp-content\/uploads\/2022\/08\/56.-SantAlfonso-al-rientro-in-cattedrale-576x1024.jpg 576w, https:\/\/fattidistoria.org\/wp-content\/uploads\/2022\/08\/56.-SantAlfonso-al-rientro-in-cattedrale-169x300.jpg 169w, https:\/\/fattidistoria.org\/wp-content\/uploads\/2022\/08\/56.-SantAlfonso-al-rientro-in-cattedrale-768x1365.jpg 768w, https:\/\/fattidistoria.org\/wp-content\/uploads\/2022\/08\/56.-SantAlfonso-al-rientro-in-cattedrale-864x1536.jpg 864w, https:\/\/fattidistoria.org\/wp-content\/uploads\/2022\/08\/56.-SantAlfonso-al-rientro-in-cattedrale.jpg 1080w\" sizes=\"auto, (max-width: 287px) 100vw, 287px\" \/><\/a><figcaption>Sant&#8217;Alfonso (al rientro in cattedrale)<\/figcaption><\/figure>\n<\/div>\n\n<div class=\"wp-block-image\">\n<figure class=\"alignright size-large is-resized\"><a href=\"https:\/\/fattidistoria.org\/wp-content\/uploads\/2022\/08\/55.-SantAlfonso-inizio-processione.jpg\"><img loading=\"lazy\" decoding=\"async\" src=\"https:\/\/fattidistoria.org\/wp-content\/uploads\/2022\/08\/55.-SantAlfonso-inizio-processione-976x1024.jpg\" alt=\"\" class=\"wp-image-1305\" width=\"338\" height=\"355\" srcset=\"https:\/\/fattidistoria.org\/wp-content\/uploads\/2022\/08\/55.-SantAlfonso-inizio-processione-976x1024.jpg 976w, https:\/\/fattidistoria.org\/wp-content\/uploads\/2022\/08\/55.-SantAlfonso-inizio-processione-286x300.jpg 286w, https:\/\/fattidistoria.org\/wp-content\/uploads\/2022\/08\/55.-SantAlfonso-inizio-processione-768x805.jpg 768w, https:\/\/fattidistoria.org\/wp-content\/uploads\/2022\/08\/55.-SantAlfonso-inizio-processione.jpg 1068w\" sizes=\"auto, (max-width: 338px) 100vw, 338px\" \/><\/a><figcaption> Sant&#8217;Alfonso (inizio processione)<\/figcaption><\/figure>\n<\/div>\n\n\n<p><\/p>\n\n\n\n<p><\/p>\n\n\n\n<p><\/p>\n\n\n\n<p><\/p>\n\n\n\n<p><\/p>\n\n\n\n<p><\/p>\n\n\n\n<p><\/p>\n\n\n\n<p><\/p>\n\n\n\n<p><\/p>\n\n\n<div class=\"wp-block-image\">\n<figure class=\"alignleft size-large is-resized\"><a href=\"https:\/\/fattidistoria.org\/wp-content\/uploads\/2022\/08\/57.-SantAgostino-inizio-processione.jpg\"><img loading=\"lazy\" decoding=\"async\" src=\"https:\/\/fattidistoria.org\/wp-content\/uploads\/2022\/08\/57.-SantAgostino-inizio-processione-1024x993.jpg\" alt=\"\" class=\"wp-image-1307\" width=\"318\" height=\"308\" srcset=\"https:\/\/fattidistoria.org\/wp-content\/uploads\/2022\/08\/57.-SantAgostino-inizio-processione-1024x993.jpg 1024w, https:\/\/fattidistoria.org\/wp-content\/uploads\/2022\/08\/57.-SantAgostino-inizio-processione-300x291.jpg 300w, https:\/\/fattidistoria.org\/wp-content\/uploads\/2022\/08\/57.-SantAgostino-inizio-processione-768x745.jpg 768w, https:\/\/fattidistoria.org\/wp-content\/uploads\/2022\/08\/57.-SantAgostino-inizio-processione.jpg 1068w\" sizes=\"auto, (max-width: 318px) 100vw, 318px\" \/><\/a><figcaption>Sant&#8217;Agostino (inizio processione)<\/figcaption><\/figure>\n<\/div>\n\n<div class=\"wp-block-image\">\n<figure class=\"alignright size-large is-resized\"><a href=\"https:\/\/fattidistoria.org\/wp-content\/uploads\/2022\/08\/58.-SantAgostino-in-piazza.jpg\"><img loading=\"lazy\" decoding=\"async\" src=\"https:\/\/fattidistoria.org\/wp-content\/uploads\/2022\/08\/58.-SantAgostino-in-piazza-1024x1024.jpg\" alt=\"\" class=\"wp-image-1308\" width=\"304\" height=\"304\" srcset=\"https:\/\/fattidistoria.org\/wp-content\/uploads\/2022\/08\/58.-SantAgostino-in-piazza-1024x1024.jpg 1024w, https:\/\/fattidistoria.org\/wp-content\/uploads\/2022\/08\/58.-SantAgostino-in-piazza-300x300.jpg 300w, https:\/\/fattidistoria.org\/wp-content\/uploads\/2022\/08\/58.-SantAgostino-in-piazza-150x150.jpg 150w, https:\/\/fattidistoria.org\/wp-content\/uploads\/2022\/08\/58.-SantAgostino-in-piazza-768x768.jpg 768w, https:\/\/fattidistoria.org\/wp-content\/uploads\/2022\/08\/58.-SantAgostino-in-piazza-100x100.jpg 100w, https:\/\/fattidistoria.org\/wp-content\/uploads\/2022\/08\/58.-SantAgostino-in-piazza.jpg 1056w\" sizes=\"auto, (max-width: 304px) 100vw, 304px\" \/><\/a><figcaption>Sant&#8217;Agostino (in piazza)<\/figcaption><\/figure>\n<\/div>\n\n\n<p><\/p>\n\n\n\n<p><\/p>\n\n\n\n<p><\/p>\n\n\n\n<p><\/p>\n\n\n\n<p><\/p>\n\n\n\n<p><\/p>\n\n\n\n<p><\/p>\n\n\n\n<p class=\"has-black-color has-text-color\" style=\"font-size:22px\">Salendo di grado, incontriamo i martiri, collocati quasi alla fine per il motivo tutto evidente nella loro testimonianza portata fino all\u2019estremo sacrificio (alla categoria appartiene anche il \u201cnostro\u201d San Pantaleone, cui spetta per\u00f2 il posto d\u2019onore in questo contesto gerarchico). Si tratta di culti molto antichi, tutti riferibili ai primi tempi cristiani. Anche tra essi distinguiamo i martiri \u201cnormali\u201d (ma il termine \u00e8 quanto mai inappropriato) dai martiri vescovi, posti, questi ultimi, dietro ai primi, come segno di un\u2019ulteriore benemerenza. <strong>San Crescenzio<\/strong> e <strong>Sant\u2019Espedito<\/strong>, sono i \u201cnormali\u201d, le loro statue rimandano, la prima, all\u2019antica presenza di una cappellina da cui \u00e8 derivato l\u2019omonimo nome al rione vallese (o viceversa), la seconda, a un culto non molto attestato in paese, ma che sembra essere anch\u2019esso antico. <strong>Sant\u2019Emidio<\/strong> e <strong>San Biagio<\/strong> sono, invece, i martiri che hanno assunto anche la funzione episcopale. L\u2019imponente statua che rappresenta quest\u2019ultimo in un gesto di benedizione rimanda al suo culto presente da tempo immemorabile nell\u2019antica cappella della locale arciconfraternita della SS. Trinit\u00e0 o dei Pellegrini, sodalizio laicale nato nel XVI secolo. L\u2019odierna statua di Sant\u2019Emidio ha, proprio questo 2022, compiuto i quarant\u2019anni, risalendo al periodo immediatamente successivo al terremoto del novembre 1980, che interess\u00f2 tutto il territorio diocesano; ma si ha memoria almeno di una precedente statua in uso in tempi imprecisati. Una presenza che attesterebbe una certa antichit\u00e0 di tale culto, probabilmente ricorrente in seguito ad ogni evento tellurico, essendo il martire invocato a difesa dei pericoli provocati dai terremoti. Le piccole case raffigurate ai suoi piedi, e sulle quali il santo stende la sua mano protettrice, ne evidenziano tale patrocinio.<\/p>\n\n\n<div class=\"wp-block-image\">\n<figure class=\"alignleft size-large is-resized\"><a href=\"https:\/\/fattidistoria.org\/wp-content\/uploads\/2022\/08\/59.-San-Crescenzio-inizio-processione.jpg\"><img loading=\"lazy\" decoding=\"async\" src=\"https:\/\/fattidistoria.org\/wp-content\/uploads\/2022\/08\/59.-San-Crescenzio-inizio-processione-1001x1024.jpg\" alt=\"\" class=\"wp-image-1309\" width=\"314\" height=\"321\" srcset=\"https:\/\/fattidistoria.org\/wp-content\/uploads\/2022\/08\/59.-San-Crescenzio-inizio-processione-1001x1024.jpg 1001w, https:\/\/fattidistoria.org\/wp-content\/uploads\/2022\/08\/59.-San-Crescenzio-inizio-processione-293x300.jpg 293w, https:\/\/fattidistoria.org\/wp-content\/uploads\/2022\/08\/59.-San-Crescenzio-inizio-processione-768x785.jpg 768w, https:\/\/fattidistoria.org\/wp-content\/uploads\/2022\/08\/59.-San-Crescenzio-inizio-processione.jpg 1068w\" sizes=\"auto, (max-width: 314px) 100vw, 314px\" \/><\/a><figcaption> San Crescenzio (inizio processione)<\/figcaption><\/figure>\n<\/div>\n\n<div class=\"wp-block-image\">\n<figure class=\"alignright size-large is-resized\"><a href=\"https:\/\/fattidistoria.org\/wp-content\/uploads\/2022\/08\/60.-SantEspedito-inizio-processione.jpg\"><img loading=\"lazy\" decoding=\"async\" src=\"https:\/\/fattidistoria.org\/wp-content\/uploads\/2022\/08\/60.-SantEspedito-inizio-processione-967x1024.jpg\" alt=\"\" class=\"wp-image-1310\" width=\"308\" height=\"325\" srcset=\"https:\/\/fattidistoria.org\/wp-content\/uploads\/2022\/08\/60.-SantEspedito-inizio-processione-967x1024.jpg 967w, https:\/\/fattidistoria.org\/wp-content\/uploads\/2022\/08\/60.-SantEspedito-inizio-processione-283x300.jpg 283w, https:\/\/fattidistoria.org\/wp-content\/uploads\/2022\/08\/60.-SantEspedito-inizio-processione-768x814.jpg 768w, https:\/\/fattidistoria.org\/wp-content\/uploads\/2022\/08\/60.-SantEspedito-inizio-processione.jpg 1080w\" sizes=\"auto, (max-width: 308px) 100vw, 308px\" \/><\/a><figcaption> Sant&#8217;Espedito (inizio processione)<\/figcaption><\/figure>\n<\/div>\n\n\n<p><\/p>\n\n\n\n<p><\/p>\n\n\n\n<p><\/p>\n\n\n\n<p><\/p>\n\n\n\n<p><\/p>\n\n\n<div class=\"wp-block-image\">\n<figure class=\"alignleft size-large is-resized\"><a href=\"https:\/\/fattidistoria.org\/wp-content\/uploads\/2022\/08\/61.-San-Crescenzio-e-SantEspedito-durante-il-tragitto.jpg\"><img loading=\"lazy\" decoding=\"async\" src=\"https:\/\/fattidistoria.org\/wp-content\/uploads\/2022\/08\/61.-San-Crescenzio-e-SantEspedito-durante-il-tragitto-915x1024.jpg\" alt=\"\" class=\"wp-image-1311\" width=\"295\" height=\"330\" srcset=\"https:\/\/fattidistoria.org\/wp-content\/uploads\/2022\/08\/61.-San-Crescenzio-e-SantEspedito-durante-il-tragitto-915x1024.jpg 915w, https:\/\/fattidistoria.org\/wp-content\/uploads\/2022\/08\/61.-San-Crescenzio-e-SantEspedito-durante-il-tragitto-268x300.jpg 268w, https:\/\/fattidistoria.org\/wp-content\/uploads\/2022\/08\/61.-San-Crescenzio-e-SantEspedito-durante-il-tragitto-768x860.jpg 768w, https:\/\/fattidistoria.org\/wp-content\/uploads\/2022\/08\/61.-San-Crescenzio-e-SantEspedito-durante-il-tragitto.jpg 1072w\" sizes=\"auto, (max-width: 295px) 100vw, 295px\" \/><\/a><figcaption>San Crescenzio e Sant&#8217;Espedito (durante il tragitto)<\/figcaption><\/figure>\n<\/div>\n\n<div class=\"wp-block-image\">\n<figure class=\"alignright size-large is-resized\"><a href=\"https:\/\/fattidistoria.org\/wp-content\/uploads\/2022\/08\/62.-SantEmidio-inizio-processione.jpg\"><img loading=\"lazy\" decoding=\"async\" src=\"https:\/\/fattidistoria.org\/wp-content\/uploads\/2022\/08\/62.-SantEmidio-inizio-processione-902x1024.jpg\" alt=\"\" class=\"wp-image-1312\" width=\"315\" height=\"357\" srcset=\"https:\/\/fattidistoria.org\/wp-content\/uploads\/2022\/08\/62.-SantEmidio-inizio-processione-902x1024.jpg 902w, https:\/\/fattidistoria.org\/wp-content\/uploads\/2022\/08\/62.-SantEmidio-inizio-processione-264x300.jpg 264w, https:\/\/fattidistoria.org\/wp-content\/uploads\/2022\/08\/62.-SantEmidio-inizio-processione-768x872.jpg 768w, https:\/\/fattidistoria.org\/wp-content\/uploads\/2022\/08\/62.-SantEmidio-inizio-processione.jpg 1064w\" sizes=\"auto, (max-width: 315px) 100vw, 315px\" \/><\/a><figcaption> Sant&#8217;Emidio (inizio processione)<\/figcaption><\/figure>\n<\/div>\n\n\n<p><\/p>\n\n\n\n<p><\/p>\n\n\n\n<p><\/p>\n\n\n\n<p><\/p>\n\n\n\n<p><\/p>\n\n\n<div class=\"wp-block-image\">\n<figure class=\"alignleft size-large is-resized\"><a href=\"https:\/\/fattidistoria.org\/wp-content\/uploads\/2022\/08\/63.-SantEmidio-in-piazza.jpg\"><img loading=\"lazy\" decoding=\"async\" src=\"https:\/\/fattidistoria.org\/wp-content\/uploads\/2022\/08\/63.-SantEmidio-in-piazza-824x1024.jpg\" alt=\"\" class=\"wp-image-1313\" width=\"288\" height=\"358\" srcset=\"https:\/\/fattidistoria.org\/wp-content\/uploads\/2022\/08\/63.-SantEmidio-in-piazza-824x1024.jpg 824w, https:\/\/fattidistoria.org\/wp-content\/uploads\/2022\/08\/63.-SantEmidio-in-piazza-241x300.jpg 241w, https:\/\/fattidistoria.org\/wp-content\/uploads\/2022\/08\/63.-SantEmidio-in-piazza-768x955.jpg 768w, https:\/\/fattidistoria.org\/wp-content\/uploads\/2022\/08\/63.-SantEmidio-in-piazza.jpg 1068w\" sizes=\"auto, (max-width: 288px) 100vw, 288px\" \/><\/a><figcaption>Sant&#8217;Emidio (in piazza)<\/figcaption><\/figure>\n<\/div>\n\n\n<p><\/p>\n\n\n<div class=\"wp-block-image\">\n<figure class=\"alignright size-large is-resized\"><a href=\"https:\/\/fattidistoria.org\/wp-content\/uploads\/2022\/08\/64.-San-Biagio-inizio-processione.jpg\"><img loading=\"lazy\" decoding=\"async\" src=\"https:\/\/fattidistoria.org\/wp-content\/uploads\/2022\/08\/64.-San-Biagio-inizio-processione-924x1024.jpg\" alt=\"\" class=\"wp-image-1314\" width=\"286\" height=\"316\" srcset=\"https:\/\/fattidistoria.org\/wp-content\/uploads\/2022\/08\/64.-San-Biagio-inizio-processione-924x1024.jpg 924w, https:\/\/fattidistoria.org\/wp-content\/uploads\/2022\/08\/64.-San-Biagio-inizio-processione-271x300.jpg 271w, https:\/\/fattidistoria.org\/wp-content\/uploads\/2022\/08\/64.-San-Biagio-inizio-processione-768x851.jpg 768w, https:\/\/fattidistoria.org\/wp-content\/uploads\/2022\/08\/64.-San-Biagio-inizio-processione.jpg 1076w\" sizes=\"auto, (max-width: 286px) 100vw, 286px\" \/><\/a><figcaption>San Biagio (inizio processione)<\/figcaption><\/figure>\n<\/div>\n\n\n<p><\/p>\n\n\n\n<p><\/p>\n\n\n\n<p><\/p>\n\n\n\n<p><\/p>\n\n\n\n<p><\/p>\n\n\n<div class=\"wp-block-image\">\n<figure class=\"aligncenter size-large is-resized\"><a href=\"https:\/\/fattidistoria.org\/wp-content\/uploads\/2022\/08\/65.-San-Biagio-in-piazza.jpg\"><img loading=\"lazy\" decoding=\"async\" src=\"https:\/\/fattidistoria.org\/wp-content\/uploads\/2022\/08\/65.-San-Biagio-in-piazza-576x1024.jpg\" alt=\"\" class=\"wp-image-1315\" width=\"250\" height=\"444\" srcset=\"https:\/\/fattidistoria.org\/wp-content\/uploads\/2022\/08\/65.-San-Biagio-in-piazza-576x1024.jpg 576w, https:\/\/fattidistoria.org\/wp-content\/uploads\/2022\/08\/65.-San-Biagio-in-piazza-169x300.jpg 169w, https:\/\/fattidistoria.org\/wp-content\/uploads\/2022\/08\/65.-San-Biagio-in-piazza-768x1365.jpg 768w, https:\/\/fattidistoria.org\/wp-content\/uploads\/2022\/08\/65.-San-Biagio-in-piazza-864x1536.jpg 864w, https:\/\/fattidistoria.org\/wp-content\/uploads\/2022\/08\/65.-San-Biagio-in-piazza.jpg 1080w\" sizes=\"auto, (max-width: 250px) 100vw, 250px\" \/><\/a><figcaption>San Biagio (in piazza)<\/figcaption><\/figure>\n<\/div>\n\n\n<p><\/p>\n\n\n\n<p class=\"has-black-color has-text-color\" style=\"font-size:22px\">Categoria a s\u00e9 \u00e8 anche quella costituita da <strong>San Giuseppe<\/strong>, l\u2019unico tra i Patriarchi della Chiesa presenti in processione. A ben vedere, lo sposo di Maria ha un ruolo del tutto particolare, essendo il \u201ccustode del mistero\u201d, il raccordo tra Ges\u00f9 e Davide, l\u2019uomo del silenzio e della pazienza, l\u2019esempio cristiano pi\u00f9 alto della dedizione al lavoro e alla famiglia. La nostra statua, di splendida fattura, lo rappresenta come nella tradizione, col Bambino in braccio che lo addita ad esempio.<\/p>\n\n\n<div class=\"wp-block-image\">\n<figure class=\"alignleft size-large is-resized\"><img loading=\"lazy\" decoding=\"async\" src=\"https:\/\/fattidistoria.org\/wp-content\/uploads\/2022\/08\/66.-San-Giuseppe-inizio-processione-1024x1009.jpg\" alt=\"\" class=\"wp-image-1316\" width=\"332\" height=\"326\" srcset=\"https:\/\/fattidistoria.org\/wp-content\/uploads\/2022\/08\/66.-San-Giuseppe-inizio-processione-1024x1009.jpg 1024w, https:\/\/fattidistoria.org\/wp-content\/uploads\/2022\/08\/66.-San-Giuseppe-inizio-processione-300x296.jpg 300w, https:\/\/fattidistoria.org\/wp-content\/uploads\/2022\/08\/66.-San-Giuseppe-inizio-processione-768x757.jpg 768w, https:\/\/fattidistoria.org\/wp-content\/uploads\/2022\/08\/66.-San-Giuseppe-inizio-processione.jpg 1076w\" sizes=\"auto, (max-width: 332px) 100vw, 332px\" \/><figcaption>San Giuseppe (inizio processione)<\/figcaption><\/figure>\n<\/div>\n\n<div class=\"wp-block-image\">\n<figure class=\"alignright size-large is-resized\"><a href=\"https:\/\/fattidistoria.org\/wp-content\/uploads\/2022\/08\/67.-San-Giuseppe-durante-il-tragitto.jpg\"><img loading=\"lazy\" decoding=\"async\" src=\"https:\/\/fattidistoria.org\/wp-content\/uploads\/2022\/08\/67.-San-Giuseppe-durante-il-tragitto-941x1024.jpg\" alt=\"\" class=\"wp-image-1317\" width=\"311\" height=\"338\" srcset=\"https:\/\/fattidistoria.org\/wp-content\/uploads\/2022\/08\/67.-San-Giuseppe-durante-il-tragitto-941x1024.jpg 941w, https:\/\/fattidistoria.org\/wp-content\/uploads\/2022\/08\/67.-San-Giuseppe-durante-il-tragitto-276x300.jpg 276w, https:\/\/fattidistoria.org\/wp-content\/uploads\/2022\/08\/67.-San-Giuseppe-durante-il-tragitto-768x836.jpg 768w, https:\/\/fattidistoria.org\/wp-content\/uploads\/2022\/08\/67.-San-Giuseppe-durante-il-tragitto.jpg 1000w\" sizes=\"auto, (max-width: 311px) 100vw, 311px\" \/><\/a><figcaption> San Giuseppe (durante il tragitto)<\/figcaption><\/figure>\n<\/div>\n\n\n<p><\/p>\n\n\n\n<p><\/p>\n\n\n\n<p><\/p>\n\n\n\n<p><\/p>\n\n\n\n<p><\/p>\n\n\n\n<p class=\"has-black-color has-text-color\" style=\"font-size:22px\">Come anticipato, il corteo chiude in un crescendo. L\u2019elenco degli umani cristificati \u00e8 esaurito, si passa alle schiere angeliche, anzi ai <strong>due arcangeli, Raffaele e Michele<\/strong>. Il primo \u00e8 rappresentato col giovane Tobia, in una statua che raffigura e sintetizza quanto \u00e8 raccontato nell\u2019omonimo libro della Bibbia, con tanto di pesce e altri oggetti simbolici presenti nella narrazione (per coglierne il senso occorre leggere il testo sacro). Si tratta dell\u2019antica statua appartenente alla locale famiglia Passarelli, che ancora la custodisce nella propria cappella. Il secondo \u00e8, invece, rappresentato nelle sue vesti guerriere mentre schiaccia Satana. La statua sembra rimandare a quanto \u00e8 raffigurato nella grande tela settecentesca di Andrea De Hippolytis esposta nel presbiterio della stessa cattedrale di Vallo (a sinistra guardando l\u2019altare maggiore).<\/p>\n\n\n<div class=\"wp-block-image\">\n<figure class=\"alignleft size-large is-resized\"><a href=\"https:\/\/fattidistoria.org\/wp-content\/uploads\/2022\/08\/68.-San-Raffaele-Arcangelo-inizio-processione.jpg\"><img loading=\"lazy\" decoding=\"async\" src=\"https:\/\/fattidistoria.org\/wp-content\/uploads\/2022\/08\/68.-San-Raffaele-Arcangelo-inizio-processione-1024x993.jpg\" alt=\"\" class=\"wp-image-1318\" width=\"316\" height=\"305\" srcset=\"https:\/\/fattidistoria.org\/wp-content\/uploads\/2022\/08\/68.-San-Raffaele-Arcangelo-inizio-processione-1024x993.jpg 1024w, https:\/\/fattidistoria.org\/wp-content\/uploads\/2022\/08\/68.-San-Raffaele-Arcangelo-inizio-processione-300x291.jpg 300w, https:\/\/fattidistoria.org\/wp-content\/uploads\/2022\/08\/68.-San-Raffaele-Arcangelo-inizio-processione.jpg 1064w\" sizes=\"auto, (max-width: 316px) 100vw, 316px\" \/><\/a><figcaption>San Raffaele Arcangelo (inizio processione)<\/figcaption><\/figure>\n<\/div>\n\n<div class=\"wp-block-image\">\n<figure class=\"alignright size-large is-resized\"><a href=\"https:\/\/fattidistoria.org\/wp-content\/uploads\/2022\/08\/69.-San-Michele-Arcangelo-inizio-processione.jpg\"><img loading=\"lazy\" decoding=\"async\" src=\"https:\/\/fattidistoria.org\/wp-content\/uploads\/2022\/08\/69.-San-Michele-Arcangelo-inizio-processione-998x1024.jpg\" alt=\"\" class=\"wp-image-1319\" width=\"297\" height=\"304\" srcset=\"https:\/\/fattidistoria.org\/wp-content\/uploads\/2022\/08\/69.-San-Michele-Arcangelo-inizio-processione-998x1024.jpg 998w, https:\/\/fattidistoria.org\/wp-content\/uploads\/2022\/08\/69.-San-Michele-Arcangelo-inizio-processione-292x300.jpg 292w, https:\/\/fattidistoria.org\/wp-content\/uploads\/2022\/08\/69.-San-Michele-Arcangelo-inizio-processione-768x788.jpg 768w, https:\/\/fattidistoria.org\/wp-content\/uploads\/2022\/08\/69.-San-Michele-Arcangelo-inizio-processione.jpg 1068w\" sizes=\"auto, (max-width: 297px) 100vw, 297px\" \/><\/a><figcaption> San Michele Arcangelo (inizio processione)<\/figcaption><\/figure>\n<\/div>\n\n\n<p><\/p>\n\n\n\n<p><\/p>\n\n\n\n<p><\/p>\n\n\n\n<p><\/p>\n\n\n\n<p><\/p>\n\n\n\n<p><\/p>\n\n\n<div class=\"wp-block-image\">\n<figure class=\"alignright size-large is-resized\"><a href=\"https:\/\/fattidistoria.org\/wp-content\/uploads\/2022\/08\/70.-San-Raffaele-e-San-Michele-durante-il-percorso.jpg\"><img loading=\"lazy\" decoding=\"async\" src=\"https:\/\/fattidistoria.org\/wp-content\/uploads\/2022\/08\/70.-San-Raffaele-e-San-Michele-durante-il-percorso-576x1024.jpg\" alt=\"\" class=\"wp-image-1320\" width=\"240\" height=\"427\" srcset=\"https:\/\/fattidistoria.org\/wp-content\/uploads\/2022\/08\/70.-San-Raffaele-e-San-Michele-durante-il-percorso-576x1024.jpg 576w, https:\/\/fattidistoria.org\/wp-content\/uploads\/2022\/08\/70.-San-Raffaele-e-San-Michele-durante-il-percorso-169x300.jpg 169w, https:\/\/fattidistoria.org\/wp-content\/uploads\/2022\/08\/70.-San-Raffaele-e-San-Michele-durante-il-percorso-768x1365.jpg 768w, https:\/\/fattidistoria.org\/wp-content\/uploads\/2022\/08\/70.-San-Raffaele-e-San-Michele-durante-il-percorso-864x1536.jpg 864w, https:\/\/fattidistoria.org\/wp-content\/uploads\/2022\/08\/70.-San-Raffaele-e-San-Michele-durante-il-percorso.jpg 1080w\" sizes=\"auto, (max-width: 240px) 100vw, 240px\" \/><\/a><figcaption>San Raffaele e San Michele (durante il percorso)<\/figcaption><\/figure>\n<\/div>\n\n<div class=\"wp-block-image\">\n<figure class=\"alignleft size-large is-resized\"><a href=\"https:\/\/fattidistoria.org\/wp-content\/uploads\/2022\/08\/71.-LArcangelo-Raffaele-con-Tobia-e-il-pesce-scaled.jpg\"><img loading=\"lazy\" decoding=\"async\" src=\"https:\/\/fattidistoria.org\/wp-content\/uploads\/2022\/08\/71.-LArcangelo-Raffaele-con-Tobia-e-il-pesce-768x1024.jpg\" alt=\"\" class=\"wp-image-1321\" width=\"315\" height=\"419\" srcset=\"https:\/\/fattidistoria.org\/wp-content\/uploads\/2022\/08\/71.-LArcangelo-Raffaele-con-Tobia-e-il-pesce-768x1024.jpg 768w, https:\/\/fattidistoria.org\/wp-content\/uploads\/2022\/08\/71.-LArcangelo-Raffaele-con-Tobia-e-il-pesce-225x300.jpg 225w, https:\/\/fattidistoria.org\/wp-content\/uploads\/2022\/08\/71.-LArcangelo-Raffaele-con-Tobia-e-il-pesce-1152x1536.jpg 1152w, https:\/\/fattidistoria.org\/wp-content\/uploads\/2022\/08\/71.-LArcangelo-Raffaele-con-Tobia-e-il-pesce-1536x2048.jpg 1536w, https:\/\/fattidistoria.org\/wp-content\/uploads\/2022\/08\/71.-LArcangelo-Raffaele-con-Tobia-e-il-pesce-1230x1640.jpg 1230w, https:\/\/fattidistoria.org\/wp-content\/uploads\/2022\/08\/71.-LArcangelo-Raffaele-con-Tobia-e-il-pesce-scaled.jpg 1920w\" sizes=\"auto, (max-width: 315px) 100vw, 315px\" \/><\/a><figcaption>L&#8217; Arcangelo Raffaele con Tobia e il pesce<\/figcaption><\/figure>\n<\/div>\n\n\n<p><\/p>\n\n\n\n<p><\/p>\n\n\n\n<p><\/p>\n\n\n\n<p><\/p>\n\n\n\n<p><\/p>\n\n\n\n<p><\/p>\n\n\n\n<p><\/p>\n\n\n\n<p><\/p>\n\n\n\n<p><\/p>\n\n\n\n<p><\/p>\n\n\n<div class=\"wp-block-image\">\n<figure class=\"alignleft size-large is-resized\"><a href=\"https:\/\/fattidistoria.org\/wp-content\/uploads\/2022\/08\/72.-LArcangelo-Raffaele-particolare-scaled.jpg\"><img loading=\"lazy\" decoding=\"async\" src=\"https:\/\/fattidistoria.org\/wp-content\/uploads\/2022\/08\/72.-LArcangelo-Raffaele-particolare-768x1024.jpg\" alt=\"\" class=\"wp-image-1322\" width=\"311\" height=\"415\" srcset=\"https:\/\/fattidistoria.org\/wp-content\/uploads\/2022\/08\/72.-LArcangelo-Raffaele-particolare-768x1024.jpg 768w, https:\/\/fattidistoria.org\/wp-content\/uploads\/2022\/08\/72.-LArcangelo-Raffaele-particolare-225x300.jpg 225w, https:\/\/fattidistoria.org\/wp-content\/uploads\/2022\/08\/72.-LArcangelo-Raffaele-particolare-1152x1536.jpg 1152w, https:\/\/fattidistoria.org\/wp-content\/uploads\/2022\/08\/72.-LArcangelo-Raffaele-particolare-1536x2048.jpg 1536w, https:\/\/fattidistoria.org\/wp-content\/uploads\/2022\/08\/72.-LArcangelo-Raffaele-particolare-1230x1640.jpg 1230w, https:\/\/fattidistoria.org\/wp-content\/uploads\/2022\/08\/72.-LArcangelo-Raffaele-particolare-scaled.jpg 1920w\" sizes=\"auto, (max-width: 311px) 100vw, 311px\" \/><\/a><figcaption>L&#8217; Arcangelo Raffaele (particolare)<\/figcaption><\/figure>\n<\/div>\n\n<div class=\"wp-block-image\">\n<figure class=\"alignright size-large is-resized\"><a href=\"https:\/\/fattidistoria.org\/wp-content\/uploads\/2022\/08\/73.-LArcangelo-Raffaele-particolare-scaled.jpg\"><img loading=\"lazy\" decoding=\"async\" src=\"https:\/\/fattidistoria.org\/wp-content\/uploads\/2022\/08\/73.-LArcangelo-Raffaele-particolare-768x1024.jpg\" alt=\"\" class=\"wp-image-1323\" width=\"303\" height=\"404\" srcset=\"https:\/\/fattidistoria.org\/wp-content\/uploads\/2022\/08\/73.-LArcangelo-Raffaele-particolare-768x1024.jpg 768w, https:\/\/fattidistoria.org\/wp-content\/uploads\/2022\/08\/73.-LArcangelo-Raffaele-particolare-225x300.jpg 225w, https:\/\/fattidistoria.org\/wp-content\/uploads\/2022\/08\/73.-LArcangelo-Raffaele-particolare-1152x1536.jpg 1152w, https:\/\/fattidistoria.org\/wp-content\/uploads\/2022\/08\/73.-LArcangelo-Raffaele-particolare-1536x2048.jpg 1536w, https:\/\/fattidistoria.org\/wp-content\/uploads\/2022\/08\/73.-LArcangelo-Raffaele-particolare-1230x1640.jpg 1230w, https:\/\/fattidistoria.org\/wp-content\/uploads\/2022\/08\/73.-LArcangelo-Raffaele-particolare-scaled.jpg 1920w\" sizes=\"auto, (max-width: 303px) 100vw, 303px\" \/><\/a><figcaption>L&#8217; Arcangelo Raffaele (particolare)<\/figcaption><\/figure>\n<\/div>\n\n\n<p><\/p>\n\n\n\n<p><\/p>\n\n\n\n<p><\/p>\n\n\n\n<p><\/p>\n\n\n\n<p><\/p>\n\n\n\n<p><\/p>\n\n\n\n<p><\/p>\n\n\n\n<p class=\"has-black-color has-text-color\" style=\"font-size:22px\">Quest\u2019anno alla schiera dei santi abituali, appena passata in rassegna, si \u00e8 aggiunta una sorpresa: la statua di <strong>San Costabile Gentilcore<\/strong>, proveniente da Castellabate, paese di cui \u00e8 fondatore e protettore. L\u2019occasione \u00e8 stata offerta dalla celebrazione del quarantennale della sua proclamazione a \u201ccompatrono\u201d o \u201cpatrono secondario\u201d della diocesi, voluta dal vescovo Giuseppe Casale. \u00c8 stato anche un modo per restituire la visita fatta da noi vallesi nel 2020, quando, all\u2019inizio del triennio di preparazione all\u2019evento, portammo la statua di San Pantaleone a Castellabate e con essa partecipammo alla processione del 17 febbraio, festa dell\u2019Abate Costabile.<\/p>\n\n\n<div class=\"wp-block-image\">\n<figure class=\"aligncenter size-large is-resized\"><a href=\"https:\/\/fattidistoria.org\/wp-content\/uploads\/2022\/08\/74.-San-Costabile-inizio-processione.jpg\"><img loading=\"lazy\" decoding=\"async\" src=\"https:\/\/fattidistoria.org\/wp-content\/uploads\/2022\/08\/74.-San-Costabile-inizio-processione-1024x997.jpg\" alt=\"\" class=\"wp-image-1324\" width=\"351\" height=\"341\" srcset=\"https:\/\/fattidistoria.org\/wp-content\/uploads\/2022\/08\/74.-San-Costabile-inizio-processione-1024x997.jpg 1024w, https:\/\/fattidistoria.org\/wp-content\/uploads\/2022\/08\/74.-San-Costabile-inizio-processione-300x292.jpg 300w, https:\/\/fattidistoria.org\/wp-content\/uploads\/2022\/08\/74.-San-Costabile-inizio-processione-768x748.jpg 768w, https:\/\/fattidistoria.org\/wp-content\/uploads\/2022\/08\/74.-San-Costabile-inizio-processione.jpg 1060w\" sizes=\"auto, (max-width: 351px) 100vw, 351px\" \/><\/a><figcaption>San Costabile (inizio processione)<\/figcaption><\/figure>\n<\/div>\n\n<div class=\"wp-block-image\">\n<figure class=\"alignleft size-large is-resized\"><a href=\"https:\/\/fattidistoria.org\/wp-content\/uploads\/2022\/08\/75.-San-Costabile-durante-il-tragitto.jpg\"><img loading=\"lazy\" decoding=\"async\" src=\"https:\/\/fattidistoria.org\/wp-content\/uploads\/2022\/08\/75.-San-Costabile-durante-il-tragitto-576x1024.jpg\" alt=\"\" class=\"wp-image-1325\" width=\"316\" height=\"563\" srcset=\"https:\/\/fattidistoria.org\/wp-content\/uploads\/2022\/08\/75.-San-Costabile-durante-il-tragitto-576x1024.jpg 576w, https:\/\/fattidistoria.org\/wp-content\/uploads\/2022\/08\/75.-San-Costabile-durante-il-tragitto-169x300.jpg 169w, https:\/\/fattidistoria.org\/wp-content\/uploads\/2022\/08\/75.-San-Costabile-durante-il-tragitto-768x1365.jpg 768w, https:\/\/fattidistoria.org\/wp-content\/uploads\/2022\/08\/75.-San-Costabile-durante-il-tragitto-864x1536.jpg 864w, https:\/\/fattidistoria.org\/wp-content\/uploads\/2022\/08\/75.-San-Costabile-durante-il-tragitto.jpg 1080w\" sizes=\"auto, (max-width: 316px) 100vw, 316px\" \/><\/a><figcaption>San Costabile (durante il tragitto)<\/figcaption><\/figure>\n<\/div>\n\n<div class=\"wp-block-image\">\n<figure class=\"alignright size-large is-resized\"><a href=\"https:\/\/fattidistoria.org\/wp-content\/uploads\/2022\/08\/76.-San-Costabile-trono-in-Cattedrale.jpg\"><img loading=\"lazy\" decoding=\"async\" src=\"https:\/\/fattidistoria.org\/wp-content\/uploads\/2022\/08\/76.-San-Costabile-trono-in-Cattedrale-576x1024.jpg\" alt=\"\" class=\"wp-image-1326\" width=\"320\" height=\"567\"\/><\/a><figcaption>San Costabile (trono in Cattedrale)<\/figcaption><\/figure>\n<\/div>\n\n\n<p><\/p>\n\n\n\n<p><\/p>\n\n\n\n<p><\/p>\n\n\n\n<p><\/p>\n\n\n\n<p><\/p>\n\n\n\n<p><\/p>\n\n\n\n<p><\/p>\n\n\n\n<p><\/p>\n\n\n<div class=\"wp-block-image\">\n<figure class=\"alignleft size-large is-resized\"><a href=\"https:\/\/fattidistoria.org\/wp-content\/uploads\/2022\/08\/77.-San-Costabile-scaled.jpg\"><img loading=\"lazy\" decoding=\"async\" src=\"https:\/\/fattidistoria.org\/wp-content\/uploads\/2022\/08\/77.-San-Costabile-1024x768.jpg\" alt=\"\" class=\"wp-image-1327\" width=\"322\" height=\"242\" srcset=\"https:\/\/fattidistoria.org\/wp-content\/uploads\/2022\/08\/77.-San-Costabile-1024x768.jpg 1024w, https:\/\/fattidistoria.org\/wp-content\/uploads\/2022\/08\/77.-San-Costabile-300x225.jpg 300w, https:\/\/fattidistoria.org\/wp-content\/uploads\/2022\/08\/77.-San-Costabile-768x576.jpg 768w, https:\/\/fattidistoria.org\/wp-content\/uploads\/2022\/08\/77.-San-Costabile-1536x1152.jpg 1536w, https:\/\/fattidistoria.org\/wp-content\/uploads\/2022\/08\/77.-San-Costabile-2048x1536.jpg 2048w, https:\/\/fattidistoria.org\/wp-content\/uploads\/2022\/08\/77.-San-Costabile-1230x923.jpg 1230w, https:\/\/fattidistoria.org\/wp-content\/uploads\/2022\/08\/77.-San-Costabile-480x360.jpg 480w\" sizes=\"auto, (max-width: 322px) 100vw, 322px\" \/><\/a><figcaption>San Costabile<\/figcaption><\/figure>\n<\/div>\n\n<div class=\"wp-block-image\">\n<figure class=\"alignright size-large is-resized\"><a href=\"https:\/\/fattidistoria.org\/wp-content\/uploads\/2022\/08\/78.-San-Costabile-particolare-scaled.jpg\"><img loading=\"lazy\" decoding=\"async\" src=\"https:\/\/fattidistoria.org\/wp-content\/uploads\/2022\/08\/78.-San-Costabile-particolare-1024x768.jpg\" alt=\"\" class=\"wp-image-1328\" width=\"316\" height=\"238\" srcset=\"https:\/\/fattidistoria.org\/wp-content\/uploads\/2022\/08\/78.-San-Costabile-particolare-1024x768.jpg 1024w, https:\/\/fattidistoria.org\/wp-content\/uploads\/2022\/08\/78.-San-Costabile-particolare-300x225.jpg 300w, https:\/\/fattidistoria.org\/wp-content\/uploads\/2022\/08\/78.-San-Costabile-particolare-768x576.jpg 768w, https:\/\/fattidistoria.org\/wp-content\/uploads\/2022\/08\/78.-San-Costabile-particolare-1536x1152.jpg 1536w, https:\/\/fattidistoria.org\/wp-content\/uploads\/2022\/08\/78.-San-Costabile-particolare-2048x1536.jpg 2048w, https:\/\/fattidistoria.org\/wp-content\/uploads\/2022\/08\/78.-San-Costabile-particolare-1230x923.jpg 1230w, https:\/\/fattidistoria.org\/wp-content\/uploads\/2022\/08\/78.-San-Costabile-particolare-480x360.jpg 480w\" sizes=\"auto, (max-width: 316px) 100vw, 316px\" \/><\/a><figcaption>San Costabile (particolare)<\/figcaption><\/figure>\n<\/div>\n\n\n<p><\/p>\n\n\n\n<p><\/p>\n\n\n\n<p><\/p>\n\n\n\n<p><\/p>\n\n\n\n<p><\/p>\n\n\n\n<p class=\"has-black-color has-text-color\" style=\"font-size:22px\">In chiusura, il festeggiato. Martire che sanc\u00ec col sangue la sua fedelt\u00e0 eterna al Cristo, indicandola alla moltitudine di suoi fedeli nei secoli e, attraverso di loro, a noi vallesi che ci onoriamo di dichiararci suoi figli e di conservare gelosamente una piccolissima quantit\u00e0 di quello stesso sangue effuso per volont\u00e0 divina il 27 luglio 305. Qui sotto vari momenti del trasporto della sua statua, dalla trionfale uscita ad inizio della processione al rientro in cattedrale ormai a tarda sera, in mezzo alla folla dei fedeli e alla gioia dei portatori, onorati di condurre sulle spalle il peso di quella fedelt\u00e0 e il carico di una tradizione secolare.<\/p>\n\n\n<div class=\"wp-block-image\">\n<figure class=\"alignleft size-large is-resized\"><a href=\"https:\/\/fattidistoria.org\/wp-content\/uploads\/2022\/08\/79.-Luscita...I.jpg\"><img loading=\"lazy\" decoding=\"async\" src=\"https:\/\/fattidistoria.org\/wp-content\/uploads\/2022\/08\/79.-Luscita...I-1024x952.jpg\" alt=\"\" class=\"wp-image-1329\" width=\"325\" height=\"301\" srcset=\"https:\/\/fattidistoria.org\/wp-content\/uploads\/2022\/08\/79.-Luscita...I-1024x952.jpg 1024w, https:\/\/fattidistoria.org\/wp-content\/uploads\/2022\/08\/79.-Luscita...I-300x279.jpg 300w, https:\/\/fattidistoria.org\/wp-content\/uploads\/2022\/08\/79.-Luscita...I-768x714.jpg 768w, https:\/\/fattidistoria.org\/wp-content\/uploads\/2022\/08\/79.-Luscita...I.jpg 1076w\" sizes=\"auto, (max-width: 325px) 100vw, 325px\" \/><\/a><figcaption>L&#8217;uscita (I).<\/figcaption><\/figure>\n<\/div>\n\n<div class=\"wp-block-image\">\n<figure class=\"alignright size-large is-resized\"><a href=\"https:\/\/fattidistoria.org\/wp-content\/uploads\/2022\/08\/80.-Luscita...-II.jpg\"><img loading=\"lazy\" decoding=\"async\" src=\"https:\/\/fattidistoria.org\/wp-content\/uploads\/2022\/08\/80.-Luscita...-II-1024x929.jpg\" alt=\"\" class=\"wp-image-1330\" width=\"326\" height=\"295\" srcset=\"https:\/\/fattidistoria.org\/wp-content\/uploads\/2022\/08\/80.-Luscita...-II-1024x929.jpg 1024w, https:\/\/fattidistoria.org\/wp-content\/uploads\/2022\/08\/80.-Luscita...-II-300x272.jpg 300w, https:\/\/fattidistoria.org\/wp-content\/uploads\/2022\/08\/80.-Luscita...-II-768x697.jpg 768w, https:\/\/fattidistoria.org\/wp-content\/uploads\/2022\/08\/80.-Luscita...-II.jpg 1076w\" sizes=\"auto, (max-width: 326px) 100vw, 326px\" \/><\/a><figcaption>L&#8217;uscita (II).<\/figcaption><\/figure>\n<\/div>\n\n\n<p><\/p>\n\n\n\n<p><\/p>\n\n\n\n<p><\/p>\n\n\n\n<p class=\"has-white-color has-text-color\">spazio<\/p>\n\n\n<div class=\"wp-block-image\">\n<figure class=\"aligncenter size-large is-resized\"><a href=\"https:\/\/fattidistoria.org\/wp-content\/uploads\/2022\/08\/81-Luscita...-III.jpg\"><img loading=\"lazy\" decoding=\"async\" src=\"https:\/\/fattidistoria.org\/wp-content\/uploads\/2022\/08\/81-Luscita...-III-576x1024.jpg\" alt=\"\" class=\"wp-image-1331\" width=\"307\" height=\"546\" srcset=\"https:\/\/fattidistoria.org\/wp-content\/uploads\/2022\/08\/81-Luscita...-III-576x1024.jpg 576w, https:\/\/fattidistoria.org\/wp-content\/uploads\/2022\/08\/81-Luscita...-III-169x300.jpg 169w, https:\/\/fattidistoria.org\/wp-content\/uploads\/2022\/08\/81-Luscita...-III-768x1365.jpg 768w, https:\/\/fattidistoria.org\/wp-content\/uploads\/2022\/08\/81-Luscita...-III-864x1536.jpg 864w, https:\/\/fattidistoria.org\/wp-content\/uploads\/2022\/08\/81-Luscita...-III.jpg 1080w\" sizes=\"auto, (max-width: 307px) 100vw, 307px\" \/><\/a><figcaption>L&#8217;uscita (III).<\/figcaption><\/figure>\n<\/div>\n\n<div class=\"wp-block-image\">\n<figure class=\"alignleft size-large is-resized\"><a href=\"https:\/\/fattidistoria.org\/wp-content\/uploads\/2022\/08\/82.-Durante-il-tragitto.jpg\"><img loading=\"lazy\" decoding=\"async\" src=\"https:\/\/fattidistoria.org\/wp-content\/uploads\/2022\/08\/82.-Durante-il-tragitto-1020x1024.jpg\" alt=\"\" class=\"wp-image-1332\" width=\"301\" height=\"302\" srcset=\"https:\/\/fattidistoria.org\/wp-content\/uploads\/2022\/08\/82.-Durante-il-tragitto-1020x1024.jpg 1020w, https:\/\/fattidistoria.org\/wp-content\/uploads\/2022\/08\/82.-Durante-il-tragitto-300x300.jpg 300w, https:\/\/fattidistoria.org\/wp-content\/uploads\/2022\/08\/82.-Durante-il-tragitto-150x150.jpg 150w, https:\/\/fattidistoria.org\/wp-content\/uploads\/2022\/08\/82.-Durante-il-tragitto-768x771.jpg 768w, https:\/\/fattidistoria.org\/wp-content\/uploads\/2022\/08\/82.-Durante-il-tragitto-100x100.jpg 100w, https:\/\/fattidistoria.org\/wp-content\/uploads\/2022\/08\/82.-Durante-il-tragitto.jpg 1068w\" sizes=\"auto, (max-width: 301px) 100vw, 301px\" \/><\/a><figcaption>Durante il tragitto<\/figcaption><\/figure>\n<\/div>\n\n<div class=\"wp-block-image\">\n<figure class=\"alignright size-large is-resized\"><a href=\"https:\/\/fattidistoria.org\/wp-content\/uploads\/2022\/08\/83.-La-reliquia-del-sangue-vivo-del-Martire.jpg\"><img loading=\"lazy\" decoding=\"async\" src=\"https:\/\/fattidistoria.org\/wp-content\/uploads\/2022\/08\/83.-La-reliquia-del-sangue-vivo-del-Martire-980x1024.jpg\" alt=\"\" class=\"wp-image-1333\" width=\"309\" height=\"322\" srcset=\"https:\/\/fattidistoria.org\/wp-content\/uploads\/2022\/08\/83.-La-reliquia-del-sangue-vivo-del-Martire-980x1024.jpg 980w, https:\/\/fattidistoria.org\/wp-content\/uploads\/2022\/08\/83.-La-reliquia-del-sangue-vivo-del-Martire-287x300.jpg 287w, https:\/\/fattidistoria.org\/wp-content\/uploads\/2022\/08\/83.-La-reliquia-del-sangue-vivo-del-Martire-768x802.jpg 768w, https:\/\/fattidistoria.org\/wp-content\/uploads\/2022\/08\/83.-La-reliquia-del-sangue-vivo-del-Martire.jpg 1072w\" sizes=\"auto, (max-width: 309px) 100vw, 309px\" \/><\/a><figcaption>La reliquia del sangue vivo del Martire<\/figcaption><\/figure>\n<\/div>\n\n\n<p><\/p>\n\n\n\n<p><\/p>\n\n\n\n<p><\/p>\n\n\n\n<p><\/p>\n\n\n\n<p><\/p>\n\n\n<div class=\"wp-block-image\">\n<figure class=\"alignleft size-large is-resized\"><a href=\"https:\/\/fattidistoria.org\/wp-content\/uploads\/2022\/08\/84.-Verso-la-prima-sosta.jpg\"><img loading=\"lazy\" decoding=\"async\" src=\"https:\/\/fattidistoria.org\/wp-content\/uploads\/2022\/08\/84.-Verso-la-prima-sosta-775x1024.jpg\" alt=\"\" class=\"wp-image-1334\" width=\"301\" height=\"398\" srcset=\"https:\/\/fattidistoria.org\/wp-content\/uploads\/2022\/08\/84.-Verso-la-prima-sosta-775x1024.jpg 775w, https:\/\/fattidistoria.org\/wp-content\/uploads\/2022\/08\/84.-Verso-la-prima-sosta-227x300.jpg 227w, https:\/\/fattidistoria.org\/wp-content\/uploads\/2022\/08\/84.-Verso-la-prima-sosta-768x1014.jpg 768w, https:\/\/fattidistoria.org\/wp-content\/uploads\/2022\/08\/84.-Verso-la-prima-sosta.jpg 1048w\" sizes=\"auto, (max-width: 301px) 100vw, 301px\" \/><\/a><figcaption> Verso la prima sosta<\/figcaption><\/figure>\n<\/div>\n\n<div class=\"wp-block-image\">\n<figure class=\"alignright size-large is-resized\"><a href=\"https:\/\/fattidistoria.org\/wp-content\/uploads\/2022\/08\/85-Il-passaggio-in-piazza.jpg\"><img loading=\"lazy\" decoding=\"async\" src=\"https:\/\/fattidistoria.org\/wp-content\/uploads\/2022\/08\/85-Il-passaggio-in-piazza-826x1024.jpg\" alt=\"\" class=\"wp-image-1335\" width=\"313\" height=\"389\" srcset=\"https:\/\/fattidistoria.org\/wp-content\/uploads\/2022\/08\/85-Il-passaggio-in-piazza-826x1024.jpg 826w, https:\/\/fattidistoria.org\/wp-content\/uploads\/2022\/08\/85-Il-passaggio-in-piazza-242x300.jpg 242w, https:\/\/fattidistoria.org\/wp-content\/uploads\/2022\/08\/85-Il-passaggio-in-piazza-768x952.jpg 768w, https:\/\/fattidistoria.org\/wp-content\/uploads\/2022\/08\/85-Il-passaggio-in-piazza.jpg 1000w\" sizes=\"auto, (max-width: 313px) 100vw, 313px\" \/><\/a><figcaption> Il passaggio in piazza<\/figcaption><\/figure>\n<\/div>\n\n\n<p><\/p>\n\n\n\n<p><\/p>\n\n\n\n<p><\/p>\n\n\n\n<p><\/p>\n\n\n\n<p><\/p>\n\n\n\n<p><\/p>\n\n\n\n<p class=\"has-black-color has-text-color\" style=\"font-size:22px\">Concludendo, vi offriamo un bonus fotografico. Delle quattro fermate, ne abbiamo immortalate un paio, quella altamente simbolica e alquanto spettacolare in piazza V. Emanuele, sopra i portici, e quella in piazza Santa Caterina, non meno scenografica per le luminarie e la disposizione delle statue, che chiude l\u2019intera processione.<\/p>\n\n\n<div class=\"wp-block-image\">\n<figure class=\"aligncenter size-large is-resized\"><a href=\"https:\/\/fattidistoria.org\/wp-content\/uploads\/2022\/08\/87.-Sosta-in-piazza-V.-Emanuele-I.jpg\"><img loading=\"lazy\" decoding=\"async\" src=\"https:\/\/fattidistoria.org\/wp-content\/uploads\/2022\/08\/87.-Sosta-in-piazza-V.-Emanuele-I-1024x576.jpg\" alt=\"\" class=\"wp-image-1336\" width=\"663\" height=\"371\"\/><\/a><figcaption>Sosta in piazza V. Emanuele (I)<\/figcaption><\/figure>\n<\/div>\n\n<div class=\"wp-block-image\">\n<figure class=\"aligncenter size-large is-resized\"><a href=\"https:\/\/fattidistoria.org\/wp-content\/uploads\/2022\/08\/88.-Sosta-in-piazza-V.-Emanuele-II.jpg\"><img loading=\"lazy\" decoding=\"async\" src=\"https:\/\/fattidistoria.org\/wp-content\/uploads\/2022\/08\/88.-Sosta-in-piazza-V.-Emanuele-II-1024x576.jpg\" alt=\"\" class=\"wp-image-1337\" width=\"650\" height=\"364\"\/><\/a><figcaption> Sosta in piazza V. Emanuele (II)<\/figcaption><\/figure>\n<\/div>\n\n<div class=\"wp-block-image\">\n<figure class=\"aligncenter size-large is-resized\"><a href=\"https:\/\/fattidistoria.org\/wp-content\/uploads\/2022\/08\/89.-Sosta-in-piazza-V.-Emanuele-III.jpg\"><img loading=\"lazy\" decoding=\"async\" src=\"https:\/\/fattidistoria.org\/wp-content\/uploads\/2022\/08\/89.-Sosta-in-piazza-V.-Emanuele-III-1024x576.jpg\" alt=\"\" class=\"wp-image-1338\" width=\"651\" height=\"365\" srcset=\"https:\/\/fattidistoria.org\/wp-content\/uploads\/2022\/08\/89.-Sosta-in-piazza-V.-Emanuele-III-1024x576.jpg 1024w, https:\/\/fattidistoria.org\/wp-content\/uploads\/2022\/08\/89.-Sosta-in-piazza-V.-Emanuele-III-300x169.jpg 300w, https:\/\/fattidistoria.org\/wp-content\/uploads\/2022\/08\/89.-Sosta-in-piazza-V.-Emanuele-III-768x432.jpg 768w, https:\/\/fattidistoria.org\/wp-content\/uploads\/2022\/08\/89.-Sosta-in-piazza-V.-Emanuele-III-1536x864.jpg 1536w, https:\/\/fattidistoria.org\/wp-content\/uploads\/2022\/08\/89.-Sosta-in-piazza-V.-Emanuele-III-1230x692.jpg 1230w, https:\/\/fattidistoria.org\/wp-content\/uploads\/2022\/08\/89.-Sosta-in-piazza-V.-Emanuele-III.jpg 1920w\" sizes=\"auto, (max-width: 651px) 100vw, 651px\" \/><\/a><figcaption>Sosta in piazza V. Emanuele (III)<\/figcaption><\/figure>\n<\/div>\n\n<div class=\"wp-block-image\">\n<figure class=\"aligncenter size-large is-resized\"><a href=\"https:\/\/fattidistoria.org\/wp-content\/uploads\/2022\/08\/90.-Sosta-in-piazza.-S.-Caterina-I.jpg\"><img loading=\"lazy\" decoding=\"async\" src=\"https:\/\/fattidistoria.org\/wp-content\/uploads\/2022\/08\/90.-Sosta-in-piazza.-S.-Caterina-I-1024x576.jpg\" alt=\"\" class=\"wp-image-1339\" width=\"680\" height=\"382\" srcset=\"https:\/\/fattidistoria.org\/wp-content\/uploads\/2022\/08\/90.-Sosta-in-piazza.-S.-Caterina-I-1024x576.jpg 1024w, https:\/\/fattidistoria.org\/wp-content\/uploads\/2022\/08\/90.-Sosta-in-piazza.-S.-Caterina-I-300x169.jpg 300w, https:\/\/fattidistoria.org\/wp-content\/uploads\/2022\/08\/90.-Sosta-in-piazza.-S.-Caterina-I-768x432.jpg 768w, https:\/\/fattidistoria.org\/wp-content\/uploads\/2022\/08\/90.-Sosta-in-piazza.-S.-Caterina-I-1536x864.jpg 1536w, https:\/\/fattidistoria.org\/wp-content\/uploads\/2022\/08\/90.-Sosta-in-piazza.-S.-Caterina-I-1230x692.jpg 1230w, https:\/\/fattidistoria.org\/wp-content\/uploads\/2022\/08\/90.-Sosta-in-piazza.-S.-Caterina-I.jpg 1920w\" sizes=\"auto, (max-width: 680px) 100vw, 680px\" \/><\/a><figcaption> Sosta in piazza. S. Caterina (I)<\/figcaption><\/figure>\n<\/div>\n\n<div class=\"wp-block-image\">\n<figure class=\"aligncenter size-large is-resized\"><a href=\"https:\/\/fattidistoria.org\/wp-content\/uploads\/2022\/08\/91.-Sosta-in-piazza-S.-Caterina-II.jpg\"><img loading=\"lazy\" decoding=\"async\" src=\"https:\/\/fattidistoria.org\/wp-content\/uploads\/2022\/08\/91.-Sosta-in-piazza-S.-Caterina-II-1024x576.jpg\" alt=\"\" class=\"wp-image-1340\" width=\"607\" height=\"340\" srcset=\"https:\/\/fattidistoria.org\/wp-content\/uploads\/2022\/08\/91.-Sosta-in-piazza-S.-Caterina-II-1024x576.jpg 1024w, https:\/\/fattidistoria.org\/wp-content\/uploads\/2022\/08\/91.-Sosta-in-piazza-S.-Caterina-II-300x169.jpg 300w, https:\/\/fattidistoria.org\/wp-content\/uploads\/2022\/08\/91.-Sosta-in-piazza-S.-Caterina-II-768x432.jpg 768w, https:\/\/fattidistoria.org\/wp-content\/uploads\/2022\/08\/91.-Sosta-in-piazza-S.-Caterina-II-1536x864.jpg 1536w, https:\/\/fattidistoria.org\/wp-content\/uploads\/2022\/08\/91.-Sosta-in-piazza-S.-Caterina-II-1230x692.jpg 1230w, https:\/\/fattidistoria.org\/wp-content\/uploads\/2022\/08\/91.-Sosta-in-piazza-S.-Caterina-II.jpg 1920w\" sizes=\"auto, (max-width: 607px) 100vw, 607px\" \/><\/a><figcaption> Sosta in piazza S. Caterina (II)<\/figcaption><\/figure>\n<\/div>\n\n<div class=\"wp-block-image\">\n<figure class=\"aligncenter size-large is-resized\"><a href=\"https:\/\/fattidistoria.org\/wp-content\/uploads\/2022\/08\/92.-Sosta-in-piazza-S.-Caterina-III.jpg\"><img loading=\"lazy\" decoding=\"async\" src=\"https:\/\/fattidistoria.org\/wp-content\/uploads\/2022\/08\/92.-Sosta-in-piazza-S.-Caterina-III-1024x576.jpg\" alt=\"\" class=\"wp-image-1341\" width=\"606\" height=\"340\" srcset=\"https:\/\/fattidistoria.org\/wp-content\/uploads\/2022\/08\/92.-Sosta-in-piazza-S.-Caterina-III-1024x576.jpg 1024w, https:\/\/fattidistoria.org\/wp-content\/uploads\/2022\/08\/92.-Sosta-in-piazza-S.-Caterina-III-300x169.jpg 300w, https:\/\/fattidistoria.org\/wp-content\/uploads\/2022\/08\/92.-Sosta-in-piazza-S.-Caterina-III-768x432.jpg 768w, https:\/\/fattidistoria.org\/wp-content\/uploads\/2022\/08\/92.-Sosta-in-piazza-S.-Caterina-III-1536x864.jpg 1536w, https:\/\/fattidistoria.org\/wp-content\/uploads\/2022\/08\/92.-Sosta-in-piazza-S.-Caterina-III-1230x692.jpg 1230w, https:\/\/fattidistoria.org\/wp-content\/uploads\/2022\/08\/92.-Sosta-in-piazza-S.-Caterina-III.jpg 1920w\" sizes=\"auto, (max-width: 606px) 100vw, 606px\" \/><\/a><figcaption> Sosta in piazza S. Caterina (III)<\/figcaption><\/figure>\n<\/div>\n\n\n<p><\/p>\n<div style=\"min-height: 30px;display: inline-block;\"><input id=\"1271\" style=\"float: left;max-width: 50px;\" src=\"https:\/\/fattidistoria.org\/wp-content\/plugins\/wp-advanced-pdf\/asset\/images\/pdf.png\" alt=\"#TB_inline?height=230&amp;width=400&amp;inlineId=examplePopup1\" title=\"Export pdf to your Email\" class=\"thickbox export-pdf\" type=\"image\" value=\"Export to PDF\" \/><\/div>","protected":false},"excerpt":{"rendered":"<p>Ci son voluti tre anni ma, forse, siamo riusciti a tornare ad un\u2019accettabile normalit\u00e0. Avrete letto un po\u2019 ovunque che questo \u00e8, o dovrebbe essere,&#8230;<\/p>\n","protected":false},"author":3,"featured_media":1276,"comment_status":"open","ping_status":"open","sticky":false,"template":"","format":"standard","meta":{"footnotes":""},"categories":[7,6],"tags":[88,10,199,32,198,11,197,200,28,205,154,22,202,215,203,214,20,210,220,207,33,204,216,206,218,217,211,212,213,219,208,209,8],"class_list":["post-1271","post","type-post","status-publish","format-standard","has-post-thumbnail","hentry","category-storia","category-storia-locale","tag-27-luglio","tag-cilento","tag-don-federico-palmieri","tag-morra-manlio","tag-padre-giuseppe-castronuovo","tag-parco-nazionale-del-cilento","tag-processione-san-pantaleone","tag-prof-ssa-vitagrazia-pisani","tag-san-biagio","tag-san-cataldo","tag-san-costabile","tag-san-crescenzio","tag-san-domenico","tag-san-filippo-neri","tag-san-francesco-saverio","tag-san-gaetano","tag-san-giuseppe","tag-san-luigi","tag-san-michele-arcangelo","tag-san-nicola-di-mira","tag-san-pantaleone","tag-san-raffaele-ancangelo","tag-san-toribio","tag-san-vincenzo-ferrer","tag-sant-agostino","tag-sant-alfonso","tag-sant-aniello","tag-sant-antonio","tag-sant-antonio-abate","tag-sant-emidio","tag-sant-espedito","tag-santa-teresa-di-lisieux","tag-vallo-della-lucania","wpcat-7-id","wpcat-6-id"],"_links":{"self":[{"href":"https:\/\/fattidistoria.org\/index.php?rest_route=\/wp\/v2\/posts\/1271","targetHints":{"allow":["GET"]}}],"collection":[{"href":"https:\/\/fattidistoria.org\/index.php?rest_route=\/wp\/v2\/posts"}],"about":[{"href":"https:\/\/fattidistoria.org\/index.php?rest_route=\/wp\/v2\/types\/post"}],"author":[{"embeddable":true,"href":"https:\/\/fattidistoria.org\/index.php?rest_route=\/wp\/v2\/users\/3"}],"replies":[{"embeddable":true,"href":"https:\/\/fattidistoria.org\/index.php?rest_route=%2Fwp%2Fv2%2Fcomments&post=1271"}],"version-history":[{"count":0,"href":"https:\/\/fattidistoria.org\/index.php?rest_route=\/wp\/v2\/posts\/1271\/revisions"}],"wp:featuredmedia":[{"embeddable":true,"href":"https:\/\/fattidistoria.org\/index.php?rest_route=\/wp\/v2\/media\/1276"}],"wp:attachment":[{"href":"https:\/\/fattidistoria.org\/index.php?rest_route=%2Fwp%2Fv2%2Fmedia&parent=1271"}],"wp:term":[{"taxonomy":"category","embeddable":true,"href":"https:\/\/fattidistoria.org\/index.php?rest_route=%2Fwp%2Fv2%2Fcategories&post=1271"},{"taxonomy":"post_tag","embeddable":true,"href":"https:\/\/fattidistoria.org\/index.php?rest_route=%2Fwp%2Fv2%2Ftags&post=1271"}],"curies":[{"name":"wp","href":"https:\/\/api.w.org\/{rel}","templated":true}]}}