{"id":1735,"date":"2023-02-22T15:48:57","date_gmt":"2023-02-22T15:48:57","guid":{"rendered":"https:\/\/fattidistoria.org\/?p=1735"},"modified":"2023-02-22T15:48:59","modified_gmt":"2023-02-22T15:48:59","slug":"il-silenzio-lascolto-la-preghiera-spiritualita-e-azione-di-don-mario-sibilio","status":"publish","type":"post","link":"https:\/\/fattidistoria.org\/?p=1735","title":{"rendered":"Il silenzio, l\u2019ascolto, la preghiera: spiritualit\u00e0 e azione di don Mario Sibilio"},"content":{"rendered":"\n<p class=\"has-black-color has-text-color\" style=\"font-size:22px\">Ci sono uomini di Chiesa la cui vita lascia una traccia profonda che rimane ben oltre la loro scomparsa, un solco tenuto vivo da chi li ha conosciuti, a volte una vera e propria strada pronta ad essere percorsa da quanti ne coltivano la memoria e credono nella forza dell\u2019esempio. Di sicuro, uno di essi \u00e8 il sacerdote Mario Sibilio, il nostro don Mario, deceduto a novant\u2019anni agli inizi del 2022.<\/p>\n\n\n\n<p class=\"has-black-color has-text-color\" style=\"font-size:22px\">A un anno da quella triste data, un libro lo ricorda e comincia a delinearne la figura pastorale e umana. \u00c8 solo un inizio, ma \u00e8 gi\u00e0 il segno che quell\u2019uomo ha ancora molto da dire, che la sua dipartita non \u00e8 una scomparsa ma un cambiamento di stato, un passaggio dalla presenza alla memoria, dall\u2019azione personale all\u2019eredit\u00e0 sociale. Pi\u00f9 che proporre una prematura storicizzazione del personaggio, quel volume consente la manifestazione della memoria collettiva, il dispiegarsi dell\u2019affetto generalizzato destato da don Mario nel corso della sua vita. Infatti, al centro delle sue pagine si dipanano non solo alcuni suoi discorsi, lezioni e omelie, ma decine di testimonianze di persone che l\u2019hanno conosciuto, frequentato, amato.<\/p>\n\n\n<div class=\"wp-block-image\">\n<figure class=\"alignleft size-large is-resized\"><a href=\"https:\/\/fattidistoria.org\/wp-content\/uploads\/2023\/02\/1-scaled.jpg\"><img loading=\"lazy\" decoding=\"async\" src=\"https:\/\/fattidistoria.org\/wp-content\/uploads\/2023\/02\/1-601x1024.jpg\" alt=\"\" class=\"wp-image-1716\" width=\"329\" height=\"561\" srcset=\"https:\/\/fattidistoria.org\/wp-content\/uploads\/2023\/02\/1-601x1024.jpg 601w, https:\/\/fattidistoria.org\/wp-content\/uploads\/2023\/02\/1-176x300.jpg 176w, https:\/\/fattidistoria.org\/wp-content\/uploads\/2023\/02\/1-768x1309.jpg 768w, https:\/\/fattidistoria.org\/wp-content\/uploads\/2023\/02\/1-901x1536.jpg 901w, https:\/\/fattidistoria.org\/wp-content\/uploads\/2023\/02\/1-1202x2048.jpg 1202w, https:\/\/fattidistoria.org\/wp-content\/uploads\/2023\/02\/1-1230x2096.jpg 1230w, https:\/\/fattidistoria.org\/wp-content\/uploads\/2023\/02\/1-scaled.jpg 1502w\" sizes=\"auto, (max-width: 329px) 100vw, 329px\" \/><\/a><\/figure>\n<\/div>\n\n<div class=\"wp-block-image\">\n<figure class=\"alignright size-large is-resized\"><a href=\"https:\/\/fattidistoria.org\/wp-content\/uploads\/2023\/02\/2-scaled.jpg\"><img loading=\"lazy\" decoding=\"async\" src=\"https:\/\/fattidistoria.org\/wp-content\/uploads\/2023\/02\/2-728x1024.jpg\" alt=\"\" class=\"wp-image-1717\" width=\"349\" height=\"491\" srcset=\"https:\/\/fattidistoria.org\/wp-content\/uploads\/2023\/02\/2-728x1024.jpg 728w, https:\/\/fattidistoria.org\/wp-content\/uploads\/2023\/02\/2-213x300.jpg 213w, https:\/\/fattidistoria.org\/wp-content\/uploads\/2023\/02\/2-768x1080.jpg 768w, https:\/\/fattidistoria.org\/wp-content\/uploads\/2023\/02\/2-1093x1536.jpg 1093w, https:\/\/fattidistoria.org\/wp-content\/uploads\/2023\/02\/2-1457x2048.jpg 1457w, https:\/\/fattidistoria.org\/wp-content\/uploads\/2023\/02\/2-1230x1729.jpg 1230w, https:\/\/fattidistoria.org\/wp-content\/uploads\/2023\/02\/2-scaled.jpg 1821w\" sizes=\"auto, (max-width: 349px) 100vw, 349px\" \/><\/a><\/figure>\n<\/div>\n\n\n<p><\/p>\n\n\n\n<p><\/p>\n\n\n\n<p><\/p>\n\n\n\n<p><\/p>\n\n\n\n<p><\/p>\n\n\n\n<p><\/p>\n\n\n\n<p><\/p>\n\n\n\n<p class=\"has-black-color has-text-color\" style=\"font-size:22px\">All\u2019inizio di gennaio di quest\u2019anno si \u00e8 svolto nell\u2019Aula consiliare di Vallo un incontro di presentazione del libro con gli interventi dell\u2019autore, <strong>Luigi Rossi<\/strong>, del sindaco, <strong>Antonio Sansone<\/strong>, del delegato vescovile, <strong>don Franco Pecoraro<\/strong>, della prof.ssa <strong>Silvana Sorrentino<\/strong>, in rappresentanza dell\u2019<em>Associazione Amici di Cristo Sacerdote e Famiglia piccola Chiesa<\/em>, fondata dallo stesso don Mario e organizzatrice dell\u2019incontro, e di chi scrive. La sala gremita non \u00e8 stata solo la cornice dell\u2019evento, ma era gi\u00e0 testimonianza visiva di un diffuso sentimento di riconoscenza che circonda la figura di quel sacerdote. Non si trattava, infatti, di semplici curiosi o del pubblico colto interessato alle novit\u00e0 editoriali locali; s\u00ec, c\u2019erano anche costoro, ma il grosso dei presenti era l\u00ec per un altro motivo, per ricordare un sacerdote amico, un uomo sincero sempre disponibile all\u2019aiuto, al conforto, all\u2019incontro. Nell\u2019aula quasi <strong>aleggiava la presenza spirituale di don Mario<\/strong>, qualcuno vi ha accennato, a molti \u00e8 parso vero, forse suggestionati dall\u2019atmosfera o dal desiderio di godere ancora della sua presenza. L\u2019incontro ha cos\u00ec assunto i toni di una celebrazione laica di cui nessuno \u00e8 stato solo un semplice spettatore, ma tutti si sono sentiti coinvolti in prima persona.<\/p>\n\n\n<div class=\"wp-block-image\">\n<figure class=\"aligncenter size-large is-resized\"><a href=\"https:\/\/fattidistoria.org\/wp-content\/uploads\/2023\/02\/3.Incontro-di-presentazione-del-libro-su-don-Mario-Sibilio.jpg\"><img loading=\"lazy\" decoding=\"async\" src=\"https:\/\/fattidistoria.org\/wp-content\/uploads\/2023\/02\/3.Incontro-di-presentazione-del-libro-su-don-Mario-Sibilio-1024x449.jpg\" alt=\"Incontro di presentazione del libro su don Mario Sibilio\" class=\"wp-image-1718\" width=\"752\" height=\"329\" srcset=\"https:\/\/fattidistoria.org\/wp-content\/uploads\/2023\/02\/3.Incontro-di-presentazione-del-libro-su-don-Mario-Sibilio-1024x449.jpg 1024w, https:\/\/fattidistoria.org\/wp-content\/uploads\/2023\/02\/3.Incontro-di-presentazione-del-libro-su-don-Mario-Sibilio-300x132.jpg 300w, https:\/\/fattidistoria.org\/wp-content\/uploads\/2023\/02\/3.Incontro-di-presentazione-del-libro-su-don-Mario-Sibilio-768x337.jpg 768w, https:\/\/fattidistoria.org\/wp-content\/uploads\/2023\/02\/3.Incontro-di-presentazione-del-libro-su-don-Mario-Sibilio-1536x674.jpg 1536w, https:\/\/fattidistoria.org\/wp-content\/uploads\/2023\/02\/3.Incontro-di-presentazione-del-libro-su-don-Mario-Sibilio-1230x540.jpg 1230w, https:\/\/fattidistoria.org\/wp-content\/uploads\/2023\/02\/3.Incontro-di-presentazione-del-libro-su-don-Mario-Sibilio.jpg 1540w\" sizes=\"auto, (max-width: 752px) 100vw, 752px\" \/><\/a><figcaption class=\"wp-element-caption\">Incontro di presentazione del libro su don Mario Sibilio<\/figcaption><\/figure>\n<\/div>\n\n<div class=\"wp-block-image\">\n<figure class=\"aligncenter size-full is-resized\"><a href=\"https:\/\/fattidistoria.org\/wp-content\/uploads\/2023\/02\/4.Incontro-di-presentazione-del-ibro-su-don-Mario-Sibilio.jpg\"><img loading=\"lazy\" decoding=\"async\" src=\"https:\/\/fattidistoria.org\/wp-content\/uploads\/2023\/02\/4.Incontro-di-presentazione-del-ibro-su-don-Mario-Sibilio.jpg\" alt=\"\" class=\"wp-image-1719\" width=\"290\" height=\"254\" srcset=\"https:\/\/fattidistoria.org\/wp-content\/uploads\/2023\/02\/4.Incontro-di-presentazione-del-ibro-su-don-Mario-Sibilio.jpg 852w, https:\/\/fattidistoria.org\/wp-content\/uploads\/2023\/02\/4.Incontro-di-presentazione-del-ibro-su-don-Mario-Sibilio-300x263.jpg 300w, https:\/\/fattidistoria.org\/wp-content\/uploads\/2023\/02\/4.Incontro-di-presentazione-del-ibro-su-don-Mario-Sibilio-768x674.jpg 768w\" sizes=\"auto, (max-width: 290px) 100vw, 290px\" \/><\/a><figcaption class=\"wp-element-caption\">Incontro di presentazione del ibro su don Mario Sibilio<\/figcaption><\/figure>\n<\/div>\n\n\n<p class=\"has-black-color has-text-color\" style=\"font-size:22px\">Dalle relazioni tenute e dalle pagine lette emerge la figura di un sacerdote completamente dedito alla sua missione, capace di portare ovunque l\u2019efficacia di una forte azione pastorale e di un altrettanto forte impegno sociale. Le comunit\u00e0 che lo hanno avuto come parroco non hanno dimenticato le sue capacit\u00e0 di mettersi in ascolto delle loro esigenze e al servizio della loro crescita. Sia a <strong>Cardile<\/strong>, dove ebbe il primo incarico di parroco nel \u201956, che a <strong>Pellare<\/strong>, dove svolse lo stesso ufficio dal \u201957 al \u201968, dando vita a un\u2019intensa esperienza di animazione comunitaria \u2013 come ha avuto modo di ricordare di recente l\u2019attuale parroco di \u201cS. Bartolomeo Apostolo\u201d, don Angelo Imbriaco, nel suo bel libro-testimonianza <em>Don Mario Sibilio a Pellare<\/em> \u2013 seppe farsi interprete delle dinamiche sociali e religiose. Non meno coinvolgenti furono le sue esperienze di pastore svolte a <strong>Vallo<\/strong>, dove fu parroco di Santa Maria delle Grazie dal \u201975 all\u201980 e dall\u201983 al \u201996, dando nuovo splendore al culto della Madonna e organizzando i festeggiamenti del \u201cdecennio\u201d del \u201978 e del \u201cbicentenario\u201d dell\u201988, e a <strong>Massa<\/strong>, dove tenne la parrocchia di S. Maria della Vittoria dal \u201992 al 2015, instaurando con i fedeli locali un fecondo rapporto di paternit\u00e0 spirituale. Fu anche <strong>reggente della Cattedrale di \u201cSan Pantaleone\u201d<\/strong> di Vallo per un breve periodo (dall\u201986 all\u201988), un momento di passaggio, poco prima della sua riapertura al termine dei restauri per i danni causati dal terremoto del novembre 1980.<\/p>\n\n\n<div class=\"wp-block-image\">\n<figure class=\"alignleft size-large is-resized\"><a href=\"https:\/\/fattidistoria.org\/wp-content\/uploads\/2023\/02\/5.-Foto-da-A.-Imbriaco-Don-Mario-Sibilio-a-Pellare-Edizioni-Magna-Graecia-Roccadaspide-2022.jpg\"><img loading=\"lazy\" decoding=\"async\" src=\"https:\/\/fattidistoria.org\/wp-content\/uploads\/2023\/02\/5.-Foto-da-A.-Imbriaco-Don-Mario-Sibilio-a-Pellare-Edizioni-Magna-Graecia-Roccadaspide-2022-642x1024.jpg\" alt=\"\" class=\"wp-image-1720\" width=\"298\" height=\"475\" srcset=\"https:\/\/fattidistoria.org\/wp-content\/uploads\/2023\/02\/5.-Foto-da-A.-Imbriaco-Don-Mario-Sibilio-a-Pellare-Edizioni-Magna-Graecia-Roccadaspide-2022-642x1024.jpg 642w, https:\/\/fattidistoria.org\/wp-content\/uploads\/2023\/02\/5.-Foto-da-A.-Imbriaco-Don-Mario-Sibilio-a-Pellare-Edizioni-Magna-Graecia-Roccadaspide-2022-188x300.jpg 188w, https:\/\/fattidistoria.org\/wp-content\/uploads\/2023\/02\/5.-Foto-da-A.-Imbriaco-Don-Mario-Sibilio-a-Pellare-Edizioni-Magna-Graecia-Roccadaspide-2022-768x1225.jpg 768w, https:\/\/fattidistoria.org\/wp-content\/uploads\/2023\/02\/5.-Foto-da-A.-Imbriaco-Don-Mario-Sibilio-a-Pellare-Edizioni-Magna-Graecia-Roccadaspide-2022-963x1536.jpg 963w, https:\/\/fattidistoria.org\/wp-content\/uploads\/2023\/02\/5.-Foto-da-A.-Imbriaco-Don-Mario-Sibilio-a-Pellare-Edizioni-Magna-Graecia-Roccadaspide-2022-1284x2048.jpg 1284w, https:\/\/fattidistoria.org\/wp-content\/uploads\/2023\/02\/5.-Foto-da-A.-Imbriaco-Don-Mario-Sibilio-a-Pellare-Edizioni-Magna-Graecia-Roccadaspide-2022-1230x1962.jpg 1230w, https:\/\/fattidistoria.org\/wp-content\/uploads\/2023\/02\/5.-Foto-da-A.-Imbriaco-Don-Mario-Sibilio-a-Pellare-Edizioni-Magna-Graecia-Roccadaspide-2022.jpg 1540w\" sizes=\"auto, (max-width: 298px) 100vw, 298px\" \/><\/a><figcaption class=\"wp-element-caption\">Foto da A. Imbriaco, Don Mario Sibilio a Pellare, Edizioni Magna Graecia, Roccadaspide, 2022<\/figcaption><\/figure>\n<\/div>\n\n<div class=\"wp-block-image\">\n<figure class=\"alignright size-large is-resized\"><a href=\"https:\/\/fattidistoria.org\/wp-content\/uploads\/2023\/02\/6.-Parroco-a-Pellare-da-A.-Imbriaco-Don-Mario-Sibilio....jpg\"><img loading=\"lazy\" decoding=\"async\" src=\"https:\/\/fattidistoria.org\/wp-content\/uploads\/2023\/02\/6.-Parroco-a-Pellare-da-A.-Imbriaco-Don-Mario-Sibilio...-1024x1014.jpg\" alt=\"\" class=\"wp-image-1721\" width=\"378\" height=\"374\" srcset=\"https:\/\/fattidistoria.org\/wp-content\/uploads\/2023\/02\/6.-Parroco-a-Pellare-da-A.-Imbriaco-Don-Mario-Sibilio...-1024x1014.jpg 1024w, https:\/\/fattidistoria.org\/wp-content\/uploads\/2023\/02\/6.-Parroco-a-Pellare-da-A.-Imbriaco-Don-Mario-Sibilio...-300x297.jpg 300w, https:\/\/fattidistoria.org\/wp-content\/uploads\/2023\/02\/6.-Parroco-a-Pellare-da-A.-Imbriaco-Don-Mario-Sibilio...-768x761.jpg 768w, https:\/\/fattidistoria.org\/wp-content\/uploads\/2023\/02\/6.-Parroco-a-Pellare-da-A.-Imbriaco-Don-Mario-Sibilio...-1536x1521.jpg 1536w, https:\/\/fattidistoria.org\/wp-content\/uploads\/2023\/02\/6.-Parroco-a-Pellare-da-A.-Imbriaco-Don-Mario-Sibilio...-1230x1218.jpg 1230w, https:\/\/fattidistoria.org\/wp-content\/uploads\/2023\/02\/6.-Parroco-a-Pellare-da-A.-Imbriaco-Don-Mario-Sibilio...-100x100.jpg 100w, https:\/\/fattidistoria.org\/wp-content\/uploads\/2023\/02\/6.-Parroco-a-Pellare-da-A.-Imbriaco-Don-Mario-Sibilio....jpg 1648w\" sizes=\"auto, (max-width: 378px) 100vw, 378px\" \/><\/a><figcaption class=\"wp-element-caption\"> Parroco a Pellare (da A. Imbriaco, Don Mario Sibilio&#8230;)<\/figcaption><\/figure>\n<\/div>\n\n\n<p class=\"has-black-color has-text-color\" style=\"font-size:22px\">Pur nella loro diversit\u00e0, legata alle caratteristiche locali e ai tempi anche assai distanti tra di loro, si tratt\u00f2 sempre dello stesso modo di declinare il ruolo di parroco, quello di un uomo che vive i problemi dei suoi parrocchiani, che legge e sa capire le forme e le manifestazioni della piet\u00e0 popolare, senza temere di correggerne errori e storture. In altri termini, che rappresenta la sua comunit\u00e0 fino a incarnarne bisogni, dolori, gioie e speranze.<\/p>\n\n\n\n<p class=\"has-black-color has-text-color\" style=\"font-size:22px\">L\u2019ufficio di parroco si incroci\u00f2 sempre con altri incarichi, da quello di <strong>Rettore del Seminario diocesano<\/strong> (dal \u201973 al \u201975 e dal \u201979 all\u201982) a quello di docente nelle scuole interne dello stesso istituto (dagli anni Cinquanta) e di insegnante di religione alla Scuola di Avviamento prima (dal \u201960) e al Magistrale poi (nello stesso decennio e anche in seguito). In tempi pi\u00f9 recenti il vescovo Favale gli affid\u00f2 anche il delicato incarico di <strong>Vicario generale<\/strong>, che tenne per dieci anni (1995-2005). Dovunque port\u00f2 seriet\u00e0 e sorriso, rigore e comprensione, non venendo mai meno alle incombenze anche gravose di ogni ufficio ma vivendole sempre con la serenit\u00e0 del cuore e l\u2019affabilit\u00e0 dei modi.<\/p>\n\n\n<div class=\"wp-block-image\">\n<figure class=\"alignleft size-large is-resized\"><a href=\"https:\/\/fattidistoria.org\/wp-content\/uploads\/2023\/02\/7.Foto-da-L.-Rossi-Mario-Sibilio.-Un-presbitero-della-diocesi-di-Vallo-Francesco-DAmato-Editore-SantEgidio-del-Monte-Albino-2022.jpg\"><img loading=\"lazy\" decoding=\"async\" src=\"https:\/\/fattidistoria.org\/wp-content\/uploads\/2023\/02\/7.Foto-da-L.-Rossi-Mario-Sibilio.-Un-presbitero-della-diocesi-di-Vallo-Francesco-DAmato-Editore-SantEgidio-del-Monte-Albino-2022-1024x734.jpg\" alt=\"\" class=\"wp-image-1722\" width=\"420\" height=\"301\" srcset=\"https:\/\/fattidistoria.org\/wp-content\/uploads\/2023\/02\/7.Foto-da-L.-Rossi-Mario-Sibilio.-Un-presbitero-della-diocesi-di-Vallo-Francesco-DAmato-Editore-SantEgidio-del-Monte-Albino-2022-1024x734.jpg 1024w, https:\/\/fattidistoria.org\/wp-content\/uploads\/2023\/02\/7.Foto-da-L.-Rossi-Mario-Sibilio.-Un-presbitero-della-diocesi-di-Vallo-Francesco-DAmato-Editore-SantEgidio-del-Monte-Albino-2022-300x215.jpg 300w, https:\/\/fattidistoria.org\/wp-content\/uploads\/2023\/02\/7.Foto-da-L.-Rossi-Mario-Sibilio.-Un-presbitero-della-diocesi-di-Vallo-Francesco-DAmato-Editore-SantEgidio-del-Monte-Albino-2022-768x550.jpg 768w, https:\/\/fattidistoria.org\/wp-content\/uploads\/2023\/02\/7.Foto-da-L.-Rossi-Mario-Sibilio.-Un-presbitero-della-diocesi-di-Vallo-Francesco-DAmato-Editore-SantEgidio-del-Monte-Albino-2022-1536x1100.jpg 1536w, https:\/\/fattidistoria.org\/wp-content\/uploads\/2023\/02\/7.Foto-da-L.-Rossi-Mario-Sibilio.-Un-presbitero-della-diocesi-di-Vallo-Francesco-DAmato-Editore-SantEgidio-del-Monte-Albino-2022-2048x1467.jpg 2048w, https:\/\/fattidistoria.org\/wp-content\/uploads\/2023\/02\/7.Foto-da-L.-Rossi-Mario-Sibilio.-Un-presbitero-della-diocesi-di-Vallo-Francesco-DAmato-Editore-SantEgidio-del-Monte-Albino-2022-1230x881.jpg 1230w\" sizes=\"auto, (max-width: 420px) 100vw, 420px\" \/><\/a><figcaption class=\"wp-element-caption\">Foto da L. Rossi, Mario Sibilio. Un presbitero della diocesi di Vallo, Francesco D&#8217;Amato Editore, Sant&#8217;Egidio del Monte Albino, 2022<\/figcaption><\/figure>\n<\/div>\n\n<div class=\"wp-block-image\">\n<figure class=\"alignright size-large is-resized\"><a href=\"https:\/\/fattidistoria.org\/wp-content\/uploads\/2023\/02\/8.Parroco-a-Pellare-da-A.-Imbriaco-Don-Mario....jpg\"><img loading=\"lazy\" decoding=\"async\" src=\"https:\/\/fattidistoria.org\/wp-content\/uploads\/2023\/02\/8.Parroco-a-Pellare-da-A.-Imbriaco-Don-Mario...-702x1024.jpg\" alt=\"\" class=\"wp-image-1723\" width=\"283\" height=\"414\" srcset=\"https:\/\/fattidistoria.org\/wp-content\/uploads\/2023\/02\/8.Parroco-a-Pellare-da-A.-Imbriaco-Don-Mario...-702x1024.jpg 702w, https:\/\/fattidistoria.org\/wp-content\/uploads\/2023\/02\/8.Parroco-a-Pellare-da-A.-Imbriaco-Don-Mario...-206x300.jpg 206w, https:\/\/fattidistoria.org\/wp-content\/uploads\/2023\/02\/8.Parroco-a-Pellare-da-A.-Imbriaco-Don-Mario...-768x1120.jpg 768w, https:\/\/fattidistoria.org\/wp-content\/uploads\/2023\/02\/8.Parroco-a-Pellare-da-A.-Imbriaco-Don-Mario...-1053x1536.jpg 1053w, https:\/\/fattidistoria.org\/wp-content\/uploads\/2023\/02\/8.Parroco-a-Pellare-da-A.-Imbriaco-Don-Mario...-1404x2048.jpg 1404w, https:\/\/fattidistoria.org\/wp-content\/uploads\/2023\/02\/8.Parroco-a-Pellare-da-A.-Imbriaco-Don-Mario...-1230x1794.jpg 1230w, https:\/\/fattidistoria.org\/wp-content\/uploads\/2023\/02\/8.Parroco-a-Pellare-da-A.-Imbriaco-Don-Mario....jpg 1588w\" sizes=\"auto, (max-width: 283px) 100vw, 283px\" \/><\/a><figcaption class=\"wp-element-caption\">Parroco a Pellare (da A. Imbriaco, Don Mario&#8230;)<\/figcaption><\/figure>\n<\/div>\n\n\n<p class=\"has-black-color has-text-color\" style=\"font-size:22px\">Nel suo lungo ministero \u2013 durato tutta una vita, da quell\u2019estate del \u201955, quando fu consacrato sacerdote da mons. Pezzullo a Gioi, a praticamente pochi mesi prima della morte \u2013 coltiv\u00f2 l\u2019amore per i giovani con quella forma di apostolato laicale che \u00e8 <strong>l\u2019Azione Cattolica<\/strong>. Vi si impegn\u00f2 spronato dai suoi vescovi e dalle convinzioni personali, riuscendo in ognuna delle sue parrocchie a farne lo strumento principe per coinvolgere i giovani, avvicinarli alla fede e magari alla vocazione. Fu, questo, un ambito nel quale fece carriera perch\u00e9 il successo ottenuto nelle parrocchie lo fece notare a <strong>mons. D\u2019Agostino<\/strong>, grande fautore dell\u2019AC, che lo nomin\u00f2 gi\u00e0 nel \u201958 Vice-Assistente diocesano della Giovent\u00f9 Femminile, il ramo pi\u00f9 numeroso e attivo dell\u2019associazione, e nel \u201966 Assistente dello stesso settore, in sostituzione di <strong>mons. Alessandro Salati<\/strong>, ritiratosi dopo circa trent\u2019anni di lavoro nello stesso campo di apostolato. In quell\u2019anno assumeva anche l\u2019incarico pi\u00f9 generale di Vice-Delegato vescovile dell\u2019AC, coadiuvando l\u2019azione del Delegato, <strong>mons. Francesco Signorelli<\/strong>.<\/p>\n\n\n<div class=\"wp-block-image\">\n<figure class=\"alignleft size-large is-resized\"><a href=\"https:\/\/fattidistoria.org\/wp-content\/uploads\/2023\/02\/9.-Foto-da-L.-Rossi-Mario-Sibilio....jpg\"><img loading=\"lazy\" decoding=\"async\" src=\"https:\/\/fattidistoria.org\/wp-content\/uploads\/2023\/02\/9.-Foto-da-L.-Rossi-Mario-Sibilio...-963x1024.jpg\" alt=\"\" class=\"wp-image-1724\" width=\"324\" height=\"345\" srcset=\"https:\/\/fattidistoria.org\/wp-content\/uploads\/2023\/02\/9.-Foto-da-L.-Rossi-Mario-Sibilio...-963x1024.jpg 963w, https:\/\/fattidistoria.org\/wp-content\/uploads\/2023\/02\/9.-Foto-da-L.-Rossi-Mario-Sibilio...-282x300.jpg 282w, https:\/\/fattidistoria.org\/wp-content\/uploads\/2023\/02\/9.-Foto-da-L.-Rossi-Mario-Sibilio...-768x817.jpg 768w, https:\/\/fattidistoria.org\/wp-content\/uploads\/2023\/02\/9.-Foto-da-L.-Rossi-Mario-Sibilio...-1444x1536.jpg 1444w, https:\/\/fattidistoria.org\/wp-content\/uploads\/2023\/02\/9.-Foto-da-L.-Rossi-Mario-Sibilio...-1926x2048.jpg 1926w, https:\/\/fattidistoria.org\/wp-content\/uploads\/2023\/02\/9.-Foto-da-L.-Rossi-Mario-Sibilio...-1230x1308.jpg 1230w, https:\/\/fattidistoria.org\/wp-content\/uploads\/2023\/02\/9.-Foto-da-L.-Rossi-Mario-Sibilio....jpg 2016w\" sizes=\"auto, (max-width: 324px) 100vw, 324px\" \/><\/a><figcaption class=\"wp-element-caption\">Foto da L. Rossi, Mario Sibilio&#8230;<\/figcaption><\/figure>\n<\/div>\n\n<div class=\"wp-block-image\">\n<figure class=\"alignright size-large is-resized\"><a href=\"https:\/\/fattidistoria.org\/wp-content\/uploads\/2023\/02\/10.-A-Pellare-con-i-ragazzi-della-GIAC-da-A.-Imbriaco-Don-Mario-Sibilio...-scaled.jpg\"><img loading=\"lazy\" decoding=\"async\" src=\"https:\/\/fattidistoria.org\/wp-content\/uploads\/2023\/02\/10.-A-Pellare-con-i-ragazzi-della-GIAC-da-A.-Imbriaco-Don-Mario-Sibilio...-1024x719.jpg\" alt=\"\" class=\"wp-image-1725\" width=\"414\" height=\"290\" srcset=\"https:\/\/fattidistoria.org\/wp-content\/uploads\/2023\/02\/10.-A-Pellare-con-i-ragazzi-della-GIAC-da-A.-Imbriaco-Don-Mario-Sibilio...-1024x719.jpg 1024w, https:\/\/fattidistoria.org\/wp-content\/uploads\/2023\/02\/10.-A-Pellare-con-i-ragazzi-della-GIAC-da-A.-Imbriaco-Don-Mario-Sibilio...-300x211.jpg 300w, https:\/\/fattidistoria.org\/wp-content\/uploads\/2023\/02\/10.-A-Pellare-con-i-ragazzi-della-GIAC-da-A.-Imbriaco-Don-Mario-Sibilio...-768x539.jpg 768w, https:\/\/fattidistoria.org\/wp-content\/uploads\/2023\/02\/10.-A-Pellare-con-i-ragazzi-della-GIAC-da-A.-Imbriaco-Don-Mario-Sibilio...-1536x1078.jpg 1536w, https:\/\/fattidistoria.org\/wp-content\/uploads\/2023\/02\/10.-A-Pellare-con-i-ragazzi-della-GIAC-da-A.-Imbriaco-Don-Mario-Sibilio...-2048x1437.jpg 2048w, https:\/\/fattidistoria.org\/wp-content\/uploads\/2023\/02\/10.-A-Pellare-con-i-ragazzi-della-GIAC-da-A.-Imbriaco-Don-Mario-Sibilio...-1230x863.jpg 1230w\" sizes=\"auto, (max-width: 414px) 100vw, 414px\" \/><\/a><figcaption class=\"wp-element-caption\"> A Pellare con i ragazzi della GIAC (da A. Imbriaco, Don Mario Sibilio&#8230;)<\/figcaption><\/figure>\n<\/div>\n\n\n<p class=\"has-black-color has-text-color\" style=\"font-size:22px\">\u00c8 il periodo di maggiore espansione dell\u2019Azione Cattolica in diocesi, che arriva \u2013 soprattutto con i gruppi giovanili \u2013 ad essere presente praticamente in ogni parrocchia e a coinvolgere un folto gruppo di laici nelle attivit\u00e0 dirigenziali. Tutti ricordano <strong>l\u2019insegnante Ernesto Nicoletti<\/strong>, a lungo Presidente diocesano e uomo di fiducia di D\u2019Agostino. Ma sono anche anni difficili per l\u2019apostolato giovanile, gli anni del Vaticano II, del nuovo ruolo assegnato al laicato, della cosiddetta \u201cscelta religiosa\u201d operata dall\u2019AC del <strong>presidente Bachelet<\/strong> e resa concreta dal nuovo statuto del \u201969.<\/p>\n\n\n<div class=\"wp-block-image\">\n<figure class=\"alignleft size-large is-resized\"><a href=\"https:\/\/fattidistoria.org\/wp-content\/uploads\/2023\/02\/11.-Decennio-78-foto-Fam.-Pilerci-scaled.jpg\"><img loading=\"lazy\" decoding=\"async\" src=\"https:\/\/fattidistoria.org\/wp-content\/uploads\/2023\/02\/11.-Decennio-78-foto-Fam.-Pilerci-1024x772.jpg\" alt=\"\" class=\"wp-image-1726\" width=\"438\" height=\"330\" srcset=\"https:\/\/fattidistoria.org\/wp-content\/uploads\/2023\/02\/11.-Decennio-78-foto-Fam.-Pilerci-1024x772.jpg 1024w, https:\/\/fattidistoria.org\/wp-content\/uploads\/2023\/02\/11.-Decennio-78-foto-Fam.-Pilerci-300x226.jpg 300w, https:\/\/fattidistoria.org\/wp-content\/uploads\/2023\/02\/11.-Decennio-78-foto-Fam.-Pilerci-768x579.jpg 768w, https:\/\/fattidistoria.org\/wp-content\/uploads\/2023\/02\/11.-Decennio-78-foto-Fam.-Pilerci-1536x1157.jpg 1536w, https:\/\/fattidistoria.org\/wp-content\/uploads\/2023\/02\/11.-Decennio-78-foto-Fam.-Pilerci-2048x1543.jpg 2048w, https:\/\/fattidistoria.org\/wp-content\/uploads\/2023\/02\/11.-Decennio-78-foto-Fam.-Pilerci-1230x927.jpg 1230w, https:\/\/fattidistoria.org\/wp-content\/uploads\/2023\/02\/11.-Decennio-78-foto-Fam.-Pilerci-480x360.jpg 480w\" sizes=\"auto, (max-width: 438px) 100vw, 438px\" \/><\/a><figcaption class=\"wp-element-caption\">Decennio &#8217;78 (foto Fam. Pilerci)<\/figcaption><\/figure>\n<\/div>\n\n<div class=\"wp-block-image\">\n<figure class=\"alignright size-large is-resized\"><a href=\"https:\/\/fattidistoria.org\/wp-content\/uploads\/2023\/02\/12.-A-Pellare-con-i-ragazzi-della-squadra-di-calcio-da-A.-Imbriaco-Don-Mario-Sibilio...-scaled.jpg\"><img loading=\"lazy\" decoding=\"async\" src=\"https:\/\/fattidistoria.org\/wp-content\/uploads\/2023\/02\/12.-A-Pellare-con-i-ragazzi-della-squadra-di-calcio-da-A.-Imbriaco-Don-Mario-Sibilio...-737x1024.jpg\" alt=\"\" class=\"wp-image-1727\" width=\"292\" height=\"406\" srcset=\"https:\/\/fattidistoria.org\/wp-content\/uploads\/2023\/02\/12.-A-Pellare-con-i-ragazzi-della-squadra-di-calcio-da-A.-Imbriaco-Don-Mario-Sibilio...-737x1024.jpg 737w, https:\/\/fattidistoria.org\/wp-content\/uploads\/2023\/02\/12.-A-Pellare-con-i-ragazzi-della-squadra-di-calcio-da-A.-Imbriaco-Don-Mario-Sibilio...-216x300.jpg 216w, https:\/\/fattidistoria.org\/wp-content\/uploads\/2023\/02\/12.-A-Pellare-con-i-ragazzi-della-squadra-di-calcio-da-A.-Imbriaco-Don-Mario-Sibilio...-768x1068.jpg 768w, https:\/\/fattidistoria.org\/wp-content\/uploads\/2023\/02\/12.-A-Pellare-con-i-ragazzi-della-squadra-di-calcio-da-A.-Imbriaco-Don-Mario-Sibilio...-1105x1536.jpg 1105w, https:\/\/fattidistoria.org\/wp-content\/uploads\/2023\/02\/12.-A-Pellare-con-i-ragazzi-della-squadra-di-calcio-da-A.-Imbriaco-Don-Mario-Sibilio...-1473x2048.jpg 1473w, https:\/\/fattidistoria.org\/wp-content\/uploads\/2023\/02\/12.-A-Pellare-con-i-ragazzi-della-squadra-di-calcio-da-A.-Imbriaco-Don-Mario-Sibilio...-1230x1710.jpg 1230w, https:\/\/fattidistoria.org\/wp-content\/uploads\/2023\/02\/12.-A-Pellare-con-i-ragazzi-della-squadra-di-calcio-da-A.-Imbriaco-Don-Mario-Sibilio...-scaled.jpg 1842w\" sizes=\"auto, (max-width: 292px) 100vw, 292px\" \/><\/a><figcaption class=\"wp-element-caption\">A Pellare con i ragazzi della squadra di calcio (da A. Imbriaco, Don Mario Sibilio&#8230;)<\/figcaption><\/figure>\n<\/div>\n\n\n<p class=\"has-black-color has-text-color\" style=\"font-size:22px\">Don Mario vive tutto ci\u00f2 col suo consueto impegno, obbediente ai nuovi indirizzi ma anche consapevole dei cambiamenti in atto. Il suo amore per i giovani non viene meno, anzi sembra incrementarsi come mostra l\u2019apprezzamento del vescovo che, nel \u201972, lo propone alla Conferenza episcopale regionale come Assistente per il Salernitano del settore giovanile della rinnovata Azione Cattolica. Proposta subito accettata, e cos\u00ec il nostro, insieme a <strong>don Paolo Pifano<\/strong> di Policastro, va a coadiuvare <strong>mons. Settimio Cipriani<\/strong>, che \u00e8 l\u2019Assistente di AC per la Regione ecclesiastica salernitano-lucana.<\/p>\n\n\n\n<p class=\"has-black-color has-text-color\" style=\"font-size:22px\">Possiamo solo immaginare l\u2019aumento dei suoi impegni a favore dei ragazzi e dei giovani con gli esercizi spirituali, i campi scuola, i convegni per i dirigenti e gli assistenti, gli incontri di formazione, i corsi organizzativi e spirituali, le numerose occasioni di svago, di preghiera, di amicizia. Per lui, tutto era cominciato con quei <strong>Gr<\/strong>uppi <strong>Est<\/strong>ivi (GREST) con cui portava sulla Civitella i giovani di Pellare \u2013 quando era il loro parroco e anche qualcosa di pi\u00f9 \u2013 a fare campeggio, ma anche a pregare, socializzare e cercare la propria vocazione.<\/p>\n\n\n\n<p class=\"has-black-color has-text-color\" style=\"font-size:22px\">Ricordo quando, nel 2018, in occasione dei festeggiamenti per i cento anni dell\u2019Azione Cattolica diocesana, disse, alla presenza di <strong>Raffaele Cananzi<\/strong>, presidente nazionale dell\u2019AC italiana dall\u201986 al \u201992, che per lui celebrare tale traguardo per la massima associazione di impegno cristiano in diocesi era \u201cmotivo di soddisfazione, di gioia, di santo orgoglio\u201d. Ecco, in quest\u2019ultima espressone c\u2019\u00e8 tutto il don Mario che abbiamo conosciuto: mite, sincero ma consapevole del suo impegno e della sua fedelt\u00e0.<\/p>\n\n\n<div class=\"wp-block-image\">\n<figure class=\"aligncenter size-large is-resized\"><a href=\"https:\/\/fattidistoria.org\/wp-content\/uploads\/2023\/02\/13.Decennio-78-foto-Fam.-Pilerci-scaled.jpg\"><img loading=\"lazy\" decoding=\"async\" src=\"https:\/\/fattidistoria.org\/wp-content\/uploads\/2023\/02\/13.Decennio-78-foto-Fam.-Pilerci-1024x727.jpg\" alt=\"\" class=\"wp-image-1728\" width=\"478\" height=\"340\" srcset=\"https:\/\/fattidistoria.org\/wp-content\/uploads\/2023\/02\/13.Decennio-78-foto-Fam.-Pilerci-1024x727.jpg 1024w, https:\/\/fattidistoria.org\/wp-content\/uploads\/2023\/02\/13.Decennio-78-foto-Fam.-Pilerci-300x213.jpg 300w, https:\/\/fattidistoria.org\/wp-content\/uploads\/2023\/02\/13.Decennio-78-foto-Fam.-Pilerci-768x545.jpg 768w, https:\/\/fattidistoria.org\/wp-content\/uploads\/2023\/02\/13.Decennio-78-foto-Fam.-Pilerci-1536x1091.jpg 1536w, https:\/\/fattidistoria.org\/wp-content\/uploads\/2023\/02\/13.Decennio-78-foto-Fam.-Pilerci-2048x1455.jpg 2048w, https:\/\/fattidistoria.org\/wp-content\/uploads\/2023\/02\/13.Decennio-78-foto-Fam.-Pilerci-1230x874.jpg 1230w\" sizes=\"auto, (max-width: 478px) 100vw, 478px\" \/><\/a><figcaption class=\"wp-element-caption\">Decennio &#8217;78 (foto Fam. Pilerci)<\/figcaption><\/figure>\n<\/div>\n\n\n<p class=\"has-black-color has-text-color\" style=\"font-size:22px\">E allora non possiamo stupirci di quanto scrivono molti amici dell\u2019Azione Cattolica ricordandolo, spesso commossi, sempre riconoscenti, come assistente e molto di pi\u00f9. Per <strong>Elide Marrocco<\/strong>, ricordarlo \u201c<em>significa ricordare una figura straordinaria di santo sacerdote, di parroco, di pastore di tante anime. Don Mario, <\/em><em><strong>uomo di preghiera, aveva un cuore di padre<\/strong><\/em><em>, sempre accogliente, sempre ricco di amore per tutti, tanti giovani andavano da lui per una guida spirituale, per un dialogo, per un consiglio. Intere generazioni si sono formate col suo aiuto spirituale, cos\u00ec anch\u2019io da giovane, quando ero alla ricerca della mia vocazione, ho cercato la guida di Don Mario<\/em>\u201d. Aiuto prontamente arrivato attraverso insegnamenti e vicinanza spirituale, come nel caso di <strong>Mara di Fluri<\/strong> che ricorda un momento particolare della sua giovinezza, assai emblematico: \u201c<em>L\u2019ho conosciuto durante un campeggio dell\u2019Azione Cattolica: era il nostro assistente e ci seguiva in diverse attivit\u00e0. Il ricordo pi\u00f9 nitido di quel campeggio \u00e8 quello di una scalata sul monte Gelbison, per raggiungere il santuario dedicato alla Madonna. Partimmo durante la notte, per evitare il sole caldo del giorno e salimmo per diversi chilometri tenendoci per mano, in cordata. Don Mario era la nostra guida e si avvicinava ora all\u2019una ora all\u2019altra per aiutare chi era in difficolt\u00e0 o scambiare qualche parola e raccogliere qualche confidenza<\/em>\u201d. Quella cordata, per lui, era tanto reale quanto simbolica, perch\u00e9 rappresentava <strong>la scalata verso la \u201cvetta della Resurrezione\u201d<\/strong> da compiere insieme durante tutta la vita, come conferma la stessa testimone.<\/p>\n\n\n<div class=\"wp-block-image\">\n<figure class=\"aligncenter size-large is-resized\"><a href=\"https:\/\/fattidistoria.org\/wp-content\/uploads\/2023\/02\/14.Decennio-78-foto-Fam.-Pilerci-scaled.jpg\"><img loading=\"lazy\" decoding=\"async\" src=\"https:\/\/fattidistoria.org\/wp-content\/uploads\/2023\/02\/14.Decennio-78-foto-Fam.-Pilerci-1024x722.jpg\" alt=\"\" class=\"wp-image-1729\" width=\"584\" height=\"412\" srcset=\"https:\/\/fattidistoria.org\/wp-content\/uploads\/2023\/02\/14.Decennio-78-foto-Fam.-Pilerci-1024x722.jpg 1024w, https:\/\/fattidistoria.org\/wp-content\/uploads\/2023\/02\/14.Decennio-78-foto-Fam.-Pilerci-300x212.jpg 300w, https:\/\/fattidistoria.org\/wp-content\/uploads\/2023\/02\/14.Decennio-78-foto-Fam.-Pilerci-768x542.jpg 768w, https:\/\/fattidistoria.org\/wp-content\/uploads\/2023\/02\/14.Decennio-78-foto-Fam.-Pilerci-1536x1083.jpg 1536w, https:\/\/fattidistoria.org\/wp-content\/uploads\/2023\/02\/14.Decennio-78-foto-Fam.-Pilerci-2048x1444.jpg 2048w, https:\/\/fattidistoria.org\/wp-content\/uploads\/2023\/02\/14.Decennio-78-foto-Fam.-Pilerci-1230x867.jpg 1230w\" sizes=\"auto, (max-width: 584px) 100vw, 584px\" \/><\/a><figcaption class=\"wp-element-caption\">Decennio &#8217;78 (foto Fam. Pilerci)<\/figcaption><\/figure>\n<\/div>\n\n\n<p class=\"has-black-color has-text-color\" style=\"font-size:22px\">Don Mario come padre, guida, di pi\u00f9\u2026 come \u201cangelo custode\u201d: \u201c<em>A chi non crede che il Signore ci abbia messo accanto un angelo custode, secondo me sbaglia,<\/em> \u2013 scrive <strong>Emilia Rizzo<\/strong> \u2013 <em>perch\u00e9 io so, sono certissima che io l\u2019abbia sempre avuto e so anche il suo nome. <\/em><em><strong>Il mio angelo custode si chiama: \u2018don Mario Sibilio\u2019.<\/strong><\/em><em> Dico: \u2018si chiama\u2019 e non \u2018si \u00e8 chiamato\u2019 perch\u00e9 fino a quando il Signore mi dar\u00e0 vita lui mi star\u00e0 sempre accanto e mi protegger\u00e0. Parlo di protezione perch\u00e9 lo ha fatto da sempre, da quando ero piccola fino a quando, da adulta, andavo da lui a confessarmi \u2026 Mi faceva sentire \u2018libera\u2019 di amare tutto e tutti, ma nella verit\u00e0\u2019 <\/em>\u201d. Una testimonianza davvero forte, come quella di <strong>Lucia Rizzo<\/strong> che, a proposito del suo impegno per la Giovent\u00f9 Femminile, scrive: \u201c<em>Si spendeva con tutte le sue forze e in mille modi a promuovere iniziative, incontri capaci di sviluppare il senso di responsabilit\u00e0 a livello personale e comunitario, per poter vivere alla luce della Verit\u00e0, la propria scelta di fede<\/em>\u201d. E continua: \u201c<em>La guida illuminata, saggia e autorevole di Don Mario si \u00e8 rivelata per me un punto di riferimento, un aiuto costante e valido per la mia crescita spirituale e umana. Mi ha permesso di \u2018Entrare nella logica di Dio\u2019, \u2018la logica dell\u2019Amore\u2019. Il suo gioioso e incisivo annuncio del Vangelo, il suo modo di pregare, la celebrazione della Santa Messa, con i suoi momenti forti della Parola e dell\u2019Eucarestia, resi vivi e coinvolgenti, manifestavano il suo intimo e sentito rapporto con Cristo Amore. La sua testimonianza di fede e di amore, amore che si \u00e8 fatto dono per l\u2019altro, la sua capacit\u00e0 di ascolto e di risposte propositive e incoraggianti hanno fatto di lui <\/em><em><strong>una guida esemplare e santa<\/strong><\/em>\u201d.<\/p>\n\n\n<div class=\"wp-block-image\">\n<figure class=\"aligncenter size-large is-resized\"><a href=\"https:\/\/fattidistoria.org\/wp-content\/uploads\/2023\/02\/15.Con-il-gruppo-scout-di-Vallo-da-L.-Rossi-Mario-Sibilio....jpg\"><img loading=\"lazy\" decoding=\"async\" src=\"https:\/\/fattidistoria.org\/wp-content\/uploads\/2023\/02\/15.Con-il-gruppo-scout-di-Vallo-da-L.-Rossi-Mario-Sibilio...-1024x724.jpg\" alt=\"\" class=\"wp-image-1730\" width=\"644\" height=\"454\" srcset=\"https:\/\/fattidistoria.org\/wp-content\/uploads\/2023\/02\/15.Con-il-gruppo-scout-di-Vallo-da-L.-Rossi-Mario-Sibilio...-1024x724.jpg 1024w, https:\/\/fattidistoria.org\/wp-content\/uploads\/2023\/02\/15.Con-il-gruppo-scout-di-Vallo-da-L.-Rossi-Mario-Sibilio...-300x212.jpg 300w, https:\/\/fattidistoria.org\/wp-content\/uploads\/2023\/02\/15.Con-il-gruppo-scout-di-Vallo-da-L.-Rossi-Mario-Sibilio...-768x543.jpg 768w, https:\/\/fattidistoria.org\/wp-content\/uploads\/2023\/02\/15.Con-il-gruppo-scout-di-Vallo-da-L.-Rossi-Mario-Sibilio...-1536x1086.jpg 1536w, https:\/\/fattidistoria.org\/wp-content\/uploads\/2023\/02\/15.Con-il-gruppo-scout-di-Vallo-da-L.-Rossi-Mario-Sibilio...-2048x1448.jpg 2048w\" sizes=\"auto, (max-width: 644px) 100vw, 644px\" \/><\/a><figcaption class=\"wp-element-caption\">Con il gruppo scout di Vallo (da L. Rossi, Mario Sibilio&#8230;)<\/figcaption><\/figure>\n<\/div>\n\n\n<p class=\"has-black-color has-text-color\" style=\"font-size:22px\">Per tutti, ricordarlo \u00e8 come rivivere momenti importanti della propria vita. Cos\u00ec, per <strong>Peppino Palladino<\/strong> che ricorda un episodio del \u201959, quando, con l\u2019animo turbato da un rimorso, buss\u00f2, di notte, alla sua porta e lui \u201c<em>mi apr\u00ec senza mostrarsi sorpreso, come se mi aspettasse, aduso a ricevere visite nelle ore pi\u00f9 impensate e ad accogliere chi aveva bisogno della sua <\/em><em><strong>assistenza di medico delle coscienze<\/strong><\/em><em>, del suo sostegno e delle sue illuminazioni per riacquistare l\u2019equilibrio interiore smarrito<\/em>\u201d. Il conforto ricevuto da quella visita fu l\u2019inizio di un rapporto fatto di tante visite: \u201c<em>Bastava un colloquio di pochi minuti per farmi riorientare, verso la giusta direzione, il timone della mia incerta navigazione in acque molto spesso agitate e pericolose: gli incontri con don Mario per me rappresentavano l\u2019attracco in un porto sicuro nel quale rifugiarmi durante le tempeste e ripartire, ritemprato, ad affrontare difficili itinerari con le idee chiare e i sentimenti rinfrancati<\/em>\u201d.<\/p>\n\n\n\n<p class=\"has-black-color has-text-color\" style=\"font-size:22px\">Ma il nostro sapeva essere anche \u201c<strong>maestro di silenzio<\/strong>\u201d, come racconta <strong>Gaetano Toti<\/strong>, ancora dell\u2019AC diocesana, a proposito di un campo-scuola svoltosi a S. Maria di Castellabate, dove si era recato per parlare, discutere, confrontarsi. Don Mario per\u00f2 prese tutti in contropiede invitando i ragazzi a passeggiare in silenzio per il giardino di Villa Lucia, dove si svolgeva l\u2019incontro, e aggiunse: \u201c<em>non parlate con chi incontrate, contemplate solo la natura e ci\u00f2 che vi circonda<\/em>\u201d. Dopo un paio d\u2019ore chiese al giovane com\u2019era andata quell\u2019esperienza e questi gli comunic\u00f2 i suoi dubbi nell\u2019essere stato costretto a rincorrere i suoi pensieri: \u201c<em>Don Mario, mi guard\u00f2 e con il suo sorrisetto inconfondibile mi disse: \u2018Visto? <\/em><em><strong>Oggi hai imparato il valore del silenzio e dell\u2019ascolto<\/strong><\/em><em>. Il \u2018silenzio\u2019 ci lascia soli e indifesi con i nostri pensieri, i quali spaziano liberi e incontrollati, senza alcun filtro, fanno scorrere davanti ai nostri occhi i fotogrammi della nostra vita, ci inducono a confrontarci con la solidit\u00e0 o la fragilit\u00e0 dei nostri progetti, ci fanno prendere coscienza dei nostri limiti ma anche dei nostri punti di forza. Il silenzio ci fa vedere le cose e le persone nella loro essenza pi\u00f9 vera senza essere distratti dai rumori della vita quotidiana e senza essere deviati dalle parole, dai consigli e dagli ammonimenti di chi ci circonda. Ma <\/em><em><strong>il silenzio<\/strong><\/em><em> non \u00e8 solo il mezzo per una riflessione intimistica, <\/em><em><strong>\u00e8 la condizione necessaria per \u2018l\u2019ascolto\u2019<\/strong><\/em><em>. Ascolto come presa di coscienza non solo di quella che \u00e8 stata ed \u00e8 la nostra vita, ma anche dei bisogni, delle esigenze e dei problemi del prossimo. Ascolto della Parola di Dio, del Verbo, \u2026 <\/em><em><strong>\u2018Silenzio\u2019 ed \u2018ascolto\u2019 che ci portano al colloquio con il Padre, cio\u00e8 alla \u2018Preghiera\u2019<\/strong><\/em><em>. La Preghiera non \u00e8 il ripetere formule imparate a memoria da piccoli, ma \u00e8 rapporto vivo e quotidiano con il Signore, esigenza di aprirsi, di confessare i propri dubbi e le proprie debolezze, \u00e8 la necessit\u00e0 di ricevere amore, conforto e comprensione. La \u2018Preghiera\u2019 \u00e8 lo strumento per trovare la forza di \u2018sporcarsi le mani\u2019 tra i fratelli e per i fratelli<\/em>\u201d. Il giovane di allora confessa nella sua testimonianza odierna di aver ascoltato quelle parole \u201cin apnea\u201d, parole \u201cche oggi \u2013 continua \u2013 possono sembrare scontate ma che all\u2019epoca, almeno per me, erano rivoluzionarie\u201d. No! \u2013 aggiungo \u2013 quelle parole sono \u201crivoluzionarie\u201d ancora oggi, ad ascoltarle bene, cio\u00e8 nel silenzio interiore.<\/p>\n\n\n<div class=\"wp-block-image\">\n<figure class=\"aligncenter size-large is-resized\"><a href=\"https:\/\/fattidistoria.org\/wp-content\/uploads\/2023\/02\/16.Dicembre-87.Dal-Papa-con-lArciconfraternita-di-S.-Pantaleone-foto-Fam.-Sansone-scaled.jpg\"><img loading=\"lazy\" decoding=\"async\" src=\"https:\/\/fattidistoria.org\/wp-content\/uploads\/2023\/02\/16.Dicembre-87.Dal-Papa-con-lArciconfraternita-di-S.-Pantaleone-foto-Fam.-Sansone-1024x683.jpg\" alt=\"\" class=\"wp-image-1731\" width=\"590\" height=\"393\" srcset=\"https:\/\/fattidistoria.org\/wp-content\/uploads\/2023\/02\/16.Dicembre-87.Dal-Papa-con-lArciconfraternita-di-S.-Pantaleone-foto-Fam.-Sansone-1024x683.jpg 1024w, https:\/\/fattidistoria.org\/wp-content\/uploads\/2023\/02\/16.Dicembre-87.Dal-Papa-con-lArciconfraternita-di-S.-Pantaleone-foto-Fam.-Sansone-300x200.jpg 300w, https:\/\/fattidistoria.org\/wp-content\/uploads\/2023\/02\/16.Dicembre-87.Dal-Papa-con-lArciconfraternita-di-S.-Pantaleone-foto-Fam.-Sansone-768x512.jpg 768w, https:\/\/fattidistoria.org\/wp-content\/uploads\/2023\/02\/16.Dicembre-87.Dal-Papa-con-lArciconfraternita-di-S.-Pantaleone-foto-Fam.-Sansone-1536x1025.jpg 1536w, https:\/\/fattidistoria.org\/wp-content\/uploads\/2023\/02\/16.Dicembre-87.Dal-Papa-con-lArciconfraternita-di-S.-Pantaleone-foto-Fam.-Sansone-2048x1366.jpg 2048w, https:\/\/fattidistoria.org\/wp-content\/uploads\/2023\/02\/16.Dicembre-87.Dal-Papa-con-lArciconfraternita-di-S.-Pantaleone-foto-Fam.-Sansone-1230x821.jpg 1230w\" sizes=\"auto, (max-width: 590px) 100vw, 590px\" \/><\/a><figcaption class=\"wp-element-caption\">Dicembre &#8217;87.Dal Papa con l&#8217;Arciconfraternita di S. Pantaleone (foto Fam. Sansone)<\/figcaption><\/figure>\n<\/div>\n\n\n<p class=\"has-black-color has-text-color\" style=\"font-size:22px\">Del valore del silenzio parla anche <strong>Maria Lucibello<\/strong>, catechista di Vallo negli anni in cui fu parroco di S. Maria delle Grazie, a proposito dei ritiri spirituali organizzati per i ragazzi che si preparavano alla Prima comunione. Si arrivava nel luogo prescelto, che era il Getsemani di Paestum o la Villa S. Cuore di Ascea o, ancora, il convento dei francescani di Pollica, e qui veniva svolta la prima riflessione in una sala appositamente preparata: \u201c<em>Don Mario aspettava davanti alla lavagna, sulla quale aveva gi\u00e0 scritto la sua espressione matematica, che serviva a tener desti e attenti gli ascoltatori: <\/em><em><strong>RS = (a + r + p)s<\/strong><\/em><em>. Che vuol dire <\/em><em><strong>Ritiro Spirituale = (ascolto + riflessione + preghiera) tutto elevato al silenzio<\/strong><\/em>\u201d. Si trattava dello stesso percorso interiore proposto ai giovani dell\u2019Azione Cattolica e, con ogni evidenza, a quanti chiedevano consigli di natura spirituale. Solo dal silenzio nascono l\u2019ascolto e la preghiera, e solo cos\u00ec si \u00e8 cristiani del dialogo, della comprensione, della condivisione. Che \u00e8 poi l\u2019unico modo di esserlo.<\/p>\n\n\n\n<p class=\"has-black-color has-text-color\" style=\"font-size:22px\">Anche i confratelli sacerdoti ne hanno riconosciuto le non comuni doti pastorali. <strong>Don Angelo Imbriaco<\/strong>, che era stato uno dei ragazzi da lui coinvolti nelle attivit\u00e0 parrocchiali a Pellare, usa per lui due aggettivi, mutuandoli da <strong>Steve Jobs<\/strong>. Nel contesto della Chiesa in \u201caggiornamento\u201d degli anni \u201950 e \u201960, \u201c<em><strong>don Mario<\/strong>, pur ancorato a impianto pastorale tradizionale, <strong>si dimostr\u00f2 \u2018creativo e folle\u2019<\/strong>. \u2026 sogn\u00f2 e realizz\u00f2 con testardaggine e sacrifici la costruzione di un nuovo edificio religioso per la comunit\u00e0, una volta che l\u2019antica chiesa parrocchiale era stata chiusa al culto in seguito alla frana. Invi\u00f2 lettere, circolari, manifestini; organizz\u00f2 due viaggi in Venezuela per incontrare la numerosa colonia pellarese, ivi residente; istitu\u00ec un ampio comitato per coinvolgere tutte le famiglie, chiam\u00f2 a raccolta uomini e donne per accelerare i lavori in corso. Il sogno divenne realt\u00e0 nel 1966. Venne realizzato in tempi rapidissimi un nuovo, maestoso e ampio edificio religioso a pianta circolare, ispirato alla ecclesiologia di comunione, voluta dal Concilio<\/em>\u201d. E poi l\u2019impegno per la formazione dei giovani con la realizzazione di un campo sportivo sulla Civitella, di una squadra di calcio e l\u2019invenzione del Gruppo estivo di Azione Cattolica col quale si organizzava il campeggio in una settimana d\u2019agosto: \u201c<em>Quasi tutti i giovani pellaresi sono passati attraverso questa geniale proposta formativa, che ha lasciato un\u2019orma profonda nel loro animo e nacquero numerose vocazioni laicali al servizio del Vangelo<\/em>\u201d.<\/p>\n\n\n<div class=\"wp-block-image\">\n<figure class=\"aligncenter size-large is-resized\"><a href=\"https:\/\/fattidistoria.org\/wp-content\/uploads\/2023\/02\/17.Dicembre-87.-Dal-Papa-con-lArciconfraternita-di-S.-Pantaleone-foto-Fam.-Sansone-scaled.jpg\"><img loading=\"lazy\" decoding=\"async\" src=\"https:\/\/fattidistoria.org\/wp-content\/uploads\/2023\/02\/17.Dicembre-87.-Dal-Papa-con-lArciconfraternita-di-S.-Pantaleone-foto-Fam.-Sansone-1024x836.jpg\" alt=\"\" class=\"wp-image-1732\" width=\"684\" height=\"557\" srcset=\"https:\/\/fattidistoria.org\/wp-content\/uploads\/2023\/02\/17.Dicembre-87.-Dal-Papa-con-lArciconfraternita-di-S.-Pantaleone-foto-Fam.-Sansone-1024x836.jpg 1024w, https:\/\/fattidistoria.org\/wp-content\/uploads\/2023\/02\/17.Dicembre-87.-Dal-Papa-con-lArciconfraternita-di-S.-Pantaleone-foto-Fam.-Sansone-300x245.jpg 300w, https:\/\/fattidistoria.org\/wp-content\/uploads\/2023\/02\/17.Dicembre-87.-Dal-Papa-con-lArciconfraternita-di-S.-Pantaleone-foto-Fam.-Sansone-768x627.jpg 768w, https:\/\/fattidistoria.org\/wp-content\/uploads\/2023\/02\/17.Dicembre-87.-Dal-Papa-con-lArciconfraternita-di-S.-Pantaleone-foto-Fam.-Sansone-1536x1254.jpg 1536w, https:\/\/fattidistoria.org\/wp-content\/uploads\/2023\/02\/17.Dicembre-87.-Dal-Papa-con-lArciconfraternita-di-S.-Pantaleone-foto-Fam.-Sansone-2048x1672.jpg 2048w, https:\/\/fattidistoria.org\/wp-content\/uploads\/2023\/02\/17.Dicembre-87.-Dal-Papa-con-lArciconfraternita-di-S.-Pantaleone-foto-Fam.-Sansone-1230x1004.jpg 1230w\" sizes=\"auto, (max-width: 684px) 100vw, 684px\" \/><\/a><figcaption class=\"wp-element-caption\">Dicembre &#8217;87. Dal Papa con l&#8217;Arciconfraternita di S. Pantaleone (foto Fam. Sansone)<\/figcaption><\/figure>\n<\/div>\n\n\n<p class=\"has-black-color has-text-color\" style=\"font-size:22px\">Per <strong>don Guglielmo Manna<\/strong>, \u201c<em>non basta nella vita chiamarsi sacerdote. L\u2019uomo vero \u00e8 una creatura speciale. Possiede una natura diversa nella sua completezza e ciascuno in particolare deve cercare di viverla eroicamente per contribuire alla crescita vera del mondo. Don Mario Sibilio si pone in questa complessit\u00e0 e si presenta a tutti come un uomo \u2018modello\u2019, che si \u00e8 trasformato in vero e autentico sacerdote, sia nel suo \u2018essere\u2019 che nel suo quotidiano agire<\/em>\u201d.<\/p>\n\n\n\n<p class=\"has-black-color has-text-color\" style=\"font-size:22px\">Il vicario generale, <strong>don Franco Pecoraro<\/strong>, e <strong>don Roberto Guida<\/strong> di Castellabate mettono in evidenza la sua capacit\u00e0 di coinvolgere i laici. Quest\u2019ultimo scrive: \u201c<em>Don Mario \u00e8 stato innanzitutto <\/em><em><strong>un uomo, un sacerdote che ha saputo stare \u2018accanto\u2019<\/strong><\/em><em>, in una vicinanza affettiva ed effettiva a tutte le persone che ha incontrato, conosciuto, durante diversi incontri nella sua vita. Una vicinanza soprattutto verso i pi\u00f9 poveri, oggi diremmo, \u2018periferie esistenziali\u2019, che ha esercitato con paternit\u00e0 e discrezionalit\u00e0, senza clamore. \u2026 Un sacerdote alla cui scuola di vita e di spiritualit\u00e0 hanno attinto e si sono formati tanti laici dell\u2019Azione Cattolica e non. Nelle catechesi, nei campi sociali, in parrocchia Don Mario \u00e8 stato un convinto \u2018sostenitore\u2019 del ruolo dei laici, con il sacerdozio battesimale sottolineato nei documenti del Concilio Vaticano II<\/em>\u201d. Quanto al primo, ricorda che \u201c<em>era punto di riferimento per i sacerdoti. Aveva una particolare propensione al coinvolgimento e alla formazione dei laici, in particolare sostenendo le associazioni cattoliche. \u2026 <\/em><em><strong>Fu iniziatore e promotore dello scoutismo a Vallo della Lucania<\/strong><\/em><em>; contentissimo del mio servizio nell\u2019AGESCI come assistente ecclesiastico, mi ha molto incoraggiato a dedicarmi a questa esperienza, con tanti buoni consigli. Ha fortemente promosso e diffuso l\u2019Apostolato della preghiera nella nostra Diocesi. Curava molto il decoro della liturgia<\/em>\u201d.<\/p>\n\n\n\n<p class=\"has-black-color has-text-color\" style=\"font-size:22px\">L\u2019accenno agli scout, di cui parlano anche altri testimoni, si riferisce alla nascita a Vallo del gruppo dei scout cattolici voluto, insieme ad altri, da don Mario e realizzato nell\u201988 quando era parroco di S. Maria delle Grazie e ne divenne anche assistente ecclesiastico. Si trattava di un modo non molto diverso da quello dell\u2019Azione Cattolica per far socializzare i giovani e trasmettere loro lo spirito e l\u2019esempio cristiano.<\/p>\n\n\n\n<p class=\"has-black-color has-text-color\" style=\"font-size:22px\">Infine, <strong>l\u2019arcivescovo Giuseppe Casale<\/strong> ricorda che \u201c<em>con Don Mario non ti sentivi mai come con un estraneo, ti sembrava della tua famiglia. Cos\u00ec fu la prima volta quando lo incontrai insieme con i rappresentanti ufficiali di Vallo. Allora Don Mario non si mise insieme con gli altri, si mise dietro e accompagnava tutti con il sorriso, con una carezza sulle spalle<\/em>\u201d. E ancora, ricorda \u201c<em>il suo attaccamento a Santa Maria delle Grazie, dove lui aveva organizzato bene la catechesi, l\u2019Azione Cattolica e i vari movimenti parrocchiali. Amava molto la liturgia \u2026 Ha sempre amato i giovani<\/em>\u201d.<\/p>\n\n\n\n<p class=\"has-black-color has-text-color\" style=\"font-size:22px\">In definitiva, le tante testimonianze raccolte formano un quadro ampio e composito di una vita al servizio degli altri. Se ognuno ha il suo don Mario, le tessere di queste varie esperienze di vita e di spiritualit\u00e0 convergono su un punto: quell\u2019uomo, quel sacerdote che tutti abbiamo imparato a conoscere non lasciava mai indifferenti, col suo sorriso e il suo sguardo, col suo cuore sincero e la sua parola franca sapeva incontrarti nel profondo, donarti la sua amicizia e, con essa, mostrarti il volto amico di Ges\u00f9.<\/p>\n<div style=\"min-height: 30px;display: inline-block;\"><input id=\"1735\" style=\"float: left;max-width: 50px;\" src=\"https:\/\/fattidistoria.org\/wp-content\/plugins\/wp-advanced-pdf\/asset\/images\/pdf.png\" alt=\"#TB_inline?height=230&amp;width=400&amp;inlineId=examplePopup1\" title=\"Export pdf to your Email\" class=\"thickbox export-pdf\" type=\"image\" value=\"Export to PDF\" \/><\/div>","protected":false},"excerpt":{"rendered":"<p>Ci sono uomini di Chiesa la cui vita lascia una traccia profonda che rimane ben oltre la loro scomparsa, un solco tenuto vivo da chi&#8230;<\/p>\n","protected":false},"author":3,"featured_media":1734,"comment_status":"open","ping_status":"open","sticky":false,"template":"","format":"standard","meta":{"footnotes":""},"categories":[135,6],"tags":[280,283,289,10,298,279,291,293,288,281,296,302,300,294,108,292,297,286,285,287,32,11,295,290,301,284,282,299,8],"class_list":["post-1735","post","type-post","status-publish","format-standard","has-post-thumbnail","hentry","category-libri","category-storia-locale","tag-antonio-sansone","tag-azione-cattolica","tag-bachelet","tag-cilento","tag-don-angelo-imbriaco","tag-don-mario-sibilio","tag-elide-marrocco","tag-emilia-rizzo","tag-ernesto-nicoletti","tag-franco-pecoraro","tag-gaetano-toti","tag-giuseppe-casale","tag-guglielmo-manna","tag-lucia-rizzo","tag-luigi-rossi","tag-mara-di-fluri","tag-maria-lucibello","tag-mons-alessandro-salati","tag-mons-dagostino-2","tag-mons-francesco-signorelli","tag-morra-manlio","tag-parco-nazionale-del-cilento","tag-peppino-palladino","tag-raffaele-cananzi","tag-roberto-guida","tag-scout-agesci","tag-silvana-sorrentino","tag-steve-jobs","tag-vallo-della-lucania","wpcat-135-id","wpcat-6-id"],"_links":{"self":[{"href":"https:\/\/fattidistoria.org\/index.php?rest_route=\/wp\/v2\/posts\/1735","targetHints":{"allow":["GET"]}}],"collection":[{"href":"https:\/\/fattidistoria.org\/index.php?rest_route=\/wp\/v2\/posts"}],"about":[{"href":"https:\/\/fattidistoria.org\/index.php?rest_route=\/wp\/v2\/types\/post"}],"author":[{"embeddable":true,"href":"https:\/\/fattidistoria.org\/index.php?rest_route=\/wp\/v2\/users\/3"}],"replies":[{"embeddable":true,"href":"https:\/\/fattidistoria.org\/index.php?rest_route=%2Fwp%2Fv2%2Fcomments&post=1735"}],"version-history":[{"count":0,"href":"https:\/\/fattidistoria.org\/index.php?rest_route=\/wp\/v2\/posts\/1735\/revisions"}],"wp:featuredmedia":[{"embeddable":true,"href":"https:\/\/fattidistoria.org\/index.php?rest_route=\/wp\/v2\/media\/1734"}],"wp:attachment":[{"href":"https:\/\/fattidistoria.org\/index.php?rest_route=%2Fwp%2Fv2%2Fmedia&parent=1735"}],"wp:term":[{"taxonomy":"category","embeddable":true,"href":"https:\/\/fattidistoria.org\/index.php?rest_route=%2Fwp%2Fv2%2Fcategories&post=1735"},{"taxonomy":"post_tag","embeddable":true,"href":"https:\/\/fattidistoria.org\/index.php?rest_route=%2Fwp%2Fv2%2Ftags&post=1735"}],"curies":[{"name":"wp","href":"https:\/\/api.w.org\/{rel}","templated":true}]}}