{"id":2194,"date":"2023-10-29T15:45:22","date_gmt":"2023-10-29T15:45:22","guid":{"rendered":"https:\/\/fattidistoria.org\/?p=2194"},"modified":"2023-10-29T15:45:23","modified_gmt":"2023-10-29T15:45:23","slug":"dalla-preistoria-a-noi-cilento-arcaico-sacro-magico","status":"publish","type":"post","link":"https:\/\/fattidistoria.org\/?p=2194","title":{"rendered":"Dalla preistoria a noi: Cilento arcaico, sacro\u2026 magico!"},"content":{"rendered":"\n<p class=\"has-black-color has-text-color\" style=\"font-size:22px\">Croce e delizia del Cilento \u00e8 da sempre la sua tormentata orografia. \u00c8 una terra con poche pianure, molte colline, moltissime montagne. Nonostante gli oltre cento chilometri di costa, la storia e la cultura delle sue genti \u00e8 stata per secoli \u2013 e in gran parte lo \u00e8 tuttora \u2013 pi\u00f9 influenzata dalla montagna che dal mare, dall\u2019entroterra montuoso che dalla costa. Insediamenti abitativi, relazioni sociali, rapporti commerciali, dinamiche di ogni genere non hanno mai potuto prescindere dalla difficile morfologia del territorio.<\/p>\n\n\n\n<p class=\"has-black-color has-text-color\" style=\"font-size:22px\">\u00c8 vero che la natura, nel Cilento, sembra aver condensato tutti i paesaggi di cui \u00e8 capace. Un mare che si incontra con una costa frastagliata ricca di cale e grotte, ma non priva di dolci insenature e di spiagge incantevoli; colline coperte di uliveti e vigneti, montagne ora verdi ora brulle che rendono il paesaggio alpestre, raggiungendo a volte quasi quota duemila; un reticolo fitto di fiumi, spesso poco pi\u00f9 che torrenti, che fanno il territorio ricco di acque, scorrendo spesso in uno scenario naturale senza uguali per la sua selvaggia bellezza; poche vere pianure, come la pestana e la lunga depressione del Vallo di Diano, e, per il resto, solo le ristrette piane alluvionali alle foci dei <strong>fiumi Alento, Lambro, Mingardo e Bussento<\/strong>; e, infine, boschi, pinete, grotte carsiche, sentieri naturali, piccole vallate, una flora e una fauna ricca di endemismi e rarit\u00e0.<\/p>\n\n\n\n<p class=\"has-black-color has-text-color\" style=\"font-size:22px\">Ma \u00e8 anche vero che \u00e8 soprattutto la montagna ad essere protagonista di questo territorio. Quando, nella seconda met\u00e0 dell\u2019Ottocento, lo studioso <strong>Cosimo De Giorgi<\/strong> intraprese il suo viaggio nel Cilento, con l\u2019intento di mapparlo geologicamente, dinanzi al suo sistema insediativo, a quei paesi arroccati su cocuzzoli quasi irraggiungibili, scrisse che sembrava fossero stati \u201cfondati da una popolazione di alpinisti, dalle gambe di acciaio e dai polmoni di granito\u201d (<em>Da Salerno al Cilento<\/em>, Firenze, 1882, p. 100).<\/p>\n\n\n\n<p class=\"has-black-color has-text-color\" style=\"font-size:22px\">Quegli \u201calpinisti\u201d, costretti dalla geografia e ancor pi\u00f9 spinti dalla storia, crearono il paesaggio tipico cilentano, frutto di un rapporto dialettico, divenuto simbiosi, tra uomo e territorio.<\/p>\n\n\n\n<p class=\"has-black-color has-text-color\" style=\"font-size:22px\">Dicevamo \u201ccroce e delizia\u201d, perch\u00e9 se il prevalere della montagna ha significato economia di sussistenza, mentalit\u00e0 chiusa e ritmo di sviluppo lento, quasi immobile, allo stesso tempo, ha comportato la preservazione dell\u2019ambiente e la creazione di <strong>un paesaggio culturale unico<\/strong>. Oggi apprezziamo, in chiave turistica, quegli aspetti del territorio che un tempo facevano parlare i viaggiatori di un Cilento orrido, primitivo, aspro, fatto di montagne con un\u2019insolita configurazione alpestre. Tali caratteristiche hanno costituito un fattore di attrazione nel corso dei secoli, addirittura gi\u00e0 in preistoria.<\/p>\n\n\n\n<p class=\"has-black-color has-text-color\" style=\"font-size:22px\">Parliamo, in particolare, delle numerose grotte, cavit\u00e0, siti sotto roccia, propri di un territorio montuoso e spesso carsico, che hanno formato quello che potremmo chiamare <strong>un paesaggio rupestre dal fascino arcaico e quasi magico<\/strong>.<\/p>\n\n\n<div class=\"wp-block-image\">\n<figure class=\"alignleft size-large is-resized\"><a href=\"https:\/\/fattidistoria.org\/wp-content\/uploads\/2023\/10\/Foto-1-Grotta-S.-Michele-S.-A.-a-Fasanella.-Ingresso-Foto-P.-Morra.jpg\"><img loading=\"lazy\" decoding=\"async\" width=\"683\" height=\"1024\" src=\"https:\/\/fattidistoria.org\/wp-content\/uploads\/2023\/10\/Foto-1-Grotta-S.-Michele-S.-A.-a-Fasanella.-Ingresso-Foto-P.-Morra-683x1024.jpg\" alt=\"\" class=\"wp-image-2164\" style=\"aspect-ratio:0.6669921875;width:215px;height:auto\" srcset=\"https:\/\/fattidistoria.org\/wp-content\/uploads\/2023\/10\/Foto-1-Grotta-S.-Michele-S.-A.-a-Fasanella.-Ingresso-Foto-P.-Morra-683x1024.jpg 683w, https:\/\/fattidistoria.org\/wp-content\/uploads\/2023\/10\/Foto-1-Grotta-S.-Michele-S.-A.-a-Fasanella.-Ingresso-Foto-P.-Morra-200x300.jpg 200w, https:\/\/fattidistoria.org\/wp-content\/uploads\/2023\/10\/Foto-1-Grotta-S.-Michele-S.-A.-a-Fasanella.-Ingresso-Foto-P.-Morra-768x1152.jpg 768w, https:\/\/fattidistoria.org\/wp-content\/uploads\/2023\/10\/Foto-1-Grotta-S.-Michele-S.-A.-a-Fasanella.-Ingresso-Foto-P.-Morra-1024x1536.jpg 1024w, https:\/\/fattidistoria.org\/wp-content\/uploads\/2023\/10\/Foto-1-Grotta-S.-Michele-S.-A.-a-Fasanella.-Ingresso-Foto-P.-Morra-1365x2048.jpg 1365w, https:\/\/fattidistoria.org\/wp-content\/uploads\/2023\/10\/Foto-1-Grotta-S.-Michele-S.-A.-a-Fasanella.-Ingresso-Foto-P.-Morra-1230x1845.jpg 1230w, https:\/\/fattidistoria.org\/wp-content\/uploads\/2023\/10\/Foto-1-Grotta-S.-Michele-S.-A.-a-Fasanella.-Ingresso-Foto-P.-Morra.jpg 1704w\" sizes=\"auto, (max-width: 683px) 100vw, 683px\" \/><\/a><figcaption class=\"wp-element-caption\">Grotta di S. Michele, S. Angelo a Fasanella. Ingresso (foto G. Morra)<\/figcaption><\/figure>\n<\/div>\n\n<div class=\"wp-block-image\">\n<figure class=\"alignright size-large is-resized\"><a href=\"https:\/\/fattidistoria.org\/wp-content\/uploads\/2023\/10\/Foto-2-Grotta-S.-Michele.-S.-A.-a-Fasanella.-Interno-foto-P.-Morra.jpg\"><img loading=\"lazy\" decoding=\"async\" width=\"1024\" height=\"683\" src=\"https:\/\/fattidistoria.org\/wp-content\/uploads\/2023\/10\/Foto-2-Grotta-S.-Michele.-S.-A.-a-Fasanella.-Interno-foto-P.-Morra-1024x683.jpg\" alt=\"\" class=\"wp-image-2165\" style=\"aspect-ratio:1.499267935578331;width:414px;height:auto\" srcset=\"https:\/\/fattidistoria.org\/wp-content\/uploads\/2023\/10\/Foto-2-Grotta-S.-Michele.-S.-A.-a-Fasanella.-Interno-foto-P.-Morra-1024x683.jpg 1024w, https:\/\/fattidistoria.org\/wp-content\/uploads\/2023\/10\/Foto-2-Grotta-S.-Michele.-S.-A.-a-Fasanella.-Interno-foto-P.-Morra-300x200.jpg 300w, https:\/\/fattidistoria.org\/wp-content\/uploads\/2023\/10\/Foto-2-Grotta-S.-Michele.-S.-A.-a-Fasanella.-Interno-foto-P.-Morra-768x512.jpg 768w, https:\/\/fattidistoria.org\/wp-content\/uploads\/2023\/10\/Foto-2-Grotta-S.-Michele.-S.-A.-a-Fasanella.-Interno-foto-P.-Morra-1536x1024.jpg 1536w, https:\/\/fattidistoria.org\/wp-content\/uploads\/2023\/10\/Foto-2-Grotta-S.-Michele.-S.-A.-a-Fasanella.-Interno-foto-P.-Morra-2048x1365.jpg 2048w, https:\/\/fattidistoria.org\/wp-content\/uploads\/2023\/10\/Foto-2-Grotta-S.-Michele.-S.-A.-a-Fasanella.-Interno-foto-P.-Morra-1230x820.jpg 1230w\" sizes=\"auto, (max-width: 1024px) 100vw, 1024px\" \/><\/a><figcaption class=\"wp-element-caption\">Grotta di S. Michele, S. Angelo a Fasanella. Interno (foto G. Morra)<\/figcaption><\/figure>\n<\/div>\n\n\n<p><\/p>\n\n\n\n<p><\/p>\n\n\n\n<p><\/p>\n\n\n\n<p><\/p>\n\n\n\n<p><\/p>\n\n\n\n<p><\/p>\n\n\n\n<p class=\"has-black-color has-text-color\" style=\"font-size:22px\">Nelle localit\u00e0 Cala d\u2019Arconte, Capo Grosso e Cala Bianca, lungo il litorale tra Palinuro e Marina di Camerota, \u00e8 attestata la presenza dell\u2019<em>Homo erectus<\/em> nella fase pi\u00f9 antica del Paleolitico (il Paleolitico inferiore, che in Europa \u00e8 il periodo che va, grosso modo, da 1 milione e mezzo a 100mila anni fa). Successivamente, anche l<em>\u2019Uomo di Neanderthal<\/em> frequenta l\u2019area, perch\u00e9 vive in grotta e pratica la caccia, il che ne permette una presenza relativamente diffusa in un territorio come il Cilento ricco, appunto, di grotte e selvaggina, anche se vi arriva in una fase tarda, circa 40.000 anni fa. Egli trova riparo ancora tra Marina di Camerota e Palinuro, dove l\u2019esplorazione scientifica ha riguardato numerose grotte, alcune delle quali di notevole interesse, come la <strong>grotta del Poggio<\/strong> e quella <strong>della Cala<\/strong>, frequentate almeno fino all\u2019Et\u00e0 del Bronzo, o la <strong>grotta Sepolcrale<\/strong>, dove sono stati trovati i resti del cosiddetto <em>Homo camerotensis<\/em>, del tipo di <em>Neanderthal<\/em> ma col mento sporgente.<\/p>\n\n\n\n<p class=\"has-black-color has-text-color\" style=\"font-size:22px\">Anche l\u2019area degli Alburni \u00e8 frequentata dai cacciatori del Paleolitico, come dimostra l\u2019ampia antropizzazione delle grotte, in particolare, a <strong>S. Angelo a Fasanella<\/strong>, la grotta dove oggi si trova il santuario di S. Michele e la <strong>grotta di Castelcivita<\/strong>, entrambe abitate per un periodo non limitato al solo Paleolitico. La natura carsica di quel massiccio e la conseguente presenza di numerose cavit\u00e0 rendeva interessante la zona all\u2019uomo preistorico, che poteva utilizzare per la caccia e le sue necessit\u00e0 le foreste che si estendevano rigogliose fin nella pianura del Sele e il cui raggio d\u2019azione avr\u00e0, probabilmente, interessato anche il versante del massiccio che guarda il Vallo di Diano.<\/p>\n\n\n<div class=\"wp-block-image\">\n<figure class=\"alignright size-large is-resized\"><a href=\"https:\/\/fattidistoria.org\/wp-content\/uploads\/2023\/10\/Foto-3-Grotta-S.-Michele.-S.-A.-a-Fasanella.-InternoFoto-P.-Morra.jpg\"><img loading=\"lazy\" decoding=\"async\" width=\"683\" height=\"1024\" src=\"https:\/\/fattidistoria.org\/wp-content\/uploads\/2023\/10\/Foto-3-Grotta-S.-Michele.-S.-A.-a-Fasanella.-InternoFoto-P.-Morra-683x1024.jpg\" alt=\"\" class=\"wp-image-2166\" style=\"aspect-ratio:0.6669921875;width:307px;height:auto\" srcset=\"https:\/\/fattidistoria.org\/wp-content\/uploads\/2023\/10\/Foto-3-Grotta-S.-Michele.-S.-A.-a-Fasanella.-InternoFoto-P.-Morra-683x1024.jpg 683w, https:\/\/fattidistoria.org\/wp-content\/uploads\/2023\/10\/Foto-3-Grotta-S.-Michele.-S.-A.-a-Fasanella.-InternoFoto-P.-Morra-200x300.jpg 200w, https:\/\/fattidistoria.org\/wp-content\/uploads\/2023\/10\/Foto-3-Grotta-S.-Michele.-S.-A.-a-Fasanella.-InternoFoto-P.-Morra-768x1152.jpg 768w, https:\/\/fattidistoria.org\/wp-content\/uploads\/2023\/10\/Foto-3-Grotta-S.-Michele.-S.-A.-a-Fasanella.-InternoFoto-P.-Morra-1024x1536.jpg 1024w, https:\/\/fattidistoria.org\/wp-content\/uploads\/2023\/10\/Foto-3-Grotta-S.-Michele.-S.-A.-a-Fasanella.-InternoFoto-P.-Morra-1365x2048.jpg 1365w, https:\/\/fattidistoria.org\/wp-content\/uploads\/2023\/10\/Foto-3-Grotta-S.-Michele.-S.-A.-a-Fasanella.-InternoFoto-P.-Morra-1230x1845.jpg 1230w, https:\/\/fattidistoria.org\/wp-content\/uploads\/2023\/10\/Foto-3-Grotta-S.-Michele.-S.-A.-a-Fasanella.-InternoFoto-P.-Morra.jpg 1704w\" sizes=\"auto, (max-width: 683px) 100vw, 683px\" \/><\/a><figcaption class=\"wp-element-caption\">Grotta di S. Michele, S. Angelo a Fasanella. Interno (foto G. Morra)<\/figcaption><\/figure>\n<\/div>\n\n<div class=\"wp-block-image\">\n<figure class=\"alignleft size-large is-resized\"><a href=\"https:\/\/fattidistoria.org\/wp-content\/uploads\/2023\/10\/Foto-4-Grotta-S.-Michele.-S.-A.-a-Fasanella.-Altare-dellarcangelo-Foto-P.-Morra.jpg\"><img loading=\"lazy\" decoding=\"async\" width=\"683\" height=\"1024\" src=\"https:\/\/fattidistoria.org\/wp-content\/uploads\/2023\/10\/Foto-4-Grotta-S.-Michele.-S.-A.-a-Fasanella.-Altare-dellarcangelo-Foto-P.-Morra-683x1024.jpg\" alt=\"\" class=\"wp-image-2167\" style=\"aspect-ratio:0.6669921875;width:305px;height:auto\" srcset=\"https:\/\/fattidistoria.org\/wp-content\/uploads\/2023\/10\/Foto-4-Grotta-S.-Michele.-S.-A.-a-Fasanella.-Altare-dellarcangelo-Foto-P.-Morra-683x1024.jpg 683w, https:\/\/fattidistoria.org\/wp-content\/uploads\/2023\/10\/Foto-4-Grotta-S.-Michele.-S.-A.-a-Fasanella.-Altare-dellarcangelo-Foto-P.-Morra-200x300.jpg 200w, https:\/\/fattidistoria.org\/wp-content\/uploads\/2023\/10\/Foto-4-Grotta-S.-Michele.-S.-A.-a-Fasanella.-Altare-dellarcangelo-Foto-P.-Morra-768x1152.jpg 768w, https:\/\/fattidistoria.org\/wp-content\/uploads\/2023\/10\/Foto-4-Grotta-S.-Michele.-S.-A.-a-Fasanella.-Altare-dellarcangelo-Foto-P.-Morra-1024x1536.jpg 1024w, https:\/\/fattidistoria.org\/wp-content\/uploads\/2023\/10\/Foto-4-Grotta-S.-Michele.-S.-A.-a-Fasanella.-Altare-dellarcangelo-Foto-P.-Morra-1365x2048.jpg 1365w, https:\/\/fattidistoria.org\/wp-content\/uploads\/2023\/10\/Foto-4-Grotta-S.-Michele.-S.-A.-a-Fasanella.-Altare-dellarcangelo-Foto-P.-Morra-1230x1845.jpg 1230w, https:\/\/fattidistoria.org\/wp-content\/uploads\/2023\/10\/Foto-4-Grotta-S.-Michele.-S.-A.-a-Fasanella.-Altare-dellarcangelo-Foto-P.-Morra.jpg 1704w\" sizes=\"auto, (max-width: 683px) 100vw, 683px\" \/><\/a><figcaption class=\"wp-element-caption\"> Grotta di S. Michele, S. Angelo a Fasanella. Altare dell\u2019arcangelo (foto G. Morra)<\/figcaption><\/figure>\n<\/div>\n\n\n<p class=\"has-black-color has-text-color\" style=\"font-size:22px\">Gran parte delle grotte citate sono frequentate anche dall\u2019<em>Homo sapiens<\/em>, nelle fasi successive del Paleolitico e del Neolitico (quindi almeno fino al 3.000 a.C.); alcune di esse anche nelle et\u00e0 dei metalli. A questi periodi fanno riferimento i ritrovamenti nelle <strong>grotte della Cala e Calanca<\/strong>, <strong>del Poggio<\/strong>, <strong>dell\u2019Olio<\/strong> e <strong>del Noglio<\/strong>, poste sempre sulla costa a sud di Palinuro, oltre che nella <strong>grotta dell\u2019Ausino<\/strong>, subito sottostante a quella di Castelcivita, con ritrovamenti anche di materiale ceramico, chiara attestazione di frequentazione in epoche successive.<\/p>\n\n\n\n<p class=\"has-black-color has-text-color\" style=\"font-size:22px\">L\u2019utilizzo delle grotte si protrae anche nel periodo storico e in secoli a noi pi\u00f9 vicini. Esse interessano, in particolare, il primo monachesimo nella tarda antichit\u00e0 e nell\u2019alto medioevo e il culto dell\u2019arcangelo Michele diffuso in zona soprattutto dai Longobardi.<\/p>\n\n\n\n<p class=\"has-black-color has-text-color\" style=\"font-size:22px\">Questi ultimi veneravano l\u2019arcangelo guerriero perch\u00e9 richiamava il loro antico dio Wotan (Odino) e per la vicinanza del suo culto a quelli uranici e ctoni (cio\u00e8 riferiti agli dei del cielo e degli inferi). Ne fecero cos\u00ec una sorta di santo nazionale e, nei territori dove si insediarono, gli dedicarono numerose chiese e cappelle disseminate sulle alture e sulle cime dei monti o poste in cavit\u00e0 rupestri e presso sorgenti. Il Cilento \u2013 terra di insediamento dei Longobardi \u2013 presenta molti di questi siti, spesso grotte adibite a chiese o costruzioni esterne sottoroccia, abitate da eremiti dediti all\u2019ascesi o da monaci viventi l\u2019esperienza cenobitica.<\/p>\n\n\n<div class=\"wp-block-image\">\n<figure class=\"alignleft size-large is-resized\"><a href=\"https:\/\/fattidistoria.org\/wp-content\/uploads\/2023\/10\/Foto-5-Grotta-S.-Michele.-S.-A.-a-Fasanella.-Interno-Foto-P.-Morra.jpg\"><img loading=\"lazy\" decoding=\"async\" width=\"683\" height=\"1024\" src=\"https:\/\/fattidistoria.org\/wp-content\/uploads\/2023\/10\/Foto-5-Grotta-S.-Michele.-S.-A.-a-Fasanella.-Interno-Foto-P.-Morra-683x1024.jpg\" alt=\"\" class=\"wp-image-2168\" style=\"aspect-ratio:0.6669921875;width:291px;height:auto\" srcset=\"https:\/\/fattidistoria.org\/wp-content\/uploads\/2023\/10\/Foto-5-Grotta-S.-Michele.-S.-A.-a-Fasanella.-Interno-Foto-P.-Morra-683x1024.jpg 683w, https:\/\/fattidistoria.org\/wp-content\/uploads\/2023\/10\/Foto-5-Grotta-S.-Michele.-S.-A.-a-Fasanella.-Interno-Foto-P.-Morra-200x300.jpg 200w, https:\/\/fattidistoria.org\/wp-content\/uploads\/2023\/10\/Foto-5-Grotta-S.-Michele.-S.-A.-a-Fasanella.-Interno-Foto-P.-Morra-768x1152.jpg 768w, https:\/\/fattidistoria.org\/wp-content\/uploads\/2023\/10\/Foto-5-Grotta-S.-Michele.-S.-A.-a-Fasanella.-Interno-Foto-P.-Morra-1024x1536.jpg 1024w, https:\/\/fattidistoria.org\/wp-content\/uploads\/2023\/10\/Foto-5-Grotta-S.-Michele.-S.-A.-a-Fasanella.-Interno-Foto-P.-Morra-1365x2048.jpg 1365w, https:\/\/fattidistoria.org\/wp-content\/uploads\/2023\/10\/Foto-5-Grotta-S.-Michele.-S.-A.-a-Fasanella.-Interno-Foto-P.-Morra-1230x1845.jpg 1230w, https:\/\/fattidistoria.org\/wp-content\/uploads\/2023\/10\/Foto-5-Grotta-S.-Michele.-S.-A.-a-Fasanella.-Interno-Foto-P.-Morra.jpg 1704w\" sizes=\"auto, (max-width: 683px) 100vw, 683px\" \/><\/a><figcaption class=\"wp-element-caption\"> Grotta di S. Michele, S. Angelo a Fasanella. Interno (foto G. Morra)<\/figcaption><\/figure>\n<\/div>\n\n<div class=\"wp-block-image\">\n<figure class=\"alignright size-large is-resized\"><a href=\"https:\/\/fattidistoria.org\/wp-content\/uploads\/2023\/10\/Foto-6-Grotta-dellAngelo.-Caselle-in-Pittari.-La-Greca-scaled.jpg\"><img loading=\"lazy\" decoding=\"async\" width=\"662\" height=\"1024\" src=\"https:\/\/fattidistoria.org\/wp-content\/uploads\/2023\/10\/Foto-6-Grotta-dellAngelo.-Caselle-in-Pittari.-La-Greca-662x1024.jpg\" alt=\"\" class=\"wp-image-2169\" style=\"aspect-ratio:0.646484375;width:289px;height:auto\" srcset=\"https:\/\/fattidistoria.org\/wp-content\/uploads\/2023\/10\/Foto-6-Grotta-dellAngelo.-Caselle-in-Pittari.-La-Greca-662x1024.jpg 662w, https:\/\/fattidistoria.org\/wp-content\/uploads\/2023\/10\/Foto-6-Grotta-dellAngelo.-Caselle-in-Pittari.-La-Greca-194x300.jpg 194w, https:\/\/fattidistoria.org\/wp-content\/uploads\/2023\/10\/Foto-6-Grotta-dellAngelo.-Caselle-in-Pittari.-La-Greca-768x1189.jpg 768w, https:\/\/fattidistoria.org\/wp-content\/uploads\/2023\/10\/Foto-6-Grotta-dellAngelo.-Caselle-in-Pittari.-La-Greca-993x1536.jpg 993w, https:\/\/fattidistoria.org\/wp-content\/uploads\/2023\/10\/Foto-6-Grotta-dellAngelo.-Caselle-in-Pittari.-La-Greca-1323x2048.jpg 1323w, https:\/\/fattidistoria.org\/wp-content\/uploads\/2023\/10\/Foto-6-Grotta-dellAngelo.-Caselle-in-Pittari.-La-Greca-1230x1903.jpg 1230w, https:\/\/fattidistoria.org\/wp-content\/uploads\/2023\/10\/Foto-6-Grotta-dellAngelo.-Caselle-in-Pittari.-La-Greca-scaled.jpg 1654w\" sizes=\"auto, (max-width: 662px) 100vw, 662px\" \/><\/a><figcaption class=\"wp-element-caption\">Grotta dell\u2019Angelo, Caselle in Pittari (foto A. La Greca, Temi per una mitografia del Cilento, CPCC, Acciaroli 2017)<\/figcaption><\/figure>\n<\/div>\n\n<div class=\"wp-block-image\">\n<figure class=\"aligncenter size-large is-resized\"><img loading=\"lazy\" decoding=\"async\" width=\"1024\" height=\"768\" src=\"https:\/\/fattidistoria.org\/wp-content\/uploads\/2023\/10\/Foto-7-Grotta-dellAngelo.-Caselle-in-Pittari.-La-Greca-1024x768.jpg\" alt=\"\" class=\"wp-image-2170\" style=\"aspect-ratio:1.3333333333333333;width:454px;height:auto\" srcset=\"https:\/\/fattidistoria.org\/wp-content\/uploads\/2023\/10\/Foto-7-Grotta-dellAngelo.-Caselle-in-Pittari.-La-Greca-1024x768.jpg 1024w, https:\/\/fattidistoria.org\/wp-content\/uploads\/2023\/10\/Foto-7-Grotta-dellAngelo.-Caselle-in-Pittari.-La-Greca-300x225.jpg 300w, https:\/\/fattidistoria.org\/wp-content\/uploads\/2023\/10\/Foto-7-Grotta-dellAngelo.-Caselle-in-Pittari.-La-Greca-768x576.jpg 768w, https:\/\/fattidistoria.org\/wp-content\/uploads\/2023\/10\/Foto-7-Grotta-dellAngelo.-Caselle-in-Pittari.-La-Greca-1536x1151.jpg 1536w, https:\/\/fattidistoria.org\/wp-content\/uploads\/2023\/10\/Foto-7-Grotta-dellAngelo.-Caselle-in-Pittari.-La-Greca-2048x1535.jpg 2048w, https:\/\/fattidistoria.org\/wp-content\/uploads\/2023\/10\/Foto-7-Grotta-dellAngelo.-Caselle-in-Pittari.-La-Greca-1230x922.jpg 1230w, https:\/\/fattidistoria.org\/wp-content\/uploads\/2023\/10\/Foto-7-Grotta-dellAngelo.-Caselle-in-Pittari.-La-Greca-480x360.jpg 480w\" sizes=\"auto, (max-width: 1024px) 100vw, 1024px\" \/><figcaption class=\"wp-element-caption\">Grotta dell\u2019Angelo, Caselle in Pittari (foto A. La Greca, Temi\u2026)<\/figcaption><\/figure>\n<\/div>\n\n<div class=\"wp-block-image\">\n<figure class=\"aligncenter size-large is-resized\"><a href=\"https:\/\/fattidistoria.org\/wp-content\/uploads\/2023\/10\/Foto-8-da-La-Greca-scaled.jpg\"><img loading=\"lazy\" decoding=\"async\" width=\"1024\" height=\"722\" src=\"https:\/\/fattidistoria.org\/wp-content\/uploads\/2023\/10\/Foto-8-da-La-Greca-1024x722.jpg\" alt=\"\" class=\"wp-image-2171\" style=\"aspect-ratio:1.4182825484764543;width:454px;height:auto\" srcset=\"https:\/\/fattidistoria.org\/wp-content\/uploads\/2023\/10\/Foto-8-da-La-Greca-1024x722.jpg 1024w, https:\/\/fattidistoria.org\/wp-content\/uploads\/2023\/10\/Foto-8-da-La-Greca-300x211.jpg 300w, https:\/\/fattidistoria.org\/wp-content\/uploads\/2023\/10\/Foto-8-da-La-Greca-768x541.jpg 768w, https:\/\/fattidistoria.org\/wp-content\/uploads\/2023\/10\/Foto-8-da-La-Greca-1536x1083.jpg 1536w, https:\/\/fattidistoria.org\/wp-content\/uploads\/2023\/10\/Foto-8-da-La-Greca-2048x1444.jpg 2048w, https:\/\/fattidistoria.org\/wp-content\/uploads\/2023\/10\/Foto-8-da-La-Greca-1230x867.jpg 1230w\" sizes=\"auto, (max-width: 1024px) 100vw, 1024px\" \/><\/a><figcaption class=\"wp-element-caption\">Caselle in Pittari (foto A. La Greca, Temi\u2026)<\/figcaption><\/figure>\n<\/div>\n\n\n<p class=\"has-black-color has-text-color\" style=\"font-size:22px\">Nell\u2019area del Vallo di Diano troviamo, nei pressi di Sala Consilina, il <strong>Santuario e la Grotta di S. Michele Arcangelo<\/strong>, consistenti, l\u2019uno, in una chiesa posta sulle pendici del monte Schiavo, decorata e con una statua del Santo, l\u2019altra, in una spelonca di cui parla gi\u00e0 Costantino Gatta nel suo <em>La Lucania illustrata<\/em> del 1723. Vestigia oggi ridotte in ruderi. Pi\u00f9 a sud, incontriamo <strong>l\u2019Eremo di S. Michele presso Montesano sulla Marcellana<\/strong>, di cui rimangono solo pochi ruderi all\u2019interno di due grotte collegate da un cunicolo, e il <strong>S. Michele alle Grottelle ad est di Padula<\/strong>, anch\u2019esso insediamento religioso all\u2019interno di un\u2019articolata cavit\u00e0 rocciosa, dove sono ancora visibili cicli di affreschi di buona fattura.<\/p>\n\n\n\n<p class=\"has-black-color has-text-color\" style=\"font-size:22px\">Nell\u2019area degli Alburni sorge l\u2019importante <strong>insediamento rupestre di S. Angelo a Fasanella<\/strong>. Si tratta di un complesso composto da una grande grotta \u2013 quella che abbiamo visto frequentata sin da epoche preistoriche \u2013 dedicata a S. Michele Arcangelo, con numerose edicole ed altari e molte pregevoli opere d\u2019arte, e da un\u2019abbazia addossata alla cavit\u00e0 carsica ridotta in ruderi e di cui resta il campanile a pianta quadrata. L\u2019abbazia benedettina ebbe molta importanza, estese la sua influenza su ampie parti della Valle di Fasanella, possedendo nel XII secolo molte dipendenze e privilegi (ne scrive Luigi Kalby in un interessante volume del 1991).<\/p>\n\n\n<div class=\"wp-block-image\">\n<figure class=\"alignleft size-large is-resized\"><a href=\"https:\/\/fattidistoria.org\/wp-content\/uploads\/2023\/10\/Foto-9-Grotta-di-S.-Michele.-Caselle-in-Pittari.-La-Greca-scaled.jpg\"><img loading=\"lazy\" decoding=\"async\" width=\"622\" height=\"1024\" src=\"https:\/\/fattidistoria.org\/wp-content\/uploads\/2023\/10\/Foto-9-Grotta-di-S.-Michele.-Caselle-in-Pittari.-La-Greca-622x1024.jpg\" alt=\"\" class=\"wp-image-2172\" style=\"aspect-ratio:0.607421875;width:209px;height:auto\" srcset=\"https:\/\/fattidistoria.org\/wp-content\/uploads\/2023\/10\/Foto-9-Grotta-di-S.-Michele.-Caselle-in-Pittari.-La-Greca-622x1024.jpg 622w, https:\/\/fattidistoria.org\/wp-content\/uploads\/2023\/10\/Foto-9-Grotta-di-S.-Michele.-Caselle-in-Pittari.-La-Greca-182x300.jpg 182w, https:\/\/fattidistoria.org\/wp-content\/uploads\/2023\/10\/Foto-9-Grotta-di-S.-Michele.-Caselle-in-Pittari.-La-Greca-768x1263.jpg 768w, https:\/\/fattidistoria.org\/wp-content\/uploads\/2023\/10\/Foto-9-Grotta-di-S.-Michele.-Caselle-in-Pittari.-La-Greca-934x1536.jpg 934w, https:\/\/fattidistoria.org\/wp-content\/uploads\/2023\/10\/Foto-9-Grotta-di-S.-Michele.-Caselle-in-Pittari.-La-Greca-1245x2048.jpg 1245w, https:\/\/fattidistoria.org\/wp-content\/uploads\/2023\/10\/Foto-9-Grotta-di-S.-Michele.-Caselle-in-Pittari.-La-Greca-1230x2023.jpg 1230w, https:\/\/fattidistoria.org\/wp-content\/uploads\/2023\/10\/Foto-9-Grotta-di-S.-Michele.-Caselle-in-Pittari.-La-Greca-scaled.jpg 1556w\" sizes=\"auto, (max-width: 622px) 100vw, 622px\" \/><\/a><figcaption class=\"wp-element-caption\"> Grotta di S. Michele, Caselle in Pittari (foto A. La Greca, Temi\u2026)<\/figcaption><\/figure>\n<\/div>\n\n<div class=\"wp-block-image\">\n<figure class=\"alignright size-large is-resized\"><a href=\"https:\/\/fattidistoria.org\/wp-content\/uploads\/2023\/10\/Foto-10-da-La-Greca-scaled.jpg\"><img loading=\"lazy\" decoding=\"async\" width=\"1024\" height=\"748\" src=\"https:\/\/fattidistoria.org\/wp-content\/uploads\/2023\/10\/Foto-10-da-La-Greca-1024x748.jpg\" alt=\"\" class=\"wp-image-2173\" style=\"aspect-ratio:1.3689839572192513;width:414px;height:auto\" srcset=\"https:\/\/fattidistoria.org\/wp-content\/uploads\/2023\/10\/Foto-10-da-La-Greca-1024x748.jpg 1024w, https:\/\/fattidistoria.org\/wp-content\/uploads\/2023\/10\/Foto-10-da-La-Greca-300x219.jpg 300w, https:\/\/fattidistoria.org\/wp-content\/uploads\/2023\/10\/Foto-10-da-La-Greca-768x561.jpg 768w, https:\/\/fattidistoria.org\/wp-content\/uploads\/2023\/10\/Foto-10-da-La-Greca-1536x1121.jpg 1536w, https:\/\/fattidistoria.org\/wp-content\/uploads\/2023\/10\/Foto-10-da-La-Greca-2048x1495.jpg 2048w, https:\/\/fattidistoria.org\/wp-content\/uploads\/2023\/10\/Foto-10-da-La-Greca-1230x898.jpg 1230w\" sizes=\"auto, (max-width: 1024px) 100vw, 1024px\" \/><\/a><figcaption class=\"wp-element-caption\">Foto A. La Greca, Temi\u2026<\/figcaption><\/figure>\n<\/div>\n\n\n<p class=\"has-black-color has-text-color\" style=\"font-size:22px\">Nel Basso Cilento due i siti dove si riscontra il culto dell\u2019Arcangelo. Nei pressi di <strong>Caselle in Pittari<\/strong>, sull\u2019omonimo monte, un complesso formato da due piccole chiese occupanti i due antri naturali che si aprono nella roccia costituisce una rinomata meta di pellegrinaggi. Anche in questo caso ne parlava gi\u00e0 Costantino Gatta nel Settecento, riferendo di una nota tradizione secondo la quale nel luogo sarebbe apparso l\u2019Arcangelo. Delle due grotte, una \u00e8 chiamata <em>dell\u2019Angelo<\/em>, l\u2019altra, <em>di S. Michele<\/em>. In quest\u2019ultima, la figura dell\u2019arcangelo \u00e8 scolpita a bassorilievo su una lastra in pietra risalente probabilmente al XII secolo. Una grotta di S. Michele si trova anche nell\u2019alta valle del Calore, nei pressi di <strong>Valle dell\u2019Angelo<\/strong>, ospita una cappella di piccole dimensioni con una statua (\u00e8 detta anche grotta dell\u2019Ausino, la stessa abitata nei tempi preistorici).<\/p>\n\n\n\n<p class=\"has-black-color has-text-color\" style=\"font-size:22px\">Di queste ultime tre vestigia del culto micaelico cilentano, ancora presente e suggestivo, offriamo alcune immagini fotografiche. Lo stesso culto, peraltro, \u00e8 assai diffuso nel territorio, costituendo tuttora un riferimento centrale della religiosit\u00e0 locale popolare che ne vive intensamente il significato di lotta vittoriosa del bene sul male, come accade l\u20198 maggio a <strong>Rutino<\/strong> con la <em>Sacra Rappresentazione<\/em>, detta anche \u201cVolo dell\u2019Angelo\u201d, in cui si inscena il duello tra l\u2019angelo e il diavolo, con dialoghi tratti dal <em>Paradiso perduto<\/em> di <strong>Milton<\/strong> (al riguardo, c\u2019\u00e8 un bel saggio in un libro di Pasquale Martucci e Antonio Di Rienzo di qualche anno fa).<\/p>\n\n\n<div class=\"wp-block-image\">\n<figure class=\"alignleft size-large is-resized\"><a href=\"https:\/\/fattidistoria.org\/wp-content\/uploads\/2023\/10\/Foto-11-La-cappella-rupestre-di-S.-Lucia-a-Magliano-Foto-P.-Morra-scaled.jpg\"><img loading=\"lazy\" decoding=\"async\" width=\"1024\" height=\"768\" src=\"https:\/\/fattidistoria.org\/wp-content\/uploads\/2023\/10\/Foto-11-La-cappella-rupestre-di-S.-Lucia-a-Magliano-Foto-P.-Morra-1024x768.jpg\" alt=\"\" class=\"wp-image-2174\" style=\"aspect-ratio:1.3333333333333333;width:390px;height:auto\" srcset=\"https:\/\/fattidistoria.org\/wp-content\/uploads\/2023\/10\/Foto-11-La-cappella-rupestre-di-S.-Lucia-a-Magliano-Foto-P.-Morra-1024x768.jpg 1024w, https:\/\/fattidistoria.org\/wp-content\/uploads\/2023\/10\/Foto-11-La-cappella-rupestre-di-S.-Lucia-a-Magliano-Foto-P.-Morra-300x225.jpg 300w, https:\/\/fattidistoria.org\/wp-content\/uploads\/2023\/10\/Foto-11-La-cappella-rupestre-di-S.-Lucia-a-Magliano-Foto-P.-Morra-768x576.jpg 768w, https:\/\/fattidistoria.org\/wp-content\/uploads\/2023\/10\/Foto-11-La-cappella-rupestre-di-S.-Lucia-a-Magliano-Foto-P.-Morra-1536x1152.jpg 1536w, https:\/\/fattidistoria.org\/wp-content\/uploads\/2023\/10\/Foto-11-La-cappella-rupestre-di-S.-Lucia-a-Magliano-Foto-P.-Morra-2048x1536.jpg 2048w, https:\/\/fattidistoria.org\/wp-content\/uploads\/2023\/10\/Foto-11-La-cappella-rupestre-di-S.-Lucia-a-Magliano-Foto-P.-Morra-1230x923.jpg 1230w, https:\/\/fattidistoria.org\/wp-content\/uploads\/2023\/10\/Foto-11-La-cappella-rupestre-di-S.-Lucia-a-Magliano-Foto-P.-Morra-480x360.jpg 480w\" sizes=\"auto, (max-width: 1024px) 100vw, 1024px\" \/><\/a><figcaption class=\"wp-element-caption\">Cappella rupestre di S. Lucia, Magliano Vetere (foto G. Morra)<\/figcaption><\/figure>\n<\/div>\n\n<div class=\"wp-block-image\">\n<figure class=\"alignright size-large is-resized\"><a href=\"https:\/\/fattidistoria.org\/wp-content\/uploads\/2023\/10\/Foto-12-La-cappella-rupestre-di-S.-Lucia-a-Magliano-Foto-P.-Morra-scaled.jpg\"><img loading=\"lazy\" decoding=\"async\" width=\"768\" height=\"1024\" src=\"https:\/\/fattidistoria.org\/wp-content\/uploads\/2023\/10\/Foto-12-La-cappella-rupestre-di-S.-Lucia-a-Magliano-Foto-P.-Morra-768x1024.jpg\" alt=\"\" class=\"wp-image-2175\" style=\"aspect-ratio:0.75;width:253px;height:auto\" srcset=\"https:\/\/fattidistoria.org\/wp-content\/uploads\/2023\/10\/Foto-12-La-cappella-rupestre-di-S.-Lucia-a-Magliano-Foto-P.-Morra-768x1024.jpg 768w, https:\/\/fattidistoria.org\/wp-content\/uploads\/2023\/10\/Foto-12-La-cappella-rupestre-di-S.-Lucia-a-Magliano-Foto-P.-Morra-225x300.jpg 225w, https:\/\/fattidistoria.org\/wp-content\/uploads\/2023\/10\/Foto-12-La-cappella-rupestre-di-S.-Lucia-a-Magliano-Foto-P.-Morra-1152x1536.jpg 1152w, https:\/\/fattidistoria.org\/wp-content\/uploads\/2023\/10\/Foto-12-La-cappella-rupestre-di-S.-Lucia-a-Magliano-Foto-P.-Morra-1536x2048.jpg 1536w, https:\/\/fattidistoria.org\/wp-content\/uploads\/2023\/10\/Foto-12-La-cappella-rupestre-di-S.-Lucia-a-Magliano-Foto-P.-Morra-1230x1640.jpg 1230w, https:\/\/fattidistoria.org\/wp-content\/uploads\/2023\/10\/Foto-12-La-cappella-rupestre-di-S.-Lucia-a-Magliano-Foto-P.-Morra-scaled.jpg 1920w\" sizes=\"auto, (max-width: 768px) 100vw, 768px\" \/><\/a><figcaption class=\"wp-element-caption\">Cappella rupestre di S. Lucia, Magliano Vetere (foto G. Morra)<\/figcaption><\/figure>\n<\/div>\n\n<div class=\"wp-block-image\">\n<figure class=\"alignleft size-large is-resized\"><a href=\"https:\/\/fattidistoria.org\/wp-content\/uploads\/2023\/10\/Foto-13-La-cappella-rupestre-di-S.-Mauro-a-Capizzo-Foto-P.-Morra.jpg\"><img loading=\"lazy\" decoding=\"async\" width=\"1024\" height=\"683\" src=\"https:\/\/fattidistoria.org\/wp-content\/uploads\/2023\/10\/Foto-13-La-cappella-rupestre-di-S.-Mauro-a-Capizzo-Foto-P.-Morra-1024x683.jpg\" alt=\"\" class=\"wp-image-2176\" style=\"aspect-ratio:1.499267935578331;width:390px;height:auto\" srcset=\"https:\/\/fattidistoria.org\/wp-content\/uploads\/2023\/10\/Foto-13-La-cappella-rupestre-di-S.-Mauro-a-Capizzo-Foto-P.-Morra-1024x683.jpg 1024w, https:\/\/fattidistoria.org\/wp-content\/uploads\/2023\/10\/Foto-13-La-cappella-rupestre-di-S.-Mauro-a-Capizzo-Foto-P.-Morra-300x200.jpg 300w, https:\/\/fattidistoria.org\/wp-content\/uploads\/2023\/10\/Foto-13-La-cappella-rupestre-di-S.-Mauro-a-Capizzo-Foto-P.-Morra-768x512.jpg 768w, https:\/\/fattidistoria.org\/wp-content\/uploads\/2023\/10\/Foto-13-La-cappella-rupestre-di-S.-Mauro-a-Capizzo-Foto-P.-Morra-1536x1024.jpg 1536w, https:\/\/fattidistoria.org\/wp-content\/uploads\/2023\/10\/Foto-13-La-cappella-rupestre-di-S.-Mauro-a-Capizzo-Foto-P.-Morra-2048x1365.jpg 2048w, https:\/\/fattidistoria.org\/wp-content\/uploads\/2023\/10\/Foto-13-La-cappella-rupestre-di-S.-Mauro-a-Capizzo-Foto-P.-Morra-1230x820.jpg 1230w\" sizes=\"auto, (max-width: 1024px) 100vw, 1024px\" \/><\/a><figcaption class=\"wp-element-caption\">Cappella rupestre di S. Mauro, Capizzo (foto G. Morra)<\/figcaption><\/figure>\n<\/div>\n\n<div class=\"wp-block-image\">\n<figure class=\"alignright size-large is-resized\"><a href=\"https:\/\/fattidistoria.org\/wp-content\/uploads\/2023\/10\/Foto-14-La-cappella-rupestre-di-S.-Mauro-a-Capizzo-Foto-P.-Morra.jpg\"><img loading=\"lazy\" decoding=\"async\" width=\"683\" height=\"1024\" src=\"https:\/\/fattidistoria.org\/wp-content\/uploads\/2023\/10\/Foto-14-La-cappella-rupestre-di-S.-Mauro-a-Capizzo-Foto-P.-Morra-683x1024.jpg\" alt=\"\" class=\"wp-image-2177\" style=\"aspect-ratio:0.6669921875;width:248px;height:auto\" srcset=\"https:\/\/fattidistoria.org\/wp-content\/uploads\/2023\/10\/Foto-14-La-cappella-rupestre-di-S.-Mauro-a-Capizzo-Foto-P.-Morra-683x1024.jpg 683w, https:\/\/fattidistoria.org\/wp-content\/uploads\/2023\/10\/Foto-14-La-cappella-rupestre-di-S.-Mauro-a-Capizzo-Foto-P.-Morra-200x300.jpg 200w, https:\/\/fattidistoria.org\/wp-content\/uploads\/2023\/10\/Foto-14-La-cappella-rupestre-di-S.-Mauro-a-Capizzo-Foto-P.-Morra-768x1152.jpg 768w, https:\/\/fattidistoria.org\/wp-content\/uploads\/2023\/10\/Foto-14-La-cappella-rupestre-di-S.-Mauro-a-Capizzo-Foto-P.-Morra-1024x1536.jpg 1024w, https:\/\/fattidistoria.org\/wp-content\/uploads\/2023\/10\/Foto-14-La-cappella-rupestre-di-S.-Mauro-a-Capizzo-Foto-P.-Morra-1365x2048.jpg 1365w, https:\/\/fattidistoria.org\/wp-content\/uploads\/2023\/10\/Foto-14-La-cappella-rupestre-di-S.-Mauro-a-Capizzo-Foto-P.-Morra-1230x1845.jpg 1230w, https:\/\/fattidistoria.org\/wp-content\/uploads\/2023\/10\/Foto-14-La-cappella-rupestre-di-S.-Mauro-a-Capizzo-Foto-P.-Morra.jpg 1704w\" sizes=\"auto, (max-width: 683px) 100vw, 683px\" \/><\/a><figcaption class=\"wp-element-caption\"> Cappella rupestre di S. Mauro, Capizzo (foto G. Morra)<\/figcaption><\/figure>\n<\/div>\n\n\n<p><\/p>\n\n\n\n<p><\/p>\n\n\n\n<p><\/p>\n\n\n\n<p><\/p>\n\n\n\n<p><\/p>\n\n\n\n<p><\/p>\n\n\n\n<p><\/p>\n\n\n\n<p><\/p>\n\n\n\n<p><\/p>\n\n\n\n<p><\/p>\n\n\n\n<p><\/p>\n\n\n\n<p><\/p>\n\n\n\n<p class=\"has-black-color has-text-color\" style=\"font-size:22px\">Per quanto riguarda il monachesimo altomedievale, questo interess\u00f2 sia alcune grotte dedicate all\u2019Arcangelo sia altri anfratti, cavit\u00e0 e ripari adottati dai monaci nella loro prima fase insediativa nel Cilento, quella eremitica.<\/p>\n\n\n\n<p class=\"has-black-color has-text-color\" style=\"font-size:22px\">Per secoli, monaci provenienti dall\u2019Impero bizantino o culturalmente tali, originari della Sicilia e della Calabria, spesso in fuga dalle lotte iconoclastiche che a lungo imperversarono in Oriente o dinanzi agli Arabi conquistatori dell\u2019isola siciliana, percorsero il futuro Cilento, vi sostarono, vi si insediarono, portandovi i loro culti, la loro spiritualit\u00e0, i loro modelli di vita materiale. Alcuni di essi divennero famosi in ambito locale e non solo, venendo considerati santi: ricordiamo <strong>San Nilo da Rossano<\/strong>, <strong>San Saba<\/strong>, <strong>San Fantino<\/strong> e <strong>San Filadelfo<\/strong> della Badia di Pattano.<\/p>\n\n\n\n<p class=\"has-black-color has-text-color\" style=\"font-size:22px\">Questo fenomeno venne chiamato da studiosi come <strong>Ebner<\/strong>, <strong>Borsari<\/strong>, <strong>Cappelli<\/strong>, <strong>Guillou<\/strong> e tanti altri, \u201cbizantinizzazione\u201d del territorio. La dinamica presenza dei monaci italo-greci (spesso chiamati, in modo sintetico ma impreciso, \u201cbasiliani\u201d) cre\u00f2 nel Cilento politicamente longobardo una lunga permanenza della cultura orientale, soprattutto religiosa.<\/p>\n\n\n\n<p class=\"has-black-color has-text-color\" style=\"font-size:22px\">La fase cenobitica di questo monachesimo fu quella che diede i maggiori frutti in termini di cultura materiale e trasformazione del territorio, ma furono le pi\u00f9 primitive fasi eremitica e lauritica quelle che maggiormente interessano il nostro discorso sulla geomorfologia cilentana. I primi monaci erano anacoreti, vivevano da soli, o in piccoli gruppi, e cercavano la tranquillit\u00e0, il silenzio, l\u2019isolamento necessari per condurre la loro vita ascetica. Tutte condizioni che trovarono nel Cilento altomedievale, rimasto sostanzialmente immutato, per ci\u00f2 che riguarda la presenza umana, rispetto alla fase preistorica. Per questo, molte delle grotte, degli anfratti e dei siti sottoroccia locali in cui ancora persistono tracce cultuali, o ancora adibiti a chiese, sono antichi siti eremitici.<\/p>\n\n\n<div class=\"wp-block-image\">\n<figure class=\"alignleft size-large is-resized\"><a href=\"https:\/\/fattidistoria.org\/wp-content\/uploads\/2023\/10\/Foto-15-Cappella-rupestre-di-S.-Lucia-a-Magliano.-Interno-Foto-P.-Morra-scaled.jpg\"><img loading=\"lazy\" decoding=\"async\" width=\"1024\" height=\"768\" src=\"https:\/\/fattidistoria.org\/wp-content\/uploads\/2023\/10\/Foto-15-Cappella-rupestre-di-S.-Lucia-a-Magliano.-Interno-Foto-P.-Morra-1024x768.jpg\" alt=\"\" class=\"wp-image-2178\" style=\"aspect-ratio:1.3333333333333333;width:356px;height:auto\" srcset=\"https:\/\/fattidistoria.org\/wp-content\/uploads\/2023\/10\/Foto-15-Cappella-rupestre-di-S.-Lucia-a-Magliano.-Interno-Foto-P.-Morra-1024x768.jpg 1024w, https:\/\/fattidistoria.org\/wp-content\/uploads\/2023\/10\/Foto-15-Cappella-rupestre-di-S.-Lucia-a-Magliano.-Interno-Foto-P.-Morra-300x225.jpg 300w, https:\/\/fattidistoria.org\/wp-content\/uploads\/2023\/10\/Foto-15-Cappella-rupestre-di-S.-Lucia-a-Magliano.-Interno-Foto-P.-Morra-768x576.jpg 768w, https:\/\/fattidistoria.org\/wp-content\/uploads\/2023\/10\/Foto-15-Cappella-rupestre-di-S.-Lucia-a-Magliano.-Interno-Foto-P.-Morra-1536x1152.jpg 1536w, https:\/\/fattidistoria.org\/wp-content\/uploads\/2023\/10\/Foto-15-Cappella-rupestre-di-S.-Lucia-a-Magliano.-Interno-Foto-P.-Morra-2048x1536.jpg 2048w, https:\/\/fattidistoria.org\/wp-content\/uploads\/2023\/10\/Foto-15-Cappella-rupestre-di-S.-Lucia-a-Magliano.-Interno-Foto-P.-Morra-1230x923.jpg 1230w, https:\/\/fattidistoria.org\/wp-content\/uploads\/2023\/10\/Foto-15-Cappella-rupestre-di-S.-Lucia-a-Magliano.-Interno-Foto-P.-Morra-480x360.jpg 480w\" sizes=\"auto, (max-width: 1024px) 100vw, 1024px\" \/><\/a><figcaption class=\"wp-element-caption\">Cappella rupestre di S. Lucia, Magliano Vetere. Interno (foto G. Morra)<\/figcaption><\/figure>\n<\/div>\n\n<div class=\"wp-block-image\">\n<figure class=\"alignright size-large is-resized\"><a href=\"https:\/\/fattidistoria.org\/wp-content\/uploads\/2023\/10\/Foto-16-Cappella-rupestre-S.-Lucia-a-Magliano.-Interno-Foto-A.-De-Marco.jpg\"><img loading=\"lazy\" decoding=\"async\" width=\"768\" height=\"1024\" src=\"https:\/\/fattidistoria.org\/wp-content\/uploads\/2023\/10\/Foto-16-Cappella-rupestre-S.-Lucia-a-Magliano.-Interno-Foto-A.-De-Marco-768x1024.jpg\" alt=\"\" class=\"wp-image-2179\" style=\"aspect-ratio:0.75;width:258px;height:auto\" srcset=\"https:\/\/fattidistoria.org\/wp-content\/uploads\/2023\/10\/Foto-16-Cappella-rupestre-S.-Lucia-a-Magliano.-Interno-Foto-A.-De-Marco-768x1024.jpg 768w, https:\/\/fattidistoria.org\/wp-content\/uploads\/2023\/10\/Foto-16-Cappella-rupestre-S.-Lucia-a-Magliano.-Interno-Foto-A.-De-Marco-225x300.jpg 225w, https:\/\/fattidistoria.org\/wp-content\/uploads\/2023\/10\/Foto-16-Cappella-rupestre-S.-Lucia-a-Magliano.-Interno-Foto-A.-De-Marco-1152x1536.jpg 1152w, https:\/\/fattidistoria.org\/wp-content\/uploads\/2023\/10\/Foto-16-Cappella-rupestre-S.-Lucia-a-Magliano.-Interno-Foto-A.-De-Marco-1536x2048.jpg 1536w, https:\/\/fattidistoria.org\/wp-content\/uploads\/2023\/10\/Foto-16-Cappella-rupestre-S.-Lucia-a-Magliano.-Interno-Foto-A.-De-Marco-1230x1640.jpg 1230w, https:\/\/fattidistoria.org\/wp-content\/uploads\/2023\/10\/Foto-16-Cappella-rupestre-S.-Lucia-a-Magliano.-Interno-Foto-A.-De-Marco.jpg 1920w\" sizes=\"auto, (max-width: 768px) 100vw, 768px\" \/><\/a><figcaption class=\"wp-element-caption\">Cappella rupestre di S. Lucia, Magliano Vetere. Interno (foto A. De Marco)<\/figcaption><\/figure>\n<\/div>\n\n<div class=\"wp-block-image\">\n<figure class=\"alignleft size-large is-resized\"><a href=\"https:\/\/fattidistoria.org\/wp-content\/uploads\/2023\/10\/Foto-17-Cappella-rupestre-S.-Lucia.-Interno-Foto-P.-Morra-scaled.jpg\"><img loading=\"lazy\" decoding=\"async\" width=\"1024\" height=\"768\" src=\"https:\/\/fattidistoria.org\/wp-content\/uploads\/2023\/10\/Foto-17-Cappella-rupestre-S.-Lucia.-Interno-Foto-P.-Morra-1024x768.jpg\" alt=\"\" class=\"wp-image-2180\" style=\"aspect-ratio:1.3333333333333333;width:346px;height:auto\" srcset=\"https:\/\/fattidistoria.org\/wp-content\/uploads\/2023\/10\/Foto-17-Cappella-rupestre-S.-Lucia.-Interno-Foto-P.-Morra-1024x768.jpg 1024w, https:\/\/fattidistoria.org\/wp-content\/uploads\/2023\/10\/Foto-17-Cappella-rupestre-S.-Lucia.-Interno-Foto-P.-Morra-300x225.jpg 300w, https:\/\/fattidistoria.org\/wp-content\/uploads\/2023\/10\/Foto-17-Cappella-rupestre-S.-Lucia.-Interno-Foto-P.-Morra-768x576.jpg 768w, https:\/\/fattidistoria.org\/wp-content\/uploads\/2023\/10\/Foto-17-Cappella-rupestre-S.-Lucia.-Interno-Foto-P.-Morra-1536x1152.jpg 1536w, https:\/\/fattidistoria.org\/wp-content\/uploads\/2023\/10\/Foto-17-Cappella-rupestre-S.-Lucia.-Interno-Foto-P.-Morra-2048x1536.jpg 2048w, https:\/\/fattidistoria.org\/wp-content\/uploads\/2023\/10\/Foto-17-Cappella-rupestre-S.-Lucia.-Interno-Foto-P.-Morra-1230x923.jpg 1230w, https:\/\/fattidistoria.org\/wp-content\/uploads\/2023\/10\/Foto-17-Cappella-rupestre-S.-Lucia.-Interno-Foto-P.-Morra-480x360.jpg 480w\" sizes=\"auto, (max-width: 1024px) 100vw, 1024px\" \/><\/a><figcaption class=\"wp-element-caption\">Cappella rupestre di S. Lucia, Magliano Vetere. Interno (foto G. Morra)<\/figcaption><\/figure>\n<\/div>\n\n<div class=\"wp-block-image\">\n<figure class=\"alignright size-large is-resized\"><a href=\"https:\/\/fattidistoria.org\/wp-content\/uploads\/2023\/10\/Foto-18-da-La-Greca-scaled.jpg\"><img loading=\"lazy\" decoding=\"async\" width=\"1024\" height=\"784\" src=\"https:\/\/fattidistoria.org\/wp-content\/uploads\/2023\/10\/Foto-18-da-La-Greca-1024x784.jpg\" alt=\"\" class=\"wp-image-2181\" style=\"aspect-ratio:1.3061224489795917;width:296px;height:auto\" srcset=\"https:\/\/fattidistoria.org\/wp-content\/uploads\/2023\/10\/Foto-18-da-La-Greca-1024x784.jpg 1024w, https:\/\/fattidistoria.org\/wp-content\/uploads\/2023\/10\/Foto-18-da-La-Greca-300x230.jpg 300w, https:\/\/fattidistoria.org\/wp-content\/uploads\/2023\/10\/Foto-18-da-La-Greca-768x588.jpg 768w, https:\/\/fattidistoria.org\/wp-content\/uploads\/2023\/10\/Foto-18-da-La-Greca-1536x1176.jpg 1536w, https:\/\/fattidistoria.org\/wp-content\/uploads\/2023\/10\/Foto-18-da-La-Greca-2048x1568.jpg 2048w, https:\/\/fattidistoria.org\/wp-content\/uploads\/2023\/10\/Foto-18-da-La-Greca-1230x941.jpg 1230w\" sizes=\"auto, (max-width: 1024px) 100vw, 1024px\" \/><\/a><figcaption class=\"wp-element-caption\">Foto A. La Greca, Temi\u2026<\/figcaption><\/figure>\n<\/div>\n\n\n<p class=\"has-black-color has-text-color\" style=\"font-size:22px\">Sono ascrivibili a queste origini le chiese rupestri di <strong>S. Mauro Martire a Capizzo<\/strong>, di <strong>S. Lucia a Magliano Vetere<\/strong>, quella di <strong>S. Biagio a Camerota<\/strong>, di <strong>S. Elia a Controne<\/strong> e a <strong>Postiglione<\/strong>. La grotta di <strong>S. Elena a Laurino<\/strong> \u00e8, invece, pi\u00f9 direttamente collegabile all\u2019omonima santa eremita locale del V-VI secolo (<em>Heliena<\/em>).<\/p>\n\n\n\n<p class=\"has-black-color has-text-color\" style=\"font-size:22px\">Col passare dei secoli, quei siti sono stati trasformati, adattati ad esigenze e a culti contingenti, legati a memorie particolari, come apparizioni o presenze di santi, spesso miracoli o credenze comunitarie. Data la collocazione di montagna, esprimono la simbologia della salita verso l\u2019alto, verso il cielo, e quella di un cammino che \u00e8 un pellegrinaggio verso il luogo dove si manifesta il sacro. In alcuni di essi, come quelli di Magliano e Capizzo, la grotta \u00e8 stata chiusa con la costruzione di una facciata in muratura per proteggere o ampliare il sito e adattarlo alle esigenze di culto. In tutti si \u00e8 persa la memoria delle origini e, non di rado, anche delle successive trasformazioni, per cui appare difficile, se non impossibile, ricostruirne la storia su basi documentarie, distinguere tra storia e leggenda, entrambe riferite a un passato lontano, arcano e, quindi, sacro.<\/p>\n\n\n<div class=\"wp-block-image\">\n<figure class=\"alignleft size-large is-resized\"><a href=\"https:\/\/fattidistoria.org\/wp-content\/uploads\/2023\/10\/Foto-19-Cappelle-rupestre-di-S.-Mauro-a-Capizzo.-Facciata-principale-Foto-P.-Morra.jpg\"><img loading=\"lazy\" decoding=\"async\" width=\"683\" height=\"1024\" src=\"https:\/\/fattidistoria.org\/wp-content\/uploads\/2023\/10\/Foto-19-Cappelle-rupestre-di-S.-Mauro-a-Capizzo.-Facciata-principale-Foto-P.-Morra-683x1024.jpg\" alt=\"\" class=\"wp-image-2182\" style=\"aspect-ratio:0.6669921875;width:316px;height:auto\" srcset=\"https:\/\/fattidistoria.org\/wp-content\/uploads\/2023\/10\/Foto-19-Cappelle-rupestre-di-S.-Mauro-a-Capizzo.-Facciata-principale-Foto-P.-Morra-683x1024.jpg 683w, https:\/\/fattidistoria.org\/wp-content\/uploads\/2023\/10\/Foto-19-Cappelle-rupestre-di-S.-Mauro-a-Capizzo.-Facciata-principale-Foto-P.-Morra-200x300.jpg 200w, https:\/\/fattidistoria.org\/wp-content\/uploads\/2023\/10\/Foto-19-Cappelle-rupestre-di-S.-Mauro-a-Capizzo.-Facciata-principale-Foto-P.-Morra-768x1152.jpg 768w, https:\/\/fattidistoria.org\/wp-content\/uploads\/2023\/10\/Foto-19-Cappelle-rupestre-di-S.-Mauro-a-Capizzo.-Facciata-principale-Foto-P.-Morra-1024x1536.jpg 1024w, https:\/\/fattidistoria.org\/wp-content\/uploads\/2023\/10\/Foto-19-Cappelle-rupestre-di-S.-Mauro-a-Capizzo.-Facciata-principale-Foto-P.-Morra-1365x2048.jpg 1365w, https:\/\/fattidistoria.org\/wp-content\/uploads\/2023\/10\/Foto-19-Cappelle-rupestre-di-S.-Mauro-a-Capizzo.-Facciata-principale-Foto-P.-Morra-1230x1845.jpg 1230w, https:\/\/fattidistoria.org\/wp-content\/uploads\/2023\/10\/Foto-19-Cappelle-rupestre-di-S.-Mauro-a-Capizzo.-Facciata-principale-Foto-P.-Morra.jpg 1704w\" sizes=\"auto, (max-width: 683px) 100vw, 683px\" \/><\/a><figcaption class=\"wp-element-caption\">Cappella rupestre di S. Mauro, Capizzo. Facciata principale (foto G. Morra)<\/figcaption><\/figure>\n<\/div>\n\n<div class=\"wp-block-image\">\n<figure class=\"alignright size-large is-resized\"><a href=\"https:\/\/fattidistoria.org\/wp-content\/uploads\/2023\/10\/Foto-20-Capelle-rupestre-di-S.-Mauro-a-Capizzo.-Portale-dingresso-XVIII-secolo-Foto-P.-Morra.jpg\"><img loading=\"lazy\" decoding=\"async\" width=\"683\" height=\"1024\" src=\"https:\/\/fattidistoria.org\/wp-content\/uploads\/2023\/10\/Foto-20-Capelle-rupestre-di-S.-Mauro-a-Capizzo.-Portale-dingresso-XVIII-secolo-Foto-P.-Morra-683x1024.jpg\" alt=\"\" class=\"wp-image-2183\" style=\"aspect-ratio:0.6669921875;width:324px;height:auto\" srcset=\"https:\/\/fattidistoria.org\/wp-content\/uploads\/2023\/10\/Foto-20-Capelle-rupestre-di-S.-Mauro-a-Capizzo.-Portale-dingresso-XVIII-secolo-Foto-P.-Morra-683x1024.jpg 683w, https:\/\/fattidistoria.org\/wp-content\/uploads\/2023\/10\/Foto-20-Capelle-rupestre-di-S.-Mauro-a-Capizzo.-Portale-dingresso-XVIII-secolo-Foto-P.-Morra-200x300.jpg 200w, https:\/\/fattidistoria.org\/wp-content\/uploads\/2023\/10\/Foto-20-Capelle-rupestre-di-S.-Mauro-a-Capizzo.-Portale-dingresso-XVIII-secolo-Foto-P.-Morra-768x1152.jpg 768w, https:\/\/fattidistoria.org\/wp-content\/uploads\/2023\/10\/Foto-20-Capelle-rupestre-di-S.-Mauro-a-Capizzo.-Portale-dingresso-XVIII-secolo-Foto-P.-Morra-1024x1536.jpg 1024w, https:\/\/fattidistoria.org\/wp-content\/uploads\/2023\/10\/Foto-20-Capelle-rupestre-di-S.-Mauro-a-Capizzo.-Portale-dingresso-XVIII-secolo-Foto-P.-Morra-1365x2048.jpg 1365w, https:\/\/fattidistoria.org\/wp-content\/uploads\/2023\/10\/Foto-20-Capelle-rupestre-di-S.-Mauro-a-Capizzo.-Portale-dingresso-XVIII-secolo-Foto-P.-Morra-1230x1845.jpg 1230w, https:\/\/fattidistoria.org\/wp-content\/uploads\/2023\/10\/Foto-20-Capelle-rupestre-di-S.-Mauro-a-Capizzo.-Portale-dingresso-XVIII-secolo-Foto-P.-Morra.jpg 1704w\" sizes=\"auto, (max-width: 683px) 100vw, 683px\" \/><\/a><figcaption class=\"wp-element-caption\">Cappella rupestre di S. Mauro, Capizzo. Portale d\u2019ingresso (foto G. Morra)<\/figcaption><\/figure>\n<\/div>\n\n<div class=\"wp-block-image\">\n<figure class=\"alignleft size-large is-resized\"><a href=\"https:\/\/fattidistoria.org\/wp-content\/uploads\/2023\/10\/Foto-21-Capella-rupestre-S.-Mauro-a-Capizzo.-Scala-daccesso-alla-chiesa-Foto-P.-Morra.jpg\"><img loading=\"lazy\" decoding=\"async\" width=\"683\" height=\"1024\" src=\"https:\/\/fattidistoria.org\/wp-content\/uploads\/2023\/10\/Foto-21-Capella-rupestre-S.-Mauro-a-Capizzo.-Scala-daccesso-alla-chiesa-Foto-P.-Morra-683x1024.jpg\" alt=\"\" class=\"wp-image-2184\" style=\"aspect-ratio:0.6669921875;width:289px;height:auto\" srcset=\"https:\/\/fattidistoria.org\/wp-content\/uploads\/2023\/10\/Foto-21-Capella-rupestre-S.-Mauro-a-Capizzo.-Scala-daccesso-alla-chiesa-Foto-P.-Morra-683x1024.jpg 683w, https:\/\/fattidistoria.org\/wp-content\/uploads\/2023\/10\/Foto-21-Capella-rupestre-S.-Mauro-a-Capizzo.-Scala-daccesso-alla-chiesa-Foto-P.-Morra-200x300.jpg 200w, https:\/\/fattidistoria.org\/wp-content\/uploads\/2023\/10\/Foto-21-Capella-rupestre-S.-Mauro-a-Capizzo.-Scala-daccesso-alla-chiesa-Foto-P.-Morra-768x1152.jpg 768w, https:\/\/fattidistoria.org\/wp-content\/uploads\/2023\/10\/Foto-21-Capella-rupestre-S.-Mauro-a-Capizzo.-Scala-daccesso-alla-chiesa-Foto-P.-Morra-1024x1536.jpg 1024w, https:\/\/fattidistoria.org\/wp-content\/uploads\/2023\/10\/Foto-21-Capella-rupestre-S.-Mauro-a-Capizzo.-Scala-daccesso-alla-chiesa-Foto-P.-Morra-1365x2048.jpg 1365w, https:\/\/fattidistoria.org\/wp-content\/uploads\/2023\/10\/Foto-21-Capella-rupestre-S.-Mauro-a-Capizzo.-Scala-daccesso-alla-chiesa-Foto-P.-Morra-1230x1845.jpg 1230w, https:\/\/fattidistoria.org\/wp-content\/uploads\/2023\/10\/Foto-21-Capella-rupestre-S.-Mauro-a-Capizzo.-Scala-daccesso-alla-chiesa-Foto-P.-Morra.jpg 1704w\" sizes=\"auto, (max-width: 683px) 100vw, 683px\" \/><\/a><\/figure>\n<\/div>\n\n<div class=\"wp-block-image\">\n<figure class=\"alignright size-large is-resized\"><a href=\"https:\/\/fattidistoria.org\/wp-content\/uploads\/2023\/10\/Foto-22-Cappella-rupestre-di-S.-Mauro-a-Capizzo.-Interno-nel-giorno-della-festa-Foto-P.-Morra-scaled.jpg\"><img loading=\"lazy\" decoding=\"async\" width=\"1024\" height=\"768\" src=\"https:\/\/fattidistoria.org\/wp-content\/uploads\/2023\/10\/Foto-22-Cappella-rupestre-di-S.-Mauro-a-Capizzo.-Interno-nel-giorno-della-festa-Foto-P.-Morra-1024x768.jpg\" alt=\"\" class=\"wp-image-2185\" style=\"aspect-ratio:1.3333333333333333;width:360px;height:auto\" srcset=\"https:\/\/fattidistoria.org\/wp-content\/uploads\/2023\/10\/Foto-22-Cappella-rupestre-di-S.-Mauro-a-Capizzo.-Interno-nel-giorno-della-festa-Foto-P.-Morra-1024x768.jpg 1024w, https:\/\/fattidistoria.org\/wp-content\/uploads\/2023\/10\/Foto-22-Cappella-rupestre-di-S.-Mauro-a-Capizzo.-Interno-nel-giorno-della-festa-Foto-P.-Morra-300x225.jpg 300w, https:\/\/fattidistoria.org\/wp-content\/uploads\/2023\/10\/Foto-22-Cappella-rupestre-di-S.-Mauro-a-Capizzo.-Interno-nel-giorno-della-festa-Foto-P.-Morra-768x576.jpg 768w, https:\/\/fattidistoria.org\/wp-content\/uploads\/2023\/10\/Foto-22-Cappella-rupestre-di-S.-Mauro-a-Capizzo.-Interno-nel-giorno-della-festa-Foto-P.-Morra-1536x1152.jpg 1536w, https:\/\/fattidistoria.org\/wp-content\/uploads\/2023\/10\/Foto-22-Cappella-rupestre-di-S.-Mauro-a-Capizzo.-Interno-nel-giorno-della-festa-Foto-P.-Morra-2048x1536.jpg 2048w, https:\/\/fattidistoria.org\/wp-content\/uploads\/2023\/10\/Foto-22-Cappella-rupestre-di-S.-Mauro-a-Capizzo.-Interno-nel-giorno-della-festa-Foto-P.-Morra-1230x923.jpg 1230w, https:\/\/fattidistoria.org\/wp-content\/uploads\/2023\/10\/Foto-22-Cappella-rupestre-di-S.-Mauro-a-Capizzo.-Interno-nel-giorno-della-festa-Foto-P.-Morra-480x360.jpg 480w\" sizes=\"auto, (max-width: 1024px) 100vw, 1024px\" \/><\/a><figcaption class=\"wp-element-caption\">Cappella rupestre di S. Mauro, Capizzo. Interno nel giorno della festa (foto G. Morra)<\/figcaption><\/figure>\n<\/div>\n\n\n<p class=\"has-black-color has-text-color\" style=\"font-size:22px\">Di tali siti, presentiamo alcune foto della chiesa di S. Mauro Martire a Capizzo, aggrappata sull\u2019omonima rupe che sovrasta il piccolo paese, e di quella di S. Lucia Vergine e Martire a Magliano Vetere, anch\u2019essa collocata su una roccia poco sopra al paese. In entrambi i casi, gli abitanti vi si recano in processione, rispettivamente, l\u201911 luglio e la terza domenica di settembre di ogni anno, formando un corteo sacro che trasporta le tradizionali <em>c\u00e9nte<\/em> e, a Capizzo, anche la statua del santo venerato in paese. In quest\u2019ultimo caso, si nota il dato peculiare della difformit\u00e0 tra le due statue: quella della chiesa rupestre \u2013 considerata inamovibile \u2013 rappresenta <strong>S. Mauro \u201cfanciullo\u201d<\/strong>, mentre quella portata in corteo rappresenta il <strong>martire Mauro<\/strong>. Si tratta probabilmente di due santi diversi, entrambi martiri, che tradizione e storia locale hanno fuso in un unico culto celebrato nella ricorrenza di luglio (l\u2019altro santo \u00e8 ricordato nel Martirologio Romano il 3 dicembre). Un\u2019incongruenza non avvertita come tale e che, lungi dall\u2019essere una banale imprecisione, costituisce proprio il fascino arcaico e misterioso di questi culti e di questi luoghi.<\/p>\n\n\n\n<p class=\"has-black-color has-text-color\" style=\"font-size:22px\">La cappella di S. Mauro si presenta pi\u00f9 strutturata di altre, perch\u00e9 \u00e8 articolata su tre livelli a uno dei quali \u00e8 collocata la suggestiva chiesetta incastonata nella roccia. In essa si possono ammirare anche degli antichi affreschi non databili con certezza, ma probabilmente risalenti al XIV-XV secolo. La statua del santo, per la fissit\u00e0 dello sguardo che richiama modelli iconografici orientali, potrebbe essere pi\u00f9 antica. Ogni datazione, per\u00f2, rimane in uno stato di ipotesi, cos\u00ec come quella riguardante la costruzione dell\u2019edificio, sicuramente realizzato in tempi diversi, con ristrutturazioni e rifacimenti successivi.<\/p>\n\n\n<div class=\"wp-block-image\">\n<figure class=\"aligncenter size-large is-resized\"><a href=\"https:\/\/fattidistoria.org\/wp-content\/uploads\/2023\/10\/Foto-23-Capella-rupestre-di-S.-Mauro-a-Capizzo.-Statua-in-gesso-di-S.-Mauro-fanciullo-f.-La-Greca-scaled.jpg\"><img loading=\"lazy\" decoding=\"async\" width=\"584\" height=\"1024\" src=\"https:\/\/fattidistoria.org\/wp-content\/uploads\/2023\/10\/Foto-23-Capella-rupestre-di-S.-Mauro-a-Capizzo.-Statua-in-gesso-di-S.-Mauro-fanciullo-f.-La-Greca-584x1024.jpg\" alt=\"\" class=\"wp-image-2186\" style=\"aspect-ratio:0.5703125;width:232px;height:auto\" srcset=\"https:\/\/fattidistoria.org\/wp-content\/uploads\/2023\/10\/Foto-23-Capella-rupestre-di-S.-Mauro-a-Capizzo.-Statua-in-gesso-di-S.-Mauro-fanciullo-f.-La-Greca-584x1024.jpg 584w, https:\/\/fattidistoria.org\/wp-content\/uploads\/2023\/10\/Foto-23-Capella-rupestre-di-S.-Mauro-a-Capizzo.-Statua-in-gesso-di-S.-Mauro-fanciullo-f.-La-Greca-171x300.jpg 171w, https:\/\/fattidistoria.org\/wp-content\/uploads\/2023\/10\/Foto-23-Capella-rupestre-di-S.-Mauro-a-Capizzo.-Statua-in-gesso-di-S.-Mauro-fanciullo-f.-La-Greca-768x1346.jpg 768w, https:\/\/fattidistoria.org\/wp-content\/uploads\/2023\/10\/Foto-23-Capella-rupestre-di-S.-Mauro-a-Capizzo.-Statua-in-gesso-di-S.-Mauro-fanciullo-f.-La-Greca-877x1536.jpg 877w, https:\/\/fattidistoria.org\/wp-content\/uploads\/2023\/10\/Foto-23-Capella-rupestre-di-S.-Mauro-a-Capizzo.-Statua-in-gesso-di-S.-Mauro-fanciullo-f.-La-Greca-1169x2048.jpg 1169w, https:\/\/fattidistoria.org\/wp-content\/uploads\/2023\/10\/Foto-23-Capella-rupestre-di-S.-Mauro-a-Capizzo.-Statua-in-gesso-di-S.-Mauro-fanciullo-f.-La-Greca-1230x2155.jpg 1230w, https:\/\/fattidistoria.org\/wp-content\/uploads\/2023\/10\/Foto-23-Capella-rupestre-di-S.-Mauro-a-Capizzo.-Statua-in-gesso-di-S.-Mauro-fanciullo-f.-La-Greca-scaled.jpg 1461w\" sizes=\"auto, (max-width: 584px) 100vw, 584px\" \/><\/a><figcaption class=\"wp-element-caption\">Cappella rupestre di S. Mauro, Capizzo. Statua in gesso di S. Mauro \u201cfanciullo\u201d (foto A. La Greca, Temi\u2026)<\/figcaption><\/figure>\n<\/div>\n\n<div class=\"wp-block-image\">\n<figure class=\"aligncenter size-large is-resized\"><a href=\"https:\/\/fattidistoria.org\/wp-content\/uploads\/2023\/10\/Foto-24-da-La-Greca-scaled.jpg\"><img loading=\"lazy\" decoding=\"async\" width=\"1024\" height=\"933\" src=\"https:\/\/fattidistoria.org\/wp-content\/uploads\/2023\/10\/Foto-24-da-La-Greca-1024x933.jpg\" alt=\"\" class=\"wp-image-2187\" style=\"aspect-ratio:1.097534833869239;width:456px;height:auto\" srcset=\"https:\/\/fattidistoria.org\/wp-content\/uploads\/2023\/10\/Foto-24-da-La-Greca-1024x933.jpg 1024w, https:\/\/fattidistoria.org\/wp-content\/uploads\/2023\/10\/Foto-24-da-La-Greca-300x273.jpg 300w, https:\/\/fattidistoria.org\/wp-content\/uploads\/2023\/10\/Foto-24-da-La-Greca-768x699.jpg 768w, https:\/\/fattidistoria.org\/wp-content\/uploads\/2023\/10\/Foto-24-da-La-Greca-1536x1399.jpg 1536w, https:\/\/fattidistoria.org\/wp-content\/uploads\/2023\/10\/Foto-24-da-La-Greca-2048x1865.jpg 2048w, https:\/\/fattidistoria.org\/wp-content\/uploads\/2023\/10\/Foto-24-da-La-Greca-1230x1120.jpg 1230w\" sizes=\"auto, (max-width: 1024px) 100vw, 1024px\" \/><\/a><figcaption class=\"wp-element-caption\">Foto A. La Greca, Temi\u2026<\/figcaption><\/figure>\n<\/div>\n\n\n<p><\/p>\n\n\n\n<p><\/p>\n\n\n\n<p><\/p>\n\n\n\n<p><\/p>\n\n\n\n<p><\/p>\n\n\n<div class=\"wp-block-image\">\n<figure class=\"alignleft size-large is-resized\"><a href=\"https:\/\/fattidistoria.org\/wp-content\/uploads\/2023\/10\/Foto-25-da-La-Greca-scaled.jpg\"><img loading=\"lazy\" decoding=\"async\" width=\"1024\" height=\"791\" src=\"https:\/\/fattidistoria.org\/wp-content\/uploads\/2023\/10\/Foto-25-da-La-Greca-1024x791.jpg\" alt=\"\" class=\"wp-image-2188\" style=\"aspect-ratio:1.2945638432364097;width:455px;height:auto\" srcset=\"https:\/\/fattidistoria.org\/wp-content\/uploads\/2023\/10\/Foto-25-da-La-Greca-1024x791.jpg 1024w, https:\/\/fattidistoria.org\/wp-content\/uploads\/2023\/10\/Foto-25-da-La-Greca-300x232.jpg 300w, https:\/\/fattidistoria.org\/wp-content\/uploads\/2023\/10\/Foto-25-da-La-Greca-768x593.jpg 768w, https:\/\/fattidistoria.org\/wp-content\/uploads\/2023\/10\/Foto-25-da-La-Greca-1536x1186.jpg 1536w, https:\/\/fattidistoria.org\/wp-content\/uploads\/2023\/10\/Foto-25-da-La-Greca-2048x1582.jpg 2048w, https:\/\/fattidistoria.org\/wp-content\/uploads\/2023\/10\/Foto-25-da-La-Greca-1230x950.jpg 1230w\" sizes=\"auto, (max-width: 1024px) 100vw, 1024px\" \/><\/a><figcaption class=\"wp-element-caption\"> Foto A. La Greca, Temi\u2026<\/figcaption><\/figure>\n<\/div>\n\n<div class=\"wp-block-image\">\n<figure class=\"alignright size-large is-resized\"><a href=\"https:\/\/fattidistoria.org\/wp-content\/uploads\/2023\/10\/Foto-26-Cappella-rupestre-S.-Mauro-a-Capizzo.-Affreschi-interni-Foto-P.-Morra.jpg\"><img loading=\"lazy\" decoding=\"async\" width=\"683\" height=\"1024\" src=\"https:\/\/fattidistoria.org\/wp-content\/uploads\/2023\/10\/Foto-26-Cappella-rupestre-S.-Mauro-a-Capizzo.-Affreschi-interni-Foto-P.-Morra-683x1024.jpg\" alt=\"\" class=\"wp-image-2189\" style=\"aspect-ratio:0.6669921875;width:199px;height:auto\" srcset=\"https:\/\/fattidistoria.org\/wp-content\/uploads\/2023\/10\/Foto-26-Cappella-rupestre-S.-Mauro-a-Capizzo.-Affreschi-interni-Foto-P.-Morra-683x1024.jpg 683w, https:\/\/fattidistoria.org\/wp-content\/uploads\/2023\/10\/Foto-26-Cappella-rupestre-S.-Mauro-a-Capizzo.-Affreschi-interni-Foto-P.-Morra-200x300.jpg 200w, https:\/\/fattidistoria.org\/wp-content\/uploads\/2023\/10\/Foto-26-Cappella-rupestre-S.-Mauro-a-Capizzo.-Affreschi-interni-Foto-P.-Morra-768x1152.jpg 768w, https:\/\/fattidistoria.org\/wp-content\/uploads\/2023\/10\/Foto-26-Cappella-rupestre-S.-Mauro-a-Capizzo.-Affreschi-interni-Foto-P.-Morra-1024x1536.jpg 1024w, https:\/\/fattidistoria.org\/wp-content\/uploads\/2023\/10\/Foto-26-Cappella-rupestre-S.-Mauro-a-Capizzo.-Affreschi-interni-Foto-P.-Morra-1365x2048.jpg 1365w, https:\/\/fattidistoria.org\/wp-content\/uploads\/2023\/10\/Foto-26-Cappella-rupestre-S.-Mauro-a-Capizzo.-Affreschi-interni-Foto-P.-Morra-1230x1845.jpg 1230w, https:\/\/fattidistoria.org\/wp-content\/uploads\/2023\/10\/Foto-26-Cappella-rupestre-S.-Mauro-a-Capizzo.-Affreschi-interni-Foto-P.-Morra.jpg 1704w\" sizes=\"auto, (max-width: 683px) 100vw, 683px\" \/><\/a><figcaption class=\"wp-element-caption\">Cappella rupestre di S. Mauro, Capizzo. Affreschi interni (foto G. Morra)<\/figcaption><\/figure>\n<\/div>\n\n\n<p class=\"has-white-color has-text-color\">.<\/p>\n\n\n\n<p class=\"has-black-color has-text-color\" style=\"font-size:22px\">Il Cilento, dunque, \u00e8 attraversato da una rete \u2013 quella dei santuari rupestri \u2013 che ne copre il territorio e si presenta nella sua pregnanza storico-culturale, potenziale richiamo di un turismo non banale n\u00e9 frettoloso. Essa si configura come un vero e proprio percorso nella spiritualit\u00e0 e nell\u2019ascesi, un viaggio dal fascino arcaico nei luoghi dell\u2019anima, una proposta di immersione nell\u2019umilt\u00e0 e nella semplicit\u00e0, oltre che occasione per vivere la suggestione senza tempo di un paesaggio incantato, per capire la storia e sentire la natura in una simbiosi qui al suo culmine.<\/p>\n\n\n\n<p class=\"has-black-color has-text-color\" style=\"font-size:22px\">Camminare nel Cilento non \u00e8 mai solo <em>trekking<\/em>, ma \u00e8 sempre un andare verso l\u2019antico, il sacro, il magico. In sostanza, verso il s\u00e9 pi\u00f9 profondo.<\/p>\n\n\n<div class=\"wp-block-image\">\n<figure class=\"aligncenter size-full is-resized\"><a href=\"https:\/\/fattidistoria.org\/wp-content\/uploads\/2023\/10\/Foto-27.jpg\"><img loading=\"lazy\" decoding=\"async\" width=\"720\" height=\"960\" src=\"https:\/\/fattidistoria.org\/wp-content\/uploads\/2023\/10\/Foto-27.jpg\" alt=\"\" class=\"wp-image-2190\" style=\"aspect-ratio:0.75;width:276px;height:auto\" srcset=\"https:\/\/fattidistoria.org\/wp-content\/uploads\/2023\/10\/Foto-27.jpg 720w, https:\/\/fattidistoria.org\/wp-content\/uploads\/2023\/10\/Foto-27-225x300.jpg 225w\" sizes=\"auto, (max-width: 720px) 100vw, 720px\" \/><\/a><figcaption class=\"wp-element-caption\">La processione verso la cappella rupestre di S. Mauro a Capizzo. La salita (foto G. Morra)<\/figcaption><\/figure>\n<\/div>\n\n<div class=\"wp-block-image\">\n<figure class=\"aligncenter size-large is-resized\"><a href=\"https:\/\/fattidistoria.org\/wp-content\/uploads\/2023\/10\/Foto-28-scaled.jpg\"><img loading=\"lazy\" decoding=\"async\" width=\"1024\" height=\"768\" src=\"https:\/\/fattidistoria.org\/wp-content\/uploads\/2023\/10\/Foto-28-1024x768.jpg\" alt=\"\" class=\"wp-image-2191\" style=\"aspect-ratio:1.3333333333333333;width:360px;height:auto\" srcset=\"https:\/\/fattidistoria.org\/wp-content\/uploads\/2023\/10\/Foto-28-1024x768.jpg 1024w, https:\/\/fattidistoria.org\/wp-content\/uploads\/2023\/10\/Foto-28-300x225.jpg 300w, https:\/\/fattidistoria.org\/wp-content\/uploads\/2023\/10\/Foto-28-768x576.jpg 768w, https:\/\/fattidistoria.org\/wp-content\/uploads\/2023\/10\/Foto-28-1536x1152.jpg 1536w, https:\/\/fattidistoria.org\/wp-content\/uploads\/2023\/10\/Foto-28-2048x1536.jpg 2048w, https:\/\/fattidistoria.org\/wp-content\/uploads\/2023\/10\/Foto-28-1230x923.jpg 1230w, https:\/\/fattidistoria.org\/wp-content\/uploads\/2023\/10\/Foto-28-480x360.jpg 480w\" sizes=\"auto, (max-width: 1024px) 100vw, 1024px\" \/><\/a><figcaption class=\"wp-element-caption\">La processione verso la cappella rupestre di S. Mauro a Capizzo. La discesa (foto G. Morra)<\/figcaption><\/figure>\n<\/div><div style=\"min-height: 30px;display: inline-block;\"><input id=\"2194\" style=\"float: left;max-width: 50px;\" src=\"https:\/\/fattidistoria.org\/wp-content\/plugins\/wp-advanced-pdf\/asset\/images\/pdf.png\" alt=\"#TB_inline?height=230&amp;width=400&amp;inlineId=examplePopup1\" title=\"Export pdf to your Email\" class=\"thickbox export-pdf\" type=\"image\" value=\"Export to PDF\" \/><\/div>","protected":false},"excerpt":{"rendered":"<p>Croce e delizia del Cilento \u00e8 da sempre la sua tormentata orografia. \u00c8 una terra con poche pianure, molte colline, moltissime montagne. Nonostante gli oltre&#8230;<\/p>\n","protected":false},"author":3,"featured_media":2197,"comment_status":"open","ping_status":"open","sticky":false,"template":"","format":"standard","meta":{"footnotes":""},"categories":[1],"tags":[423,431,427,424,416,10,433,401,422,412,409,402,410,408,403,407,404,425,435,429,413,32,415,11,418,430,434,432,428,436,414,421,139,426,419,420,405,411,417,8],"class_list":["post-2194","post","type-post","status-publish","format-standard","has-post-thumbnail","hentry","category-generale","tag-borsari","tag-camerota","tag-capizzo","tag-cappelli","tag-caselle-in-pittari","tag-cilento","tag-controne","tag-cosimo-de-giorgi","tag-ebner","tag-eremo-di-s-michele","tag-grotta-del-noglio","tag-grotta-del-poggio","tag-grotta-dellausino","tag-grotta-dellolio","tag-grotta-della-cala","tag-grotta-di-castelcivita","tag-grotta-sepolcrale","tag-guillou","tag-laurino","tag-magliano-vetere","tag-montesano-sulla-marcellana","tag-morra-manlio","tag-padula","tag-parco-nazionale-del-cilento","tag-rutino","tag-s-biagio","tag-s-elena","tag-s-elia","tag-s-lucia","tag-s-mauro-fanciullo","tag-s-michele-alle-grottelle","tag-san-fantino","tag-san-filadelfo","tag-san-mauro-martire","tag-san-nilo-da-rossano","tag-san-saba","tag-sangelo-a-fasanella","tag-santuorio-di-s-michele-arcangelo","tag-valle-dellangelo","tag-vallo-della-lucania","wpcat-1-id"],"_links":{"self":[{"href":"https:\/\/fattidistoria.org\/index.php?rest_route=\/wp\/v2\/posts\/2194","targetHints":{"allow":["GET"]}}],"collection":[{"href":"https:\/\/fattidistoria.org\/index.php?rest_route=\/wp\/v2\/posts"}],"about":[{"href":"https:\/\/fattidistoria.org\/index.php?rest_route=\/wp\/v2\/types\/post"}],"author":[{"embeddable":true,"href":"https:\/\/fattidistoria.org\/index.php?rest_route=\/wp\/v2\/users\/3"}],"replies":[{"embeddable":true,"href":"https:\/\/fattidistoria.org\/index.php?rest_route=%2Fwp%2Fv2%2Fcomments&post=2194"}],"version-history":[{"count":0,"href":"https:\/\/fattidistoria.org\/index.php?rest_route=\/wp\/v2\/posts\/2194\/revisions"}],"wp:featuredmedia":[{"embeddable":true,"href":"https:\/\/fattidistoria.org\/index.php?rest_route=\/wp\/v2\/media\/2197"}],"wp:attachment":[{"href":"https:\/\/fattidistoria.org\/index.php?rest_route=%2Fwp%2Fv2%2Fmedia&parent=2194"}],"wp:term":[{"taxonomy":"category","embeddable":true,"href":"https:\/\/fattidistoria.org\/index.php?rest_route=%2Fwp%2Fv2%2Fcategories&post=2194"},{"taxonomy":"post_tag","embeddable":true,"href":"https:\/\/fattidistoria.org\/index.php?rest_route=%2Fwp%2Fv2%2Ftags&post=2194"}],"curies":[{"name":"wp","href":"https:\/\/api.w.org\/{rel}","templated":true}]}}