{"id":2997,"date":"2025-05-17T14:38:33","date_gmt":"2025-05-17T14:38:33","guid":{"rendered":"https:\/\/fattidistoria.org\/?p=2997"},"modified":"2025-05-20T13:49:31","modified_gmt":"2025-05-20T13:49:31","slug":"artisti-vallesi-dogni-tempo-seconda-parte","status":"publish","type":"post","link":"https:\/\/fattidistoria.org\/?p=2997","title":{"rendered":"Artisti vallesi d\u2019ogni tempo (seconda parte)"},"content":{"rendered":"\n<p class=\"has-black-color has-text-color has-link-color wp-elements-6554f4b16484d4633d46acaa0a7e273d\" style=\"font-size:21px\">Tutta italiana \u00e8, invece, la vicenda artistica e umana di <strong>Paolo Emilio Passaro<\/strong>, un altro pittore di origini vallesi. Nato nel 1878 nella nostra cittadina, frequenta e consegue il diploma all\u2019Accademia di Belle Arti di Napoli (la stessa dove qualche anno prima avevano studiato Generoso Frate e Donato Di Lorenzo). Diventa discepolo di <strong>Domenico Morelli<\/strong> che in quegli anni la dirigeva, legandosi alla sua lezione artistica e poetica. In seguito, di quello che considerer\u00e0 il suo maestro eseguir\u00e0 anche un ritratto (nel 1921; anche Di Lorenzo aveva ritratto Morelli per il \u201cCircolo napoletano\u201d di Montevideo, ma subito dopo la sua morte nel 1901).<\/p>\n\n\n<div class=\"wp-block-image\">\n<figure class=\"alignleft size-large is-resized\"><a href=\"https:\/\/fattidistoria.org\/wp-content\/uploads\/2025\/05\/Foto-1-scaled.jpg\"><img loading=\"lazy\" decoding=\"async\" width=\"770\" height=\"1024\" src=\"https:\/\/fattidistoria.org\/wp-content\/uploads\/2025\/05\/Foto-1-770x1024.jpg\" alt=\"\" class=\"wp-image-2961\" style=\"width:307px;height:auto\" srcset=\"https:\/\/fattidistoria.org\/wp-content\/uploads\/2025\/05\/Foto-1-770x1024.jpg 770w, https:\/\/fattidistoria.org\/wp-content\/uploads\/2025\/05\/Foto-1-226x300.jpg 226w, https:\/\/fattidistoria.org\/wp-content\/uploads\/2025\/05\/Foto-1-768x1021.jpg 768w, https:\/\/fattidistoria.org\/wp-content\/uploads\/2025\/05\/Foto-1-1155x1536.jpg 1155w, https:\/\/fattidistoria.org\/wp-content\/uploads\/2025\/05\/Foto-1-1540x2048.jpg 1540w, https:\/\/fattidistoria.org\/wp-content\/uploads\/2025\/05\/Foto-1-1230x1636.jpg 1230w, https:\/\/fattidistoria.org\/wp-content\/uploads\/2025\/05\/Foto-1-scaled.jpg 1925w\" sizes=\"auto, (max-width: 770px) 100vw, 770px\" \/><\/a><figcaption class=\"wp-element-caption\"> P. E. Passaro, Autoritratto con il figlio, olio su tela, 1929, collezione di famiglia (da F. Amorelli, Paolo Emilio Passaro nella cultura pittorica napoletana di fine Ottocento, 2006, S.P.E.A. editore, Vallo della Lucania, p. 29)<\/figcaption><\/figure>\n<\/div>\n\n<div class=\"wp-block-image\">\n<figure class=\"alignright size-large is-resized\"><a href=\"https:\/\/fattidistoria.org\/wp-content\/uploads\/2025\/05\/Foto-2-scaled.jpg\"><img loading=\"lazy\" decoding=\"async\" width=\"808\" height=\"1024\" src=\"https:\/\/fattidistoria.org\/wp-content\/uploads\/2025\/05\/Foto-2-808x1024.jpg\" alt=\"\" class=\"wp-image-2962\" style=\"width:334px;height:auto\" srcset=\"https:\/\/fattidistoria.org\/wp-content\/uploads\/2025\/05\/Foto-2-808x1024.jpg 808w, https:\/\/fattidistoria.org\/wp-content\/uploads\/2025\/05\/Foto-2-237x300.jpg 237w, https:\/\/fattidistoria.org\/wp-content\/uploads\/2025\/05\/Foto-2-768x974.jpg 768w, https:\/\/fattidistoria.org\/wp-content\/uploads\/2025\/05\/Foto-2-1211x1536.jpg 1211w, https:\/\/fattidistoria.org\/wp-content\/uploads\/2025\/05\/Foto-2-1615x2048.jpg 1615w, https:\/\/fattidistoria.org\/wp-content\/uploads\/2025\/05\/Foto-2-1230x1560.jpg 1230w, https:\/\/fattidistoria.org\/wp-content\/uploads\/2025\/05\/Foto-2-scaled.jpg 2019w\" sizes=\"auto, (max-width: 808px) 100vw, 808px\" \/><\/a><figcaption class=\"wp-element-caption\"> P. E. Passaro, Il Maestro, olio su tela, 1921, collezione Provincia di Napoli (ritratto di Domenico Morelli, da F. Amorelli, cit., p. 24)<\/figcaption><\/figure>\n<\/div>\n\n\n<p class=\"has-black-color has-text-color has-link-color wp-elements-39eb34613e76503b1ab808d342e5fe7f\" style=\"font-size:21px\">Di lui sappiamo qualcosa di pi\u00f9 del solo nome grazie all\u2019architetto <strong>Francesco Amorelli<\/strong> che nei primi anni Duemila gli dedic\u00f2 un volumetto (<em>Paolo Emilio Passaro nella cultura pittorica napoletana di fine Ottocento<\/em>) ricco di molte sue opere e di un primo tentativo di ricostruzione del suo percorso artistico. Da questa fonte ricaviamo le foto dei suoi quadri e le notizie della sua arte.<\/p>\n\n\n\n<p class=\"has-black-color has-text-color has-link-color wp-elements-6423f9d3e900aaf5ee9a522213a3f94e\" style=\"font-size:21px\">Il dato pi\u00f9 significativo che vi si pu\u00f2 leggere \u00e8, forse, che Passaro \u2013 pur nell\u2019evoluzione del tratto e del suo sguardo \u2013 rimase coerente nel suo stile realistico, pi\u00f9 legato al romanticismo di Morelli che ai movimenti e alle avanguardie nate e sviluppatesi a cavallo dei due secoli. Insomma, non fu impressionista, n\u00e9 futurista, n\u00e9 un esponente del gruppo dei macchiaioli, per citare alcuni dei movimenti artistici di quegli anni, pur non rimanendo immobile nella sua interpretazione della realt\u00e0, nella resa della luce e delle forme.<\/p>\n\n\n<div class=\"wp-block-image\">\n<figure class=\"alignleft size-large is-resized\"><a href=\"https:\/\/fattidistoria.org\/wp-content\/uploads\/2025\/05\/Foto-3-scaled.jpg\"><img loading=\"lazy\" decoding=\"async\" width=\"1024\" height=\"862\" src=\"https:\/\/fattidistoria.org\/wp-content\/uploads\/2025\/05\/Foto-3-1024x862.jpg\" alt=\"\" class=\"wp-image-2963\" style=\"width:399px;height:auto\" srcset=\"https:\/\/fattidistoria.org\/wp-content\/uploads\/2025\/05\/Foto-3-1024x862.jpg 1024w, https:\/\/fattidistoria.org\/wp-content\/uploads\/2025\/05\/Foto-3-300x253.jpg 300w, https:\/\/fattidistoria.org\/wp-content\/uploads\/2025\/05\/Foto-3-768x646.jpg 768w, https:\/\/fattidistoria.org\/wp-content\/uploads\/2025\/05\/Foto-3-1536x1293.jpg 1536w, https:\/\/fattidistoria.org\/wp-content\/uploads\/2025\/05\/Foto-3-2048x1724.jpg 2048w, https:\/\/fattidistoria.org\/wp-content\/uploads\/2025\/05\/Foto-3-1230x1035.jpg 1230w\" sizes=\"auto, (max-width: 1024px) 100vw, 1024px\" \/><\/a><figcaption class=\"wp-element-caption\"> P. E. Passaro, Autoritratto con il nipote, olio su tela, 1929, collezione di famiglia (da F. Amorelli, cit., p. 29)<\/figcaption><\/figure>\n<\/div>\n\n<div class=\"wp-block-image\">\n<figure class=\"alignright size-large is-resized\"><a href=\"https:\/\/fattidistoria.org\/wp-content\/uploads\/2025\/05\/Foto-4-scaled.jpg\"><img loading=\"lazy\" decoding=\"async\" width=\"748\" height=\"1024\" src=\"https:\/\/fattidistoria.org\/wp-content\/uploads\/2025\/05\/Foto-4-748x1024.jpg\" alt=\"\" class=\"wp-image-2964\" style=\"width:248px;height:auto\" srcset=\"https:\/\/fattidistoria.org\/wp-content\/uploads\/2025\/05\/Foto-4-748x1024.jpg 748w, https:\/\/fattidistoria.org\/wp-content\/uploads\/2025\/05\/Foto-4-219x300.jpg 219w, https:\/\/fattidistoria.org\/wp-content\/uploads\/2025\/05\/Foto-4-768x1052.jpg 768w, https:\/\/fattidistoria.org\/wp-content\/uploads\/2025\/05\/Foto-4-1121x1536.jpg 1121w, https:\/\/fattidistoria.org\/wp-content\/uploads\/2025\/05\/Foto-4-1495x2048.jpg 1495w, https:\/\/fattidistoria.org\/wp-content\/uploads\/2025\/05\/Foto-4-1230x1685.jpg 1230w, https:\/\/fattidistoria.org\/wp-content\/uploads\/2025\/05\/Foto-4-scaled.jpg 1869w\" sizes=\"auto, (max-width: 748px) 100vw, 748px\" \/><\/a><figcaption class=\"wp-element-caption\">P. E. Passaro, Mons. Luigi Paolino, Arcidiacono della cattedrale di Vallo della Lucania, olio su tela, 1936, collezione dott. A. De Luca (da F. Amorelli, cit., p. 47)<\/figcaption><\/figure>\n<\/div>\n\n\n<p class=\"has-black-color has-text-color has-link-color wp-elements-5cf6d9a48fc958ee6f1940ec436154e8\" style=\"font-size:21px\">\u201c<em>Non si inorgogl\u00ec mai<\/em> \u2013 si scrive nel volumetto citato \u2013 <em>delle lodi che gli venivano tributate, come quelle della grande mostra collettiva del 1927 tenutasi a Salerno assieme a Monteforte, Avallone e Chiaromonte, o delle varie Biennali Napoletane a cui partecip\u00f2, n\u00e9 delle benemerenze acquisite nel campo della sua attivit\u00e0 artistica, fra le quali la scuola di pittura molto frequentata e la nomina a docente di \u2018figura disegnata\u2019 del 1930 nel Liceo Artistico presso l\u2019Accademia di Belle Arti di Napoli, e negli anni successivi riconfermata. Viceversa, nutriva grande rispetto per l\u2019arte dei suoi coetanei verso i quali mai fu sfiorato da invidie e gelosie che molto spesso sono radicate nella mediocrit\u00e0 e nell\u2019incultura della gente. Aveva soprattutto grande venerazione per il suo Maestro, la sua stella polare, che lo aveva aiutato a gettare le sue basi pittoriche in quell\u2019humus romantico da cui trarr\u00e0 alimento nel corso della sua carriera artistica<\/em>\u201d.<\/p>\n\n\n\n<p class=\"has-black-color has-text-color has-link-color wp-elements-0cb011560929e2c2bd7b7724fb7eaef7\" style=\"font-size:21px\">Da una rapida rassegna di parte della sua opera, si evince che fu un ritrattista, ma che amava anche le nature morte, non disdegnando i soggetti storici e quelli sacri. Eccellente negli interni, indulgeva nel rappresentare la famiglia, i momenti di vita quotidiana e le atmosfere intime. Sapeva inoltre rendere il mondo interiore dei personaggi ritratti, asservendo i pennelli a uno sguardo di tipo psicologico.<\/p>\n\n\n<div class=\"wp-block-image\">\n<figure class=\"alignleft size-large is-resized\"><a href=\"https:\/\/fattidistoria.org\/wp-content\/uploads\/2025\/05\/Foto-5-scaled.jpg\"><img loading=\"lazy\" decoding=\"async\" width=\"1024\" height=\"854\" src=\"https:\/\/fattidistoria.org\/wp-content\/uploads\/2025\/05\/Foto-5-1024x854.jpg\" alt=\"\" class=\"wp-image-2965\" style=\"width:349px;height:auto\" srcset=\"https:\/\/fattidistoria.org\/wp-content\/uploads\/2025\/05\/Foto-5-1024x854.jpg 1024w, https:\/\/fattidistoria.org\/wp-content\/uploads\/2025\/05\/Foto-5-300x250.jpg 300w, https:\/\/fattidistoria.org\/wp-content\/uploads\/2025\/05\/Foto-5-768x641.jpg 768w, https:\/\/fattidistoria.org\/wp-content\/uploads\/2025\/05\/Foto-5-1536x1282.jpg 1536w, https:\/\/fattidistoria.org\/wp-content\/uploads\/2025\/05\/Foto-5-2048x1709.jpg 2048w, https:\/\/fattidistoria.org\/wp-content\/uploads\/2025\/05\/Foto-5-1230x1026.jpg 1230w\" sizes=\"auto, (max-width: 1024px) 100vw, 1024px\" \/><\/a><figcaption class=\"wp-element-caption\">P. E. Passaro, Natura morta con melone, olio su tela, 1929, collezione Circolo artistico e politecnico \u2013 Napoli (da F. Amorelli, cit., p. 43)<\/figcaption><\/figure>\n<\/div>\n\n<div class=\"wp-block-image\">\n<figure class=\"alignright size-large is-resized\"><a href=\"https:\/\/fattidistoria.org\/wp-content\/uploads\/2025\/05\/Foto-6-scaled.jpg\"><img loading=\"lazy\" decoding=\"async\" width=\"823\" height=\"1024\" src=\"https:\/\/fattidistoria.org\/wp-content\/uploads\/2025\/05\/Foto-6-823x1024.jpg\" alt=\"\" class=\"wp-image-2966\" style=\"width:297px;height:auto\" srcset=\"https:\/\/fattidistoria.org\/wp-content\/uploads\/2025\/05\/Foto-6-823x1024.jpg 823w, https:\/\/fattidistoria.org\/wp-content\/uploads\/2025\/05\/Foto-6-241x300.jpg 241w, https:\/\/fattidistoria.org\/wp-content\/uploads\/2025\/05\/Foto-6-768x956.jpg 768w, https:\/\/fattidistoria.org\/wp-content\/uploads\/2025\/05\/Foto-6-1234x1536.jpg 1234w, https:\/\/fattidistoria.org\/wp-content\/uploads\/2025\/05\/Foto-6-1645x2048.jpg 1645w, https:\/\/fattidistoria.org\/wp-content\/uploads\/2025\/05\/Foto-6-1230x1531.jpg 1230w\" sizes=\"auto, (max-width: 823px) 100vw, 823px\" \/><\/a><figcaption class=\"wp-element-caption\">P. E. Passaro, Il corredino, olio su tela, collezione privata (da F. Amorelli, cit., p. 31)<\/figcaption><\/figure>\n<\/div>\n\n\n<p class=\"has-black-color has-text-color has-link-color wp-elements-f5c4e70f8f7628d2d1e43ce2d0617054\" style=\"font-size:21px\">La gran parte delle sue opere si trova presso la pinacoteca del <strong>Circolo Artistico e Politecnico di Napoli<\/strong> di cui fu a lungo socio e presso privati o istituzioni pubbliche, quali i comuni di Napoli, Salerno e Vallo. Nella citt\u00e0 dove aveva studiato trascorse gran parte della sua vita e qui mor\u00ec nel 1956.<\/p>\n\n\n\n<p class=\"has-black-color has-text-color has-link-color wp-elements-4d75a4b403b0e76cf1752991af7ee3ab\" style=\"font-size:21px\">\u201c<em>Pur non avendo mai assunto atteggiamenti da maestro, P. E. Passaro merita tuttavia una collocazione di riguardo tra le vecchie glorie artistiche di fine Ottocento<\/em>\u201d, cos\u00ec chiude l\u2019arch. Amorelli, aggiungendo che il pittore vallese, con la coerenza delle sue radici romantiche tutte evidenti nelle sue opere maggiori, \u201c<em>ha saputo trasmettere in cinquant\u2019anni di attivit\u00e0 artistica emozioni di vera poesia<\/em>\u201d.<\/p>\n\n\n\n<p class=\"has-black-color has-text-color has-link-color wp-elements-033b1457ca50eecc7546378b7d971a85\" style=\"font-size:21px\">Parole certamente condivisibili, anche solo dando uno sguardo alle foto qui pubblicate.<\/p>\n\n\n<div class=\"wp-block-image\">\n<figure class=\"aligncenter size-large is-resized\"><a href=\"https:\/\/fattidistoria.org\/wp-content\/uploads\/2025\/05\/Foto-7-scaled.jpg\"><img loading=\"lazy\" decoding=\"async\" width=\"1024\" height=\"790\" src=\"https:\/\/fattidistoria.org\/wp-content\/uploads\/2025\/05\/Foto-7-1024x790.jpg\" alt=\"\" class=\"wp-image-2967\" style=\"width:440px;height:auto\" srcset=\"https:\/\/fattidistoria.org\/wp-content\/uploads\/2025\/05\/Foto-7-1024x790.jpg 1024w, https:\/\/fattidistoria.org\/wp-content\/uploads\/2025\/05\/Foto-7-300x231.jpg 300w, https:\/\/fattidistoria.org\/wp-content\/uploads\/2025\/05\/Foto-7-768x592.jpg 768w, https:\/\/fattidistoria.org\/wp-content\/uploads\/2025\/05\/Foto-7-1536x1184.jpg 1536w, https:\/\/fattidistoria.org\/wp-content\/uploads\/2025\/05\/Foto-7-2048x1579.jpg 2048w, https:\/\/fattidistoria.org\/wp-content\/uploads\/2025\/05\/Foto-7-1230x948.jpg 1230w\" sizes=\"auto, (max-width: 1024px) 100vw, 1024px\" \/><\/a><figcaption class=\"wp-element-caption\">P. E. Passaro, Il convito dei vescovi, olio su tela, 1933, collezione Circolo artistico e politecnico \u2013 Napoli (da F. Amorelli, cit., p. 34)<\/figcaption><\/figure>\n<\/div>\n\n<div class=\"wp-block-image\">\n<figure class=\"aligncenter size-large is-resized\"><a href=\"https:\/\/fattidistoria.org\/wp-content\/uploads\/2025\/05\/Foto-8-scaled.jpg\"><img loading=\"lazy\" decoding=\"async\" width=\"1024\" height=\"772\" src=\"https:\/\/fattidistoria.org\/wp-content\/uploads\/2025\/05\/Foto-8-1024x772.jpg\" alt=\"\" class=\"wp-image-2968\" style=\"width:448px;height:auto\" srcset=\"https:\/\/fattidistoria.org\/wp-content\/uploads\/2025\/05\/Foto-8-1024x772.jpg 1024w, https:\/\/fattidistoria.org\/wp-content\/uploads\/2025\/05\/Foto-8-300x226.jpg 300w, https:\/\/fattidistoria.org\/wp-content\/uploads\/2025\/05\/Foto-8-768x579.jpg 768w, https:\/\/fattidistoria.org\/wp-content\/uploads\/2025\/05\/Foto-8-1536x1158.jpg 1536w, https:\/\/fattidistoria.org\/wp-content\/uploads\/2025\/05\/Foto-8-2048x1545.jpg 2048w, https:\/\/fattidistoria.org\/wp-content\/uploads\/2025\/05\/Foto-8-1230x928.jpg 1230w\" sizes=\"auto, (max-width: 1024px) 100vw, 1024px\" \/><\/a><figcaption class=\"wp-element-caption\">P. E. Passaro, Chiesa di S. Maria a Caponapoli, olio su tela, 1926, collezione Comune di Vallo della Lucania<\/figcaption><\/figure>\n<\/div>\n\n\n<p class=\"has-black-color has-text-color has-link-color wp-elements-3d6a976511065d8a6f35becbe31e4a1a\" style=\"font-size:21px\">Tutt\u2019altra storia quella umana e artistica di un altro pittore vallese: <strong>Giovanni Fatigati<\/strong>, per tutti <strong>Giannino<\/strong>. La sua vita si snoda nell\u2019arco dell\u2019intero Novecento. Nasce, infatti, nel 1919 poco distante dall\u2019edificio della cattedrale di s. Pantaleone (nei pressi del quale era nato quarant\u2019anni prima anche Passaro) e muore nel 1997 nella sua stessa cittadina, che forse non lo ha mai veramente amato, ammirando (poco) l\u2019artista ma temendo (molto, troppo) l\u2019uomo per le sue particolarit\u00e0 caratteriali e visionarie. Eppure sono proprio queste a farne un artista, forse il maggiore del \u2018900 a Vallo.<\/p>\n\n\n\n<p class=\"has-black-color has-text-color has-link-color wp-elements-496508ca7115fa93a144f62a06ed598a\" style=\"font-size:21px\">Anche in questo caso, sappiamo di pi\u00f9 sul personaggio delle impressioni e dei ricordi di chi lo ha conosciuto grazie a una pubblicazione, quella curata nel 2008 da <strong>Augusto e Dante Lenza <\/strong>e promossa dal comune (<em>Giannino Fatigati, artista<\/em>). Volume che tenta \u2013 riuscendoci \u2013 di dar voce all\u2019artista senza sovrapporvi interpretazioni di sorta e di lasciare anche il dovuto \u2013 e rispettoso \u2013 spazio all\u2019uomo, alle sue sofferenze, al suo tormentato percorso esistenziale. Da esso traiamo spunto per soffermarci sull\u2019autore.<\/p>\n\n\n<div class=\"wp-block-image\">\n<figure class=\"alignleft size-large is-resized\"><a href=\"https:\/\/fattidistoria.org\/wp-content\/uploads\/2025\/05\/Foto-9-Autoritratto-scaled.jpg\"><img loading=\"lazy\" decoding=\"async\" width=\"868\" height=\"1024\" src=\"https:\/\/fattidistoria.org\/wp-content\/uploads\/2025\/05\/Foto-9-Autoritratto-868x1024.jpg\" alt=\"\" class=\"wp-image-2969\" style=\"width:327px;height:auto\" srcset=\"https:\/\/fattidistoria.org\/wp-content\/uploads\/2025\/05\/Foto-9-Autoritratto-868x1024.jpg 868w, https:\/\/fattidistoria.org\/wp-content\/uploads\/2025\/05\/Foto-9-Autoritratto-254x300.jpg 254w, https:\/\/fattidistoria.org\/wp-content\/uploads\/2025\/05\/Foto-9-Autoritratto-768x906.jpg 768w, https:\/\/fattidistoria.org\/wp-content\/uploads\/2025\/05\/Foto-9-Autoritratto-1302x1536.jpg 1302w, https:\/\/fattidistoria.org\/wp-content\/uploads\/2025\/05\/Foto-9-Autoritratto-1735x2048.jpg 1735w, https:\/\/fattidistoria.org\/wp-content\/uploads\/2025\/05\/Foto-9-Autoritratto-1230x1452.jpg 1230w\" sizes=\"auto, (max-width: 868px) 100vw, 868px\" \/><\/a><figcaption class=\"wp-element-caption\">G. Fatigati, Autoritratto, 1949, collezione Comune di Vallo della Lucania<\/figcaption><\/figure>\n<\/div>\n\n<div class=\"wp-block-image\">\n<figure class=\"alignright size-large is-resized\"><a href=\"https:\/\/fattidistoria.org\/wp-content\/uploads\/2025\/05\/Foto-10-scaled.jpg\"><img loading=\"lazy\" decoding=\"async\" width=\"666\" height=\"1024\" src=\"https:\/\/fattidistoria.org\/wp-content\/uploads\/2025\/05\/Foto-10-666x1024.jpg\" alt=\"\" class=\"wp-image-2970\" style=\"width:248px;height:auto\" srcset=\"https:\/\/fattidistoria.org\/wp-content\/uploads\/2025\/05\/Foto-10-666x1024.jpg 666w, https:\/\/fattidistoria.org\/wp-content\/uploads\/2025\/05\/Foto-10-195x300.jpg 195w, https:\/\/fattidistoria.org\/wp-content\/uploads\/2025\/05\/Foto-10-768x1181.jpg 768w, https:\/\/fattidistoria.org\/wp-content\/uploads\/2025\/05\/Foto-10-999x1536.jpg 999w, https:\/\/fattidistoria.org\/wp-content\/uploads\/2025\/05\/Foto-10-1332x2048.jpg 1332w, https:\/\/fattidistoria.org\/wp-content\/uploads\/2025\/05\/Foto-10-1230x1891.jpg 1230w, https:\/\/fattidistoria.org\/wp-content\/uploads\/2025\/05\/Foto-10-scaled.jpg 1665w\" sizes=\"auto, (max-width: 666px) 100vw, 666px\" \/><\/a><figcaption class=\"wp-element-caption\">G. Fatigati, Trasfigurazione, 1951, collezione Comune di Vallo della Lucania<\/figcaption><\/figure>\n<\/div>\n\n<div class=\"wp-block-image\">\n<figure class=\"aligncenter size-large is-resized\"><a href=\"https:\/\/fattidistoria.org\/wp-content\/uploads\/2025\/05\/Foto-12-scaled.jpg\"><img loading=\"lazy\" decoding=\"async\" width=\"881\" height=\"1024\" src=\"https:\/\/fattidistoria.org\/wp-content\/uploads\/2025\/05\/Foto-12-881x1024.jpg\" alt=\"\" class=\"wp-image-2972\" style=\"width:352px;height:auto\" srcset=\"https:\/\/fattidistoria.org\/wp-content\/uploads\/2025\/05\/Foto-12-881x1024.jpg 881w, https:\/\/fattidistoria.org\/wp-content\/uploads\/2025\/05\/Foto-12-258x300.jpg 258w, https:\/\/fattidistoria.org\/wp-content\/uploads\/2025\/05\/Foto-12-768x893.jpg 768w, https:\/\/fattidistoria.org\/wp-content\/uploads\/2025\/05\/Foto-12-1321x1536.jpg 1321w, https:\/\/fattidistoria.org\/wp-content\/uploads\/2025\/05\/Foto-12-1762x2048.jpg 1762w, https:\/\/fattidistoria.org\/wp-content\/uploads\/2025\/05\/Foto-12-1230x1430.jpg 1230w\" sizes=\"auto, (max-width: 881px) 100vw, 881px\" \/><\/a><figcaption class=\"wp-element-caption\">G. Fatigati, Pesche, olio su tela, 1967 (da D. e A. Lenza, cit.)<\/figcaption><\/figure>\n<\/div>\n\n<div class=\"wp-block-image\">\n<figure class=\"aligncenter size-large is-resized\"><a href=\"https:\/\/fattidistoria.org\/wp-content\/uploads\/2025\/05\/Foto-11-scaled.jpg\"><img loading=\"lazy\" decoding=\"async\" width=\"1024\" height=\"881\" src=\"https:\/\/fattidistoria.org\/wp-content\/uploads\/2025\/05\/Foto-11-1024x881.jpg\" alt=\"\" class=\"wp-image-2971\" style=\"width:560px;height:auto\" srcset=\"https:\/\/fattidistoria.org\/wp-content\/uploads\/2025\/05\/Foto-11-1024x881.jpg 1024w, https:\/\/fattidistoria.org\/wp-content\/uploads\/2025\/05\/Foto-11-300x258.jpg 300w, https:\/\/fattidistoria.org\/wp-content\/uploads\/2025\/05\/Foto-11-768x661.jpg 768w, https:\/\/fattidistoria.org\/wp-content\/uploads\/2025\/05\/Foto-11-1536x1321.jpg 1536w, https:\/\/fattidistoria.org\/wp-content\/uploads\/2025\/05\/Foto-11-2048x1762.jpg 2048w, https:\/\/fattidistoria.org\/wp-content\/uploads\/2025\/05\/Foto-11-1230x1058.jpg 1230w\" sizes=\"auto, (max-width: 1024px) 100vw, 1024px\" \/><\/a><figcaption class=\"wp-element-caption\">G. Fatigati, Natura morta, olio su tela, anni Sessanta (da D. e A. Lenza, Giannino Fatigati, artista, Comune di Vallo della Lucania e Regione Campania, 2008)<\/figcaption><\/figure>\n<\/div>\n\n\n<p class=\"has-black-color has-text-color has-link-color wp-elements-561cfc29676e0b09b2ba57e8ffa0d438\" style=\"font-size:21px\">Nei suoi quasi ottant\u2019anni di vita, c\u2019\u00e8 molto, un po\u2019 di tutto, tante vicende che appaiono forse poco coerenti e ancor meno conosciute e decifrabili (e difficili da datare con precisione). C\u2019\u00e8 una breve esperienza giovanile di \u201caspirante frate\u201d, infelice e fallimentare, durante la quale conosce anche <strong>Padre Pio<\/strong> rimanendone impressionato (le stimmate, che riprodurr\u00e0 pi\u00f9 e pi\u00f9 volte) e avendo con lui un \u201crapporto controverso\u201d, poco chiaro e difficile da chiarire da cui si svilupperanno non poche delle sue ossessioni.<\/p>\n\n\n\n<p class=\"has-black-color has-text-color has-link-color wp-elements-a62dbc98b597be5521a9adaa50c62119\" style=\"font-size:21px\">C\u2019\u00e8 il mestiere di sarto, che forse impara andando a bottega ma non svolge mai se non per un breve periodo in Inghilterra, dove si era trasferito dopo aver vinto un concorso di cucito (ma la sartoria sar\u00e0 sempre per lui una forma d\u2019arte, usata per realizzare suoi abiti e soluzioni estetiche utilizzando la macchina da cucire che era uno dei pochi mobili della sua angusta abitazione). Al riguardo, scrive <strong>Nunzio Di Giacomo<\/strong>, nel citato libro, che i suoi vestiti, cuciti personalmente, erano \u201c<em>raffinati ed originali, anticipavano mode e tendenze. Pantaloni stretti \u2018a sigaretta\u2019. Panciotti colorati con impunture e rifiniture a mano. Giacche ad un petto, a tre bottoni, con baveri a punta di lancia, martingala applicata con vezzosi bottoncini, doppio taschino\u2026 a nascondere il capo \u2018rivoltato\u2019<\/em>\u201d.<\/p>\n\n\n\n<p class=\"has-black-color has-text-color has-link-color wp-elements-4b3fdebff7d60b2457be62e79dcd1420\" style=\"font-size:21px\">C\u2019\u00e8 la drammatica esperienza degli ospedali psichiatrici dove \u00e8 rinchiuso in anni \u2013 i Sessanta e i Settanta \u2013 in cui la \u201clegge Basaglia\u201d non li ha ancora trasformati e\/o chiusi e questi sono delle vere e proprie prigioni dove il malato, considerato irrecuperabile, viene praticamente sottoposto a torture, deprivato di diritti e vere cure.<\/p>\n\n\n<div class=\"wp-block-image\">\n<figure class=\"aligncenter size-large is-resized\"><a href=\"https:\/\/fattidistoria.org\/wp-content\/uploads\/2025\/05\/Foto-13-Uccelli-scaled.jpg\"><img loading=\"lazy\" decoding=\"async\" width=\"829\" height=\"1024\" src=\"https:\/\/fattidistoria.org\/wp-content\/uploads\/2025\/05\/Foto-13-Uccelli-829x1024.jpg\" alt=\"\" class=\"wp-image-2973\" style=\"width:438px;height:auto\" srcset=\"https:\/\/fattidistoria.org\/wp-content\/uploads\/2025\/05\/Foto-13-Uccelli-829x1024.jpg 829w, https:\/\/fattidistoria.org\/wp-content\/uploads\/2025\/05\/Foto-13-Uccelli-243x300.jpg 243w, https:\/\/fattidistoria.org\/wp-content\/uploads\/2025\/05\/Foto-13-Uccelli-768x949.jpg 768w, https:\/\/fattidistoria.org\/wp-content\/uploads\/2025\/05\/Foto-13-Uccelli-1243x1536.jpg 1243w, https:\/\/fattidistoria.org\/wp-content\/uploads\/2025\/05\/Foto-13-Uccelli-1658x2048.jpg 1658w, https:\/\/fattidistoria.org\/wp-content\/uploads\/2025\/05\/Foto-13-Uccelli-1230x1520.jpg 1230w\" sizes=\"auto, (max-width: 829px) 100vw, 829px\" \/><\/a><figcaption class=\"wp-element-caption\">G. Fatigati, Uccelli [due quadri a olio su tela, anni Ottanta\/Novanta] (da D. e A. Lenza, cit.)<\/figcaption><\/figure>\n<\/div>\n\n<div class=\"wp-block-image\">\n<figure class=\"alignleft size-large is-resized\"><a href=\"https:\/\/fattidistoria.org\/wp-content\/uploads\/2025\/05\/Foto-14-Lultima-caccia-scaled.jpg\"><img loading=\"lazy\" decoding=\"async\" width=\"847\" height=\"1024\" src=\"https:\/\/fattidistoria.org\/wp-content\/uploads\/2025\/05\/Foto-14-Lultima-caccia-847x1024.jpg\" alt=\"\" class=\"wp-image-2974\" style=\"width:282px;height:auto\" srcset=\"https:\/\/fattidistoria.org\/wp-content\/uploads\/2025\/05\/Foto-14-Lultima-caccia-847x1024.jpg 847w, https:\/\/fattidistoria.org\/wp-content\/uploads\/2025\/05\/Foto-14-Lultima-caccia-248x300.jpg 248w, https:\/\/fattidistoria.org\/wp-content\/uploads\/2025\/05\/Foto-14-Lultima-caccia-768x929.jpg 768w, https:\/\/fattidistoria.org\/wp-content\/uploads\/2025\/05\/Foto-14-Lultima-caccia-1270x1536.jpg 1270w, https:\/\/fattidistoria.org\/wp-content\/uploads\/2025\/05\/Foto-14-Lultima-caccia-1693x2048.jpg 1693w, https:\/\/fattidistoria.org\/wp-content\/uploads\/2025\/05\/Foto-14-Lultima-caccia-1230x1488.jpg 1230w\" sizes=\"auto, (max-width: 847px) 100vw, 847px\" \/><\/a><figcaption class=\"wp-element-caption\">G. Fatigati, L\u2019ultima caccia, olio su tela, 1952 (da D. e A. Lenza, cit.)<\/figcaption><\/figure>\n<\/div>\n\n<div class=\"wp-block-image\">\n<figure class=\"alignright size-large is-resized\"><a href=\"https:\/\/fattidistoria.org\/wp-content\/uploads\/2025\/05\/Foto-15-Natura-morta-anzi-uccisa-scaled.jpg\"><img loading=\"lazy\" decoding=\"async\" width=\"1024\" height=\"819\" src=\"https:\/\/fattidistoria.org\/wp-content\/uploads\/2025\/05\/Foto-15-Natura-morta-anzi-uccisa-1024x819.jpg\" alt=\"\" class=\"wp-image-2975\" style=\"width:368px;height:auto\" srcset=\"https:\/\/fattidistoria.org\/wp-content\/uploads\/2025\/05\/Foto-15-Natura-morta-anzi-uccisa-1024x819.jpg 1024w, https:\/\/fattidistoria.org\/wp-content\/uploads\/2025\/05\/Foto-15-Natura-morta-anzi-uccisa-300x240.jpg 300w, https:\/\/fattidistoria.org\/wp-content\/uploads\/2025\/05\/Foto-15-Natura-morta-anzi-uccisa-768x614.jpg 768w, https:\/\/fattidistoria.org\/wp-content\/uploads\/2025\/05\/Foto-15-Natura-morta-anzi-uccisa-1536x1228.jpg 1536w, https:\/\/fattidistoria.org\/wp-content\/uploads\/2025\/05\/Foto-15-Natura-morta-anzi-uccisa-2048x1638.jpg 2048w, https:\/\/fattidistoria.org\/wp-content\/uploads\/2025\/05\/Foto-15-Natura-morta-anzi-uccisa-1230x984.jpg 1230w\" sizes=\"auto, (max-width: 1024px) 100vw, 1024px\" \/><\/a><figcaption class=\"wp-element-caption\">G. Fatigati, [Natura morta anzi uccisa] (da D. e A. Lenza, cit.)<\/figcaption><\/figure>\n<\/div>\n\n\n<p class=\"has-black-color has-text-color has-link-color wp-elements-c323a8ce31a802c03271b700ebf8976c\" style=\"font-size:21px\">Manca invece l\u2019esperienza che forse gli sarebbe stata pi\u00f9 utile: quella di una formazione artistica di base acquisita frequentando scuole e istituti d\u2019arte e seguendo pittori pi\u00f9 maturi. <strong>Fatigati \u00e8, in sostanza, un autodidatta<\/strong>; la sua estrazione sociale non gli consente lo studio anche se conosce quello che forse pu\u00f2 essere definito un suo maestro. Scrive <strong>Antonio La Gloria<\/strong>, nel volume citato, che la sua vocazione pot\u00e9 esprimersi \u201c<em>anche per la frequentazione della bottega di un pittore gi\u00e0 affermato nel territorio, <\/em><em><strong>Giuseppe Mautone<\/strong><\/em><em>, che sar\u00e0 costretto ad espatriare negli anni \u201950 e si affermer\u00e0 nel Sudamerica<\/em>\u201d. Ma anche quello di questo pittore \u00e8 un nome poco conosciuto \u2013 anzi, del tutto dimenticato \u2013 che sembra aver seguito gli esempi dei suoi predecessori di quasi un secolo prima: Generoso Frate e Donato Di Lorenzo, emigrati negli anni \u201970 dell\u2019Ottocento, rispettivamente in Brasile e Uruguay. Ci piacerebbe saperne di pi\u00f9 (unica traccia, un suo quadro esposto nel Municipio di Vallo, forse donato prima di partire o inviato dalle Americhe).<\/p>\n\n\n\n<p class=\"has-black-color has-text-color has-link-color wp-elements-05f9b3a160b52efb15a4349de6fc1441\" style=\"font-size:21px\">Dunque, il Fatigati pittore sostanzialmente si forma da s\u00e9, mettendo insieme le sue disordinate esperienze, forse cercandovi un ordine, un senso che non trova mai davvero. Ma \u00e8 un autodidatta ispirato, di genio, con una sensibilit\u00e0 superiore o comunque diversa dal normale, che gli consente di riprodurre e trasfigurare sulla tela luce, colori, forme, espressioni. La pittura di Giannino esprime il suo mondo interiore, anzi gli innumerevoli mondi che gli vivono dentro, che stentano a convivere e che devono necessariamente esplodere nella sua arte.<\/p>\n\n\n<div class=\"wp-block-image\">\n<figure class=\"aligncenter size-large is-resized\"><a href=\"https:\/\/fattidistoria.org\/wp-content\/uploads\/2025\/05\/Foto-16-Bacile-su-sedia-scaled.jpg\"><img loading=\"lazy\" decoding=\"async\" width=\"783\" height=\"1024\" src=\"https:\/\/fattidistoria.org\/wp-content\/uploads\/2025\/05\/Foto-16-Bacile-su-sedia-783x1024.jpg\" alt=\"\" class=\"wp-image-2976\" style=\"width:399px;height:auto\" srcset=\"https:\/\/fattidistoria.org\/wp-content\/uploads\/2025\/05\/Foto-16-Bacile-su-sedia-783x1024.jpg 783w, https:\/\/fattidistoria.org\/wp-content\/uploads\/2025\/05\/Foto-16-Bacile-su-sedia-229x300.jpg 229w, https:\/\/fattidistoria.org\/wp-content\/uploads\/2025\/05\/Foto-16-Bacile-su-sedia-768x1005.jpg 768w, https:\/\/fattidistoria.org\/wp-content\/uploads\/2025\/05\/Foto-16-Bacile-su-sedia-1174x1536.jpg 1174w, https:\/\/fattidistoria.org\/wp-content\/uploads\/2025\/05\/Foto-16-Bacile-su-sedia-1566x2048.jpg 1566w, https:\/\/fattidistoria.org\/wp-content\/uploads\/2025\/05\/Foto-16-Bacile-su-sedia-1230x1609.jpg 1230w, https:\/\/fattidistoria.org\/wp-content\/uploads\/2025\/05\/Foto-16-Bacile-su-sedia-scaled.jpg 1957w\" sizes=\"auto, (max-width: 783px) 100vw, 783px\" \/><\/a><figcaption class=\"wp-element-caption\">G. Fatigati, Bacile su sedia, olio su compensato (da D. e A. Lenza, cit.)<\/figcaption><\/figure>\n<\/div>\n\n<div class=\"wp-block-image\">\n<figure class=\"aligncenter size-large is-resized\"><a href=\"https:\/\/fattidistoria.org\/wp-content\/uploads\/2025\/05\/Foto-17-scaled.jpg\"><img loading=\"lazy\" decoding=\"async\" width=\"1024\" height=\"908\" src=\"https:\/\/fattidistoria.org\/wp-content\/uploads\/2025\/05\/Foto-17-1024x908.jpg\" alt=\"\" class=\"wp-image-2977\" style=\"width:563px;height:auto\" srcset=\"https:\/\/fattidistoria.org\/wp-content\/uploads\/2025\/05\/Foto-17-1024x908.jpg 1024w, https:\/\/fattidistoria.org\/wp-content\/uploads\/2025\/05\/Foto-17-300x266.jpg 300w, https:\/\/fattidistoria.org\/wp-content\/uploads\/2025\/05\/Foto-17-768x681.jpg 768w, https:\/\/fattidistoria.org\/wp-content\/uploads\/2025\/05\/Foto-17-1536x1361.jpg 1536w, https:\/\/fattidistoria.org\/wp-content\/uploads\/2025\/05\/Foto-17-2048x1815.jpg 2048w, https:\/\/fattidistoria.org\/wp-content\/uploads\/2025\/05\/Foto-17-1230x1090.jpg 1230w\" sizes=\"auto, (max-width: 1024px) 100vw, 1024px\" \/><\/a><figcaption class=\"wp-element-caption\">(da D. e A. Lenza, cit., p. 98)<\/figcaption><\/figure>\n<\/div>\n\n<div class=\"wp-block-image\">\n<figure class=\"aligncenter size-large is-resized\"><a href=\"https:\/\/fattidistoria.org\/wp-content\/uploads\/2025\/05\/Foto-18-scaled.jpg\"><img loading=\"lazy\" decoding=\"async\" width=\"1024\" height=\"919\" src=\"https:\/\/fattidistoria.org\/wp-content\/uploads\/2025\/05\/Foto-18-1024x919.jpg\" alt=\"\" class=\"wp-image-2978\" style=\"width:569px;height:auto\" srcset=\"https:\/\/fattidistoria.org\/wp-content\/uploads\/2025\/05\/Foto-18-1024x919.jpg 1024w, https:\/\/fattidistoria.org\/wp-content\/uploads\/2025\/05\/Foto-18-300x269.jpg 300w, https:\/\/fattidistoria.org\/wp-content\/uploads\/2025\/05\/Foto-18-768x690.jpg 768w, https:\/\/fattidistoria.org\/wp-content\/uploads\/2025\/05\/Foto-18-1536x1379.jpg 1536w, https:\/\/fattidistoria.org\/wp-content\/uploads\/2025\/05\/Foto-18-2048x1839.jpg 2048w, https:\/\/fattidistoria.org\/wp-content\/uploads\/2025\/05\/Foto-18-1230x1104.jpg 1230w\" sizes=\"auto, (max-width: 1024px) 100vw, 1024px\" \/><\/a><figcaption class=\"wp-element-caption\">(da D. e A. Lenza, cit., p. 99)<\/figcaption><\/figure>\n<\/div>\n\n\n<p class=\"has-black-color has-text-color has-link-color wp-elements-144766645beecaef9386531ff6cb8f0f\" style=\"font-size:21px\">Scrivono gli autori: \u201c<em>La pittura di Fatigati \u00e8 la rappresentazione dei suoi mondi. Non \u00e8, quindi, soltanto una semplice illustrazione di un oggetto, di un volto o di un paesaggio. Al Maestro bastano pochi tocchi per fissare l\u2019immagine e catturare quella luce che impregna e irradia. I colori li crea, li cerca in natura e li plasma su tele ruvide, su cartone, su fogli di legno compensato. C\u2019\u00e8 la fisicit\u00e0 della creazione nei suoi dipinti dove il pennello \u00e8 solo il tramite necessario dello spargimento del \u2018S\u00e9\u2019 trasfigurato sulla tela. Luce e immagine diventano un tutt\u2019uno<\/em>\u201d.<\/p>\n\n\n\n<p class=\"has-black-color has-text-color has-link-color wp-elements-9f1c2a1fde0439b5600c57898e584ea1\" style=\"font-size:21px\">Un mondo interiore alimentato dalla sua profonda e intima religiosit\u00e0, che facilmente diventa visione, rapimento, vago e confuso misticismo animato da presenze che sembrano possederlo, rendendo pi\u00f9 fragili i suoi equilibri mentali e dissolvendo quasi la distinzione tra realt\u00e0 e irrealt\u00e0. Riversa tutto ci\u00f2 sulla tela, e su altre superfici a volte occasionali, pi\u00f9 spesso scelte. E allora, <strong>ecco le nature morte, i vulcani in eruzione, la violenza della natura, quell\u2019insistenza nel ritrarre gli uccelli morti, perch\u00e9 uccisi dalla violenza umana<\/strong>. Ma c\u2019\u00e8 anche un Fatigati \u2013 come dire \u2013 bucolico, che rappresenta paesaggi sereni, la campagna cilentana, gli scorci vallesi, gli angoli del suo rione. Su tutto, a prevalere \u00e8 sempre il colore che \u2013 col tempo \u2013 sfuma nella luce dove si perdono forme e contorni.<\/p>\n\n\n<div class=\"wp-block-image\">\n<figure class=\"alignleft size-large is-resized\"><a href=\"https:\/\/fattidistoria.org\/wp-content\/uploads\/2025\/05\/Foto-19-Chiesa-di-S.-Antonio-in-via-Croce-scaled.jpg\"><img loading=\"lazy\" decoding=\"async\" width=\"790\" height=\"1024\" src=\"https:\/\/fattidistoria.org\/wp-content\/uploads\/2025\/05\/Foto-19-Chiesa-di-S.-Antonio-in-via-Croce-790x1024.jpg\" alt=\"\" class=\"wp-image-2979\" style=\"width:333px;height:auto\" srcset=\"https:\/\/fattidistoria.org\/wp-content\/uploads\/2025\/05\/Foto-19-Chiesa-di-S.-Antonio-in-via-Croce-790x1024.jpg 790w, https:\/\/fattidistoria.org\/wp-content\/uploads\/2025\/05\/Foto-19-Chiesa-di-S.-Antonio-in-via-Croce-232x300.jpg 232w, https:\/\/fattidistoria.org\/wp-content\/uploads\/2025\/05\/Foto-19-Chiesa-di-S.-Antonio-in-via-Croce-768x995.jpg 768w, https:\/\/fattidistoria.org\/wp-content\/uploads\/2025\/05\/Foto-19-Chiesa-di-S.-Antonio-in-via-Croce-1185x1536.jpg 1185w, https:\/\/fattidistoria.org\/wp-content\/uploads\/2025\/05\/Foto-19-Chiesa-di-S.-Antonio-in-via-Croce-1580x2048.jpg 1580w, https:\/\/fattidistoria.org\/wp-content\/uploads\/2025\/05\/Foto-19-Chiesa-di-S.-Antonio-in-via-Croce-1230x1594.jpg 1230w, https:\/\/fattidistoria.org\/wp-content\/uploads\/2025\/05\/Foto-19-Chiesa-di-S.-Antonio-in-via-Croce-scaled.jpg 1975w\" sizes=\"auto, (max-width: 790px) 100vw, 790px\" \/><\/a><figcaption class=\"wp-element-caption\">G. Fatigati, [Chiesa di S. Antonio in via Croce di Vallo della Lucania], olio su tavola (da D. e A. Lenza, cit.)<\/figcaption><\/figure>\n<\/div>\n\n<div class=\"wp-block-image\">\n<figure class=\"alignright size-large is-resized\"><a href=\"https:\/\/fattidistoria.org\/wp-content\/uploads\/2025\/05\/Foto-20-S.-Maria-delle-Grazie-scaled.jpg\"><img loading=\"lazy\" decoding=\"async\" width=\"786\" height=\"1024\" src=\"https:\/\/fattidistoria.org\/wp-content\/uploads\/2025\/05\/Foto-20-S.-Maria-delle-Grazie-786x1024.jpg\" alt=\"\" class=\"wp-image-2980\" style=\"width:320px;height:auto\" srcset=\"https:\/\/fattidistoria.org\/wp-content\/uploads\/2025\/05\/Foto-20-S.-Maria-delle-Grazie-786x1024.jpg 786w, https:\/\/fattidistoria.org\/wp-content\/uploads\/2025\/05\/Foto-20-S.-Maria-delle-Grazie-230x300.jpg 230w, https:\/\/fattidistoria.org\/wp-content\/uploads\/2025\/05\/Foto-20-S.-Maria-delle-Grazie-768x1001.jpg 768w, https:\/\/fattidistoria.org\/wp-content\/uploads\/2025\/05\/Foto-20-S.-Maria-delle-Grazie-1179x1536.jpg 1179w, https:\/\/fattidistoria.org\/wp-content\/uploads\/2025\/05\/Foto-20-S.-Maria-delle-Grazie-1571x2048.jpg 1571w, https:\/\/fattidistoria.org\/wp-content\/uploads\/2025\/05\/Foto-20-S.-Maria-delle-Grazie-1230x1603.jpg 1230w, https:\/\/fattidistoria.org\/wp-content\/uploads\/2025\/05\/Foto-20-S.-Maria-delle-Grazie-scaled.jpg 1964w\" sizes=\"auto, (max-width: 786px) 100vw, 786px\" \/><\/a><figcaption class=\"wp-element-caption\">G. Fatigati, Chiesa di S. Maria delle Grazie a Vallo della Lucania, olio su tavoletta (da D. e A. Lenza, cit.)<\/figcaption><\/figure>\n<\/div>\n\n\n<p class=\"has-black-color has-text-color has-link-color wp-elements-e3faa6ed10628b18990c6ba8838dc2ee\" style=\"font-size:21px\">Ancora gli autori scrivono: \u201c<em>Le lacerazioni che ebbe a partire dagli anni cinquanta e che lo accompagnarono per tutta la vita trovano un contraltare nell\u2019uso tenue e armonioso del colore come se il vitale bisogno di una pace fisica e spirituale potesse materializzarsi solo in quel modo e in quella forma. \u00c8 questa pace che Fatigati vorrebbe trovare nella agognata tranquilla contemplazione della natura. Ma c\u2019erano i demoni della solitudine, dell\u2019incomprensione, del disagio<\/em>\u201d.<\/p>\n\n\n\n<p class=\"has-black-color has-text-color has-link-color wp-elements-2e85f5b7fbcb9dabb9299df5edd5056e\" style=\"font-size:21px\">Ancora sul colore, <strong>Giuseppe Palladino<\/strong> scrive che \u201c<em>per il maestro vallese non aveva segreti. [\u2026] Giannino Fatigati aveva innato l\u2019entusiasmo dei colori e dei conseguenti contrasti e consonanze e li trattava con la stessa padronanza e lo stesso ardore creativo con cui un compositore accarezza le note<\/em>\u201d.<\/p>\n\n\n\n<p class=\"has-black-color has-text-color has-link-color wp-elements-74beb03a85b9a4606b8b7ff713eed69b\" style=\"font-size:21px\">A proposito dell\u2019incomprensione e della solitudine, <strong>Vincenzo Bruno<\/strong> dice: \u201c<em>Giovanni ha subito torti ed umiliazioni che non auguro a nessuno. Quando parlava spinto da un misticismo esagerato, c\u2019era sempre chi si divertiva a deriderlo, ma nessuno capiva che Fatigati era preso dal fuoco dell\u2019arte e della fede. Credeva nei valori trascendenti e in quelli terrestri ma spesso optava per una realt\u00e0 dotata di astrattezza. [\u2026] ha provato momenti di acuta solitudine, che mentre lo spingevano a creare, lo spingevano pure ad assumere atteggiamenti strani ma nessuno, tranne i pochi veri amici, lo confortavano<\/em>\u201d. Da qui il suo ritrovarsi nell\u2019arte che lo rende libero, lo eleva al di sopra della materia.<\/p>\n\n\n<div class=\"wp-block-image\">\n<figure class=\"aligncenter size-large is-resized\"><a href=\"https:\/\/fattidistoria.org\/wp-content\/uploads\/2025\/05\/Foto-21-Paesaggi-locali-scaled.jpg\"><img loading=\"lazy\" decoding=\"async\" width=\"1024\" height=\"877\" src=\"https:\/\/fattidistoria.org\/wp-content\/uploads\/2025\/05\/Foto-21-Paesaggi-locali-1024x877.jpg\" alt=\"\" class=\"wp-image-2981\" style=\"width:536px;height:auto\" srcset=\"https:\/\/fattidistoria.org\/wp-content\/uploads\/2025\/05\/Foto-21-Paesaggi-locali-1024x877.jpg 1024w, https:\/\/fattidistoria.org\/wp-content\/uploads\/2025\/05\/Foto-21-Paesaggi-locali-300x257.jpg 300w, https:\/\/fattidistoria.org\/wp-content\/uploads\/2025\/05\/Foto-21-Paesaggi-locali-768x658.jpg 768w, https:\/\/fattidistoria.org\/wp-content\/uploads\/2025\/05\/Foto-21-Paesaggi-locali-1536x1316.jpg 1536w, https:\/\/fattidistoria.org\/wp-content\/uploads\/2025\/05\/Foto-21-Paesaggi-locali-2048x1755.jpg 2048w, https:\/\/fattidistoria.org\/wp-content\/uploads\/2025\/05\/Foto-21-Paesaggi-locali-1230x1054.jpg 1230w\" sizes=\"auto, (max-width: 1024px) 100vw, 1024px\" \/><\/a><figcaption class=\"wp-element-caption\">(da D. e A. Lenza, cit., p. 120)<\/figcaption><\/figure>\n<\/div>\n\n<div class=\"wp-block-image\">\n<figure class=\"aligncenter size-large is-resized\"><a href=\"https:\/\/fattidistoria.org\/wp-content\/uploads\/2025\/05\/Foto-22-Monte-Gelbison-scaled.jpg\"><img loading=\"lazy\" decoding=\"async\" width=\"867\" height=\"1024\" src=\"https:\/\/fattidistoria.org\/wp-content\/uploads\/2025\/05\/Foto-22-Monte-Gelbison-867x1024.jpg\" alt=\"\" class=\"wp-image-2982\" style=\"width:447px;height:auto\" srcset=\"https:\/\/fattidistoria.org\/wp-content\/uploads\/2025\/05\/Foto-22-Monte-Gelbison-867x1024.jpg 867w, https:\/\/fattidistoria.org\/wp-content\/uploads\/2025\/05\/Foto-22-Monte-Gelbison-254x300.jpg 254w, https:\/\/fattidistoria.org\/wp-content\/uploads\/2025\/05\/Foto-22-Monte-Gelbison-768x907.jpg 768w, https:\/\/fattidistoria.org\/wp-content\/uploads\/2025\/05\/Foto-22-Monte-Gelbison-1300x1536.jpg 1300w, https:\/\/fattidistoria.org\/wp-content\/uploads\/2025\/05\/Foto-22-Monte-Gelbison-1733x2048.jpg 1733w, https:\/\/fattidistoria.org\/wp-content\/uploads\/2025\/05\/Foto-22-Monte-Gelbison-1230x1453.jpg 1230w\" sizes=\"auto, (max-width: 867px) 100vw, 867px\" \/><\/a><figcaption class=\"wp-element-caption\">G. Fatigati, Monte Gelbison, olio su tavola, anni Cinquanta (da D. e A. Lenza, cit.)<\/figcaption><\/figure>\n<\/div>\n\n\n<p class=\"has-black-color has-text-color has-link-color wp-elements-38bc157351ddc6ce5a5326836a6f4093\" style=\"font-size:21px\">Nonostante questo e, anzi, in mezzo a tutto questo, Giannino, per oltre mezzo secolo, dipinge, disegna, scrive, spesso a commento dei suoi quadri, pubblica su giornali, espone in mostre, ammirato ma mai raggiunto da quel successo cui forse aspirava e che, di certo, meritava.<\/p>\n\n\n\n<p class=\"has-black-color has-text-color has-link-color wp-elements-340f965f797d995c0dedaa726818ef69\" style=\"font-size:21px\">Fu \u2013 scrive Di Giacomo \u2013 \u201c<em>un artista tormentato, ma vero. Che merita di essere ricordato e di essere apprezzato, anche per le sue umane vicende, dalle generazioni che non l\u2019hanno conosciuto<\/em>\u201d.<\/p>\n\n\n\n<p class=\"has-black-color has-text-color has-link-color wp-elements-1cecc9a96a3a0e5c0b7692ac36382472\" style=\"font-size:21px\">Sottoscrivo in pieno. <strong>Si potrebbe cominciare col dedicargli una via<\/strong> (non credo sia gi\u00e0 stato fatto), magari un vicolo \u2013 non so \u2013 uno slargo. Non \u00e8 mai troppo tardi per praticare l\u2019arte (e la virt\u00f9) della memoria.<\/p>\n\n\n<div class=\"wp-block-image\">\n<figure class=\"aligncenter size-large is-resized\"><a href=\"https:\/\/fattidistoria.org\/wp-content\/uploads\/2025\/05\/Foto-23-P.zza-V.-Emanuele-scaled.jpg\"><img loading=\"lazy\" decoding=\"async\" width=\"1024\" height=\"808\" src=\"https:\/\/fattidistoria.org\/wp-content\/uploads\/2025\/05\/Foto-23-P.zza-V.-Emanuele-1024x808.jpg\" alt=\"\" class=\"wp-image-2983\" style=\"width:644px;height:auto\" srcset=\"https:\/\/fattidistoria.org\/wp-content\/uploads\/2025\/05\/Foto-23-P.zza-V.-Emanuele-1024x808.jpg 1024w, https:\/\/fattidistoria.org\/wp-content\/uploads\/2025\/05\/Foto-23-P.zza-V.-Emanuele-300x237.jpg 300w, https:\/\/fattidistoria.org\/wp-content\/uploads\/2025\/05\/Foto-23-P.zza-V.-Emanuele-768x606.jpg 768w, https:\/\/fattidistoria.org\/wp-content\/uploads\/2025\/05\/Foto-23-P.zza-V.-Emanuele-1536x1212.jpg 1536w, https:\/\/fattidistoria.org\/wp-content\/uploads\/2025\/05\/Foto-23-P.zza-V.-Emanuele-2048x1617.jpg 2048w, https:\/\/fattidistoria.org\/wp-content\/uploads\/2025\/05\/Foto-23-P.zza-V.-Emanuele-1230x971.jpg 1230w\" sizes=\"auto, (max-width: 1024px) 100vw, 1024px\" \/><\/a><figcaption class=\"wp-element-caption\">G. Fatigati, Piazza Vittorio Emanuele II di Vallo della Lucania, olio su tela, anni Novanta (da A. e D. Lenza, cit.)<\/figcaption><\/figure>\n<\/div>\n\n\n<p class=\"has-black-color has-text-color has-link-color wp-elements-fa33cb4a88b0daeed9c5ce50c6e74b08\" style=\"font-size:21px\">A rigore, <strong>Vito Formisano<\/strong> \u2013 l\u2019ultimo degli artisti di questa incompleta panoramica \u2013 non \u00e8 un pittore vallese, essendo nato nel 1911 a Torre del Greco. Ma possiamo considerarlo nostro concittadino, avendo lavorato prevalentemente a Vallo e nel territorio cilentano e, soprattutto, avendo messo radici in citt\u00e0 fin da quando spos\u00f2 nella seconda met\u00e0 degli anni Cinquanta una donna locale conosciuta proprio durante le frequentazioni nate nel corso dei suoi lavori. Messa su famiglia, rimane a Vallo per tutto il resto della sua lunga vita, morendovi nel 2003.<\/p>\n\n\n\n<p class=\"has-black-color has-text-color has-link-color wp-elements-395fe9f6ab40e15e60a18d8b9f24cc87\" style=\"font-size:21px\">Formisano \u00e8 figlio d\u2019arte. Il <strong>padre Francescopaolo<\/strong> era anch\u2019egli pittore, attivo con suoi affreschi in numerose chiese del Napoletano, e pu\u00f2 considerarsi il suo primo maestro, quello che lo ha indirizzato a seguirne le orme, scoprendo in lui la vocazione artistica. La frequenza dell\u2019Istituto d\u2019arte della sua citt\u00e0 ne evidenzia tale precoce vocazione. Infatti, vince, dopo il diploma, una borsa di studio che gli consente di completare e perfezionare la sua formazione a Roma.<\/p>\n\n\n<div class=\"wp-block-image\">\n<figure class=\"aligncenter size-large is-resized\"><a href=\"https:\/\/fattidistoria.org\/wp-content\/uploads\/2025\/05\/Foto-24-scaled.jpg\"><img loading=\"lazy\" decoding=\"async\" width=\"1024\" height=\"646\" src=\"https:\/\/fattidistoria.org\/wp-content\/uploads\/2025\/05\/Foto-24-1024x646.jpg\" alt=\"\" class=\"wp-image-2984\" style=\"width:569px;height:auto\" srcset=\"https:\/\/fattidistoria.org\/wp-content\/uploads\/2025\/05\/Foto-24-1024x646.jpg 1024w, https:\/\/fattidistoria.org\/wp-content\/uploads\/2025\/05\/Foto-24-300x189.jpg 300w, https:\/\/fattidistoria.org\/wp-content\/uploads\/2025\/05\/Foto-24-768x485.jpg 768w, https:\/\/fattidistoria.org\/wp-content\/uploads\/2025\/05\/Foto-24-1536x969.jpg 1536w, https:\/\/fattidistoria.org\/wp-content\/uploads\/2025\/05\/Foto-24-2048x1292.jpg 2048w, https:\/\/fattidistoria.org\/wp-content\/uploads\/2025\/05\/Foto-24-1230x776.jpg 1230w\" sizes=\"auto, (max-width: 1024px) 100vw, 1024px\" \/><\/a><figcaption class=\"wp-element-caption\">V. Formisano, gli affreschi in cattedrale scomparsi (da Un anno con l\u2019arte sacra del maestro Vito Formisano, Calendario 2021)<\/figcaption><\/figure>\n<\/div>\n\n<div class=\"wp-block-image\">\n<figure class=\"aligncenter size-large is-resized\"><a href=\"https:\/\/fattidistoria.org\/wp-content\/uploads\/2025\/05\/Foto-25-scaled.jpg\"><img loading=\"lazy\" decoding=\"async\" width=\"1024\" height=\"768\" src=\"https:\/\/fattidistoria.org\/wp-content\/uploads\/2025\/05\/Foto-25-1024x768.jpg\" alt=\"\" class=\"wp-image-2985\" style=\"width:557px;height:auto\" srcset=\"https:\/\/fattidistoria.org\/wp-content\/uploads\/2025\/05\/Foto-25-1024x768.jpg 1024w, https:\/\/fattidistoria.org\/wp-content\/uploads\/2025\/05\/Foto-25-300x225.jpg 300w, https:\/\/fattidistoria.org\/wp-content\/uploads\/2025\/05\/Foto-25-768x576.jpg 768w, https:\/\/fattidistoria.org\/wp-content\/uploads\/2025\/05\/Foto-25-1536x1152.jpg 1536w, https:\/\/fattidistoria.org\/wp-content\/uploads\/2025\/05\/Foto-25-2048x1536.jpg 2048w, https:\/\/fattidistoria.org\/wp-content\/uploads\/2025\/05\/Foto-25-1230x923.jpg 1230w, https:\/\/fattidistoria.org\/wp-content\/uploads\/2025\/05\/Foto-25-480x360.jpg 480w\" sizes=\"auto, (max-width: 1024px) 100vw, 1024px\" \/><\/a><figcaption class=\"wp-element-caption\">V. Formisano, Il Buon Pastore, affresco, 1952, volta abside cattedrale di Vallo della Lucania (Sa) <\/figcaption><\/figure>\n<\/div>\n\n\n<p class=\"has-black-color has-text-color has-link-color wp-elements-a5a65b9e0c0914db82b24d6080b8fb6f\" style=\"font-size:21px\">Lo stile e le tematiche dei suoi lavori sono influenzati dai suoi maestri, primo fra tutti ancora il padre. \u00c8 questi che gli fa conoscere e praticare quella che diventa la sua specializzazione: l\u2019arte sacra. Da ci\u00f2 consegue l\u2019apprendimento di varie tecniche, che vanno dalla pittura a olio su tela o su intonaco a quella a tempera, dall\u2019acquerello all\u2019affresco, che utilizzer\u00e0 nelle molte chiese decorate.<\/p>\n\n\n\n<p class=\"has-black-color has-text-color has-link-color wp-elements-afa57400d408e32a9551e0a1f09ad6fa\" style=\"font-size:21px\">La svolta per la sua carriera si presenta agli inizi del \u201952, quando \u00e8 contattato dal vescovo di Vallo, <strong>mons. Domenico Savarese<\/strong>, che, impegnato nel restauro della cattedrale per celebrare i cento anni dal trasferimento della sede diocesana in paese, ha bisogno di un pittore che l\u2019affreschi e la decori. Il presule aveva gi\u00e0 avuto modo di constatare le capacit\u00e0 del giovane Vito in occasione dei lavori da questi eseguiti nel \u201949 nella chiesa parrocchiale di San Martino Cilento (che \u00e8 forse il suo primo incarico cilentano).<\/p>\n\n\n\n<p class=\"has-black-color has-text-color has-link-color wp-elements-e098873d7ab3346d3ec242925df43ae2\" style=\"font-size:21px\">Formisano accetta e si mette a lavoro. Per circa nove mesi, <strong>dal gennaio al settembre del \u201952, decora e dipinge gli interni della cattedrale<\/strong> e quelli della nuova cappella del seminario diocesano eretta dallo stesso vescovo a completamento della struttura voluta circa vent\u2019anni prima dal suo predecessore Cammarota.<\/p>\n\n\n\n<p class=\"has-black-color has-text-color has-link-color wp-elements-380fbce016863a899a4c5f0937d67110\" style=\"font-size:21px\">In cattedrale affresca la volta della navata con tre scene della vita di san Pantaleone (la guarigione dello storpio; il martirio; la gloria), purtroppo non pi\u00f9 visibili perch\u00e9 rimosse dopo il restauro degli anni Ottanta; sopra gli archi d\u2019ingresso delle due cappelle laterali, realizza le allegorie della Fede e della Carit\u00e0; sulla volta del presbiterio, il Buon Pastore e, sulla parete di fondo, i santi Pietro e Paolo; nel tamburo della cupola, l\u2019Eterno Padre e nelle vele gli evangelisti (oggi, sostituiti con altri dello stesso autore risalenti al \u201994).<\/p>\n\n\n<div class=\"wp-block-image\">\n<figure class=\"alignleft size-large is-resized\"><a href=\"https:\/\/fattidistoria.org\/wp-content\/uploads\/2025\/05\/Foto-a-26.jpg\"><img loading=\"lazy\" decoding=\"async\" width=\"664\" height=\"1024\" src=\"https:\/\/fattidistoria.org\/wp-content\/uploads\/2025\/05\/Foto-a-26-664x1024.jpg\" alt=\"\" class=\"wp-image-2995\" style=\"width:303px;height:auto\" srcset=\"https:\/\/fattidistoria.org\/wp-content\/uploads\/2025\/05\/Foto-a-26-664x1024.jpg 664w, https:\/\/fattidistoria.org\/wp-content\/uploads\/2025\/05\/Foto-a-26-194x300.jpg 194w, https:\/\/fattidistoria.org\/wp-content\/uploads\/2025\/05\/Foto-a-26-768x1185.jpg 768w, https:\/\/fattidistoria.org\/wp-content\/uploads\/2025\/05\/Foto-a-26-996x1536.jpg 996w, https:\/\/fattidistoria.org\/wp-content\/uploads\/2025\/05\/Foto-a-26.jpg 1034w\" sizes=\"auto, (max-width: 664px) 100vw, 664px\" \/><\/a><figcaption class=\"wp-element-caption\">V. Formisano, Madonna Assunta, affresco, 1952, soffitto cappella del seminario di Vallo della Lucania (Sa) (f. R. Fierro)<\/figcaption><\/figure>\n<\/div>\n\n<div class=\"wp-block-image\">\n<figure class=\"alignright size-large is-resized\"><a href=\"https:\/\/fattidistoria.org\/wp-content\/uploads\/2025\/05\/Foto-27-S.-Cecilia-scaled.jpg\"><img loading=\"lazy\" decoding=\"async\" width=\"1024\" height=\"1010\" src=\"https:\/\/fattidistoria.org\/wp-content\/uploads\/2025\/05\/Foto-27-S.-Cecilia-1024x1010.jpg\" alt=\"\" class=\"wp-image-2986\" style=\"width:350px;height:auto\" srcset=\"https:\/\/fattidistoria.org\/wp-content\/uploads\/2025\/05\/Foto-27-S.-Cecilia-1024x1010.jpg 1024w, https:\/\/fattidistoria.org\/wp-content\/uploads\/2025\/05\/Foto-27-S.-Cecilia-300x296.jpg 300w, https:\/\/fattidistoria.org\/wp-content\/uploads\/2025\/05\/Foto-27-S.-Cecilia-768x757.jpg 768w, https:\/\/fattidistoria.org\/wp-content\/uploads\/2025\/05\/Foto-27-S.-Cecilia-1536x1514.jpg 1536w, https:\/\/fattidistoria.org\/wp-content\/uploads\/2025\/05\/Foto-27-S.-Cecilia-2048x2019.jpg 2048w, https:\/\/fattidistoria.org\/wp-content\/uploads\/2025\/05\/Foto-27-S.-Cecilia-1230x1213.jpg 1230w, https:\/\/fattidistoria.org\/wp-content\/uploads\/2025\/05\/Foto-27-S.-Cecilia-100x100.jpg 100w\" sizes=\"auto, (max-width: 1024px) 100vw, 1024px\" \/><\/a><figcaption class=\"wp-element-caption\">V. Formisano, Santa Cecilia, tempera su muro, 1955, soffitto cantoria chiesa S. Maria delle Grazie \u2013 Vallo della Lucania (Sa) (da Un anno con l\u2019arte sacra del maestro Vito Formisano, Calendario 2022)<\/figcaption><\/figure>\n<\/div>\n\n\n<p class=\"has-black-color has-text-color has-link-color wp-elements-ce661302f234eba0f56bcbaa26022dfb\" style=\"font-size:21px\">Nella cappella del seminario, interviene prevalentemente sul soffitto, dove realizza \u2013 ad affresco ed encausto \u2013 una Assunzione (a tema con la riproduzione dell\u2019Immacolata di Luca Giordano posta sulla parete del presbiterio) e un Eterno Padre, e in altri due quadri dei finti bassorilievi con puttini.<\/p>\n\n\n\n<p class=\"has-black-color has-text-color has-link-color wp-elements-e3e15bcbeeec776bf50333ec1c8a2989\" style=\"font-size:21px\">Le chiese vengono inaugurate tra la fine di settembre e gli inizi di ottobre del \u201952, il risultato \u00e8 splendido e viene molto apprezzato dai fedeli e dal vescovo committente. Formisano riceve, cos\u00ec, altri incarichi. Due anni dopo <strong>realizza il quadro di grandi dimensioni del patrono di Vallo, san Pantaleone, che si espone annualmente in corso Fam. De Mattia<\/strong> (all\u2019epoca via Roma) ad un mese dalla festa (e di cui sar\u00e0 sempre lui a fare un secondo esemplare \u2013 sostanzialmente uguale \u2013 trent\u2019anni dopo). Savarese pensa ancora a lui quando \u2013 nel 1955 \u2013 deve restaurare l\u2019altra grande chiesa vallese, quella di S. Maria delle Grazie, che si prepara a divenire parrocchia.<\/p>\n\n\n\n<p class=\"has-black-color has-text-color has-link-color wp-elements-e0c6829a0f8383b3b8f35d27e20489d7\" style=\"font-size:21px\">Anche qui procede alle decorazioni \u2013 la chiesa \u00e8 quasi rimessa a nuovo, con interventi di muratori, marmisti e altri pittori locali (<strong>Alfredo Pantaleone Labruna<\/strong> e <strong>Ferdinando Maiese<\/strong>) \u2013 e realizza diverse opere, tra cui l\u2019affresco raffigurante gli angeli che adorano il monogramma della Vergine, posto in alto sulla parete del presbiterio, e la tempera su muro che rappresenta S. Cecilia, posta sul soffitto della cantoria.<\/p>\n\n\n<div class=\"wp-block-image\">\n<figure class=\"aligncenter size-large is-resized\"><a href=\"https:\/\/fattidistoria.org\/wp-content\/uploads\/2025\/05\/Foto-a-28.jpg\"><img loading=\"lazy\" decoding=\"async\" width=\"754\" height=\"1024\" src=\"https:\/\/fattidistoria.org\/wp-content\/uploads\/2025\/05\/Foto-a-28-754x1024.jpg\" alt=\"\" class=\"wp-image-2996\" style=\"width:433px;height:auto\" srcset=\"https:\/\/fattidistoria.org\/wp-content\/uploads\/2025\/05\/Foto-a-28-754x1024.jpg 754w, https:\/\/fattidistoria.org\/wp-content\/uploads\/2025\/05\/Foto-a-28-221x300.jpg 221w, https:\/\/fattidistoria.org\/wp-content\/uploads\/2025\/05\/Foto-a-28-768x1043.jpg 768w, https:\/\/fattidistoria.org\/wp-content\/uploads\/2025\/05\/Foto-a-28-1131x1536.jpg 1131w, https:\/\/fattidistoria.org\/wp-content\/uploads\/2025\/05\/Foto-a-28-1508x2048.jpg 1508w, https:\/\/fattidistoria.org\/wp-content\/uploads\/2025\/05\/Foto-a-28-1230x1670.jpg 1230w, https:\/\/fattidistoria.org\/wp-content\/uploads\/2025\/05\/Foto-a-28.jpg 1520w\" sizes=\"auto, (max-width: 754px) 100vw, 754px\" \/><\/a><figcaption class=\"wp-element-caption\">V. Formisano, San Pantaleone medico e martire, olio su tela, 1984 (esposto a Vallo in c.so Fam. De Mattia dal 27 giugno al 29 luglio di ogni anno \u2013 foto 2024)<\/figcaption><\/figure>\n<\/div>\n\n\n<p class=\"has-black-color has-text-color has-link-color wp-elements-3f65efd1b01d0da2ee8410d63bd4af22\" style=\"font-size:21px\">In circa quattro anni \u00e8 gi\u00e0 quasi diventato un vallese, almeno artisticamente. Le sue opere sono presenti nelle principali chiese cittadine, gli ambienti curiali lo tengono in grande considerazione. Cos\u00ec \u00e8 anche per il nuovo vescovo, <strong>mons. Biagio D\u2019Agostino<\/strong>, succeduto nel \u201956 al defunto Savarese. Si avvia a diventare uno dei principali pittori d\u2019arte sacra del territorio. Negli anni seguenti lo troviamo attivo in numerose chiese impossibili da elencare, mentre \u00e8 apprezzato anche da collezionisti privati.<\/p>\n\n\n\n<p class=\"has-black-color has-text-color has-link-color wp-elements-987ece75524455e1ed4ef1583d878093\" style=\"font-size:21px\">Lavora ancora a Vallo nel \u201956, dove realizza una tempera su muro raffigurante la Madonna di Lourdes nella cappella del primo ospedale \u201cSan Luca\u201d e dipinge il soffitto della chiesa di San Nicola allo Spio con l\u2019omonimo santo. Lo stesso anno \u00e8 a <strong>Copersito Cilento<\/strong>, dove realizza, tra gli altri, l\u2019affresco sul soffitto raffigurante l\u2019<em>Ascensione di S. Barbara<\/em> per l\u2019omonima chiesa. A <strong>Laurino<\/strong>, per la chiesa di Ognissanti, realizza una <em>S. Lucia Martire<\/em> (tempera su intonaco, 1957) e un <em>Cristo Re dell\u2019Universo tra santi e beati<\/em> (affresco sul soffitto, 1958). Torna nella cappella dell\u2019ospedale nel \u201858 per realizzare, con la stessa tecnica, l\u2019<em>Apparizione della Vergine del Sacro Monte di Novi Velia<\/em>.<\/p>\n\n\n<div class=\"wp-block-image\">\n<figure class=\"alignleft size-large is-resized\"><a href=\"https:\/\/fattidistoria.org\/wp-content\/uploads\/2025\/05\/Foto-29-S.-Barbara-Copersito-scaled.jpg\"><img loading=\"lazy\" decoding=\"async\" width=\"565\" height=\"1024\" src=\"https:\/\/fattidistoria.org\/wp-content\/uploads\/2025\/05\/Foto-29-S.-Barbara-Copersito-565x1024.jpg\" alt=\"\" class=\"wp-image-2987\" style=\"width:300px;height:auto\" srcset=\"https:\/\/fattidistoria.org\/wp-content\/uploads\/2025\/05\/Foto-29-S.-Barbara-Copersito-565x1024.jpg 565w, https:\/\/fattidistoria.org\/wp-content\/uploads\/2025\/05\/Foto-29-S.-Barbara-Copersito-166x300.jpg 166w, https:\/\/fattidistoria.org\/wp-content\/uploads\/2025\/05\/Foto-29-S.-Barbara-Copersito-768x1391.jpg 768w, https:\/\/fattidistoria.org\/wp-content\/uploads\/2025\/05\/Foto-29-S.-Barbara-Copersito-848x1536.jpg 848w, https:\/\/fattidistoria.org\/wp-content\/uploads\/2025\/05\/Foto-29-S.-Barbara-Copersito-1131x2048.jpg 1131w, https:\/\/fattidistoria.org\/wp-content\/uploads\/2025\/05\/Foto-29-S.-Barbara-Copersito-1230x2227.jpg 1230w, https:\/\/fattidistoria.org\/wp-content\/uploads\/2025\/05\/Foto-29-S.-Barbara-Copersito-scaled.jpg 1414w\" sizes=\"auto, (max-width: 565px) 100vw, 565px\" \/><\/a><figcaption class=\"wp-element-caption\">V. Formisano, Ascensione di Santa Barbara, affresco, 1956, soffitto chiesa di S. Barbara, Copersito Cilento (Sa) (da Un anno con l\u2019arte sacra del maestro Vito Formisano, Calendario 2024)<\/figcaption><\/figure>\n<\/div>\n\n<div class=\"wp-block-image\">\n<figure class=\"alignright size-large is-resized\"><a href=\"https:\/\/fattidistoria.org\/wp-content\/uploads\/2025\/05\/Foto-30-Cristo-Re-Laurino-scaled.jpg\"><img loading=\"lazy\" decoding=\"async\" width=\"669\" height=\"1024\" src=\"https:\/\/fattidistoria.org\/wp-content\/uploads\/2025\/05\/Foto-30-Cristo-Re-Laurino-669x1024.jpg\" alt=\"\" class=\"wp-image-2988\" style=\"width:345px;height:auto\" srcset=\"https:\/\/fattidistoria.org\/wp-content\/uploads\/2025\/05\/Foto-30-Cristo-Re-Laurino-669x1024.jpg 669w, https:\/\/fattidistoria.org\/wp-content\/uploads\/2025\/05\/Foto-30-Cristo-Re-Laurino-196x300.jpg 196w, https:\/\/fattidistoria.org\/wp-content\/uploads\/2025\/05\/Foto-30-Cristo-Re-Laurino-768x1176.jpg 768w, https:\/\/fattidistoria.org\/wp-content\/uploads\/2025\/05\/Foto-30-Cristo-Re-Laurino-1003x1536.jpg 1003w, https:\/\/fattidistoria.org\/wp-content\/uploads\/2025\/05\/Foto-30-Cristo-Re-Laurino-1337x2048.jpg 1337w, https:\/\/fattidistoria.org\/wp-content\/uploads\/2025\/05\/Foto-30-Cristo-Re-Laurino-1230x1883.jpg 1230w, https:\/\/fattidistoria.org\/wp-content\/uploads\/2025\/05\/Foto-30-Cristo-Re-Laurino-scaled.jpg 1672w\" sizes=\"auto, (max-width: 669px) 100vw, 669px\" \/><\/a><figcaption class=\"wp-element-caption\">V. Formisano, Cristo Re dell\u2019Universo tra Santi e Beati, affresco, 1958, soffitto chiesa di Ognissanti, Laurino (Sa) (da Un anno con l\u2019arte sacra del maestro Vito Formisano, Calendario 2021)<\/figcaption><\/figure>\n<\/div>\n\n\n<p class=\"has-black-color has-text-color has-link-color wp-elements-0f778019006ff3aed76dc0cf58f128e3\" style=\"font-size:21px\">Ancora nel \u201958 \u00e8 a <strong>Cuccaro Vetere<\/strong>, dove, nella chiesa parrocchiale di San Pietro, raffigura vari apostoli, tra cui Andrea, Bartolomeo, Simone e Giuda Taddeo, e la <em>Crocifissione di Pietro<\/em> (olio su intonaco). Con la stessa tecnica, sul soffitto rappresenta il <em>Rinnegamento di Pietro<\/em>.<\/p>\n\n\n\n<p class=\"has-black-color has-text-color has-link-color wp-elements-b6d56e650774c34ae88861800b0ca746\" style=\"font-size:21px\">Nel decennio successivo \u00e8 a <strong>San Biase<\/strong>, dove nel \u201961 decora il soffitto della chiesa parrocchiale con l\u2019immagine di San Biagio (tempera su muro); nel \u201969 torna nella parrocchiale di Cuccaro per dipingere su tela una Madonna del Rosario contornata dai misteri. L\u2019anno prima, ad <strong>Agropoli<\/strong>, aveva dipinto il <em>Calvario<\/em> per la chiesa dell\u2019Addolorata (tempera su intonaco).<\/p>\n\n\n<div class=\"wp-block-image\">\n<figure class=\"aligncenter size-large is-resized\"><a href=\"https:\/\/fattidistoria.org\/wp-content\/uploads\/2025\/05\/Foto-31-Cuccaro-S.-Bartolomeo-Apostolo-scaled.jpg\"><img loading=\"lazy\" decoding=\"async\" width=\"673\" height=\"1024\" src=\"https:\/\/fattidistoria.org\/wp-content\/uploads\/2025\/05\/Foto-31-Cuccaro-S.-Bartolomeo-Apostolo-673x1024.jpg\" alt=\"\" class=\"wp-image-2989\" style=\"width:434px;height:auto\" srcset=\"https:\/\/fattidistoria.org\/wp-content\/uploads\/2025\/05\/Foto-31-Cuccaro-S.-Bartolomeo-Apostolo-673x1024.jpg 673w, https:\/\/fattidistoria.org\/wp-content\/uploads\/2025\/05\/Foto-31-Cuccaro-S.-Bartolomeo-Apostolo-197x300.jpg 197w, https:\/\/fattidistoria.org\/wp-content\/uploads\/2025\/05\/Foto-31-Cuccaro-S.-Bartolomeo-Apostolo-768x1168.jpg 768w, https:\/\/fattidistoria.org\/wp-content\/uploads\/2025\/05\/Foto-31-Cuccaro-S.-Bartolomeo-Apostolo-1010x1536.jpg 1010w, https:\/\/fattidistoria.org\/wp-content\/uploads\/2025\/05\/Foto-31-Cuccaro-S.-Bartolomeo-Apostolo-1346x2048.jpg 1346w, https:\/\/fattidistoria.org\/wp-content\/uploads\/2025\/05\/Foto-31-Cuccaro-S.-Bartolomeo-Apostolo-1230x1871.jpg 1230w, https:\/\/fattidistoria.org\/wp-content\/uploads\/2025\/05\/Foto-31-Cuccaro-S.-Bartolomeo-Apostolo-scaled.jpg 1683w\" sizes=\"auto, (max-width: 673px) 100vw, 673px\" \/><\/a><figcaption class=\"wp-element-caption\">V. Formisano, San Bartolomeo Apostolo, olio su intonaco, 1958, chiesa di S. Pietro Apostolo, Cuccaro Vetere (Sa) (da Un anno con l\u2019arte sacra del maestro Vito Formisano, Calendario 2023)<\/figcaption><\/figure>\n<\/div>\n\n\n<p class=\"has-black-color has-text-color has-link-color wp-elements-f7055edf866f5c49381e4dbe55aa9007\" style=\"font-size:21px\">Nel \u201978 realizza l\u2019olio su tela della Madonna della Vittoria collocato sul soffitto della chiesa parrocchiale di <strong>Massa<\/strong> di cui \u00e8 titolare la stessa Madonna. Risalgono al 1980 le quattro tele collocate nel presbiterio della chiesa parrocchiale di <strong>San Mauro La Bruca<\/strong> (dichiarata nel 1970 Santuario Eucaristico), che rappresentano i miracoli eucaristici di Bolsena (1264), Lanciano (750), Siena (1730) e Torino (1453).<\/p>\n\n\n<div class=\"wp-block-image\">\n<figure class=\"alignleft size-large is-resized\"><a href=\"https:\/\/fattidistoria.org\/wp-content\/uploads\/2025\/05\/Foto-32-M.-Vittoria-Massa-scaled.jpg\"><img loading=\"lazy\" decoding=\"async\" width=\"1013\" height=\"1024\" src=\"https:\/\/fattidistoria.org\/wp-content\/uploads\/2025\/05\/Foto-32-M.-Vittoria-Massa-1013x1024.jpg\" alt=\"\" class=\"wp-image-2990\" style=\"width:377px;height:auto\" srcset=\"https:\/\/fattidistoria.org\/wp-content\/uploads\/2025\/05\/Foto-32-M.-Vittoria-Massa-1013x1024.jpg 1013w, https:\/\/fattidistoria.org\/wp-content\/uploads\/2025\/05\/Foto-32-M.-Vittoria-Massa-297x300.jpg 297w, https:\/\/fattidistoria.org\/wp-content\/uploads\/2025\/05\/Foto-32-M.-Vittoria-Massa-768x776.jpg 768w, https:\/\/fattidistoria.org\/wp-content\/uploads\/2025\/05\/Foto-32-M.-Vittoria-Massa-1520x1536.jpg 1520w, https:\/\/fattidistoria.org\/wp-content\/uploads\/2025\/05\/Foto-32-M.-Vittoria-Massa-2027x2048.jpg 2027w, https:\/\/fattidistoria.org\/wp-content\/uploads\/2025\/05\/Foto-32-M.-Vittoria-Massa-1230x1243.jpg 1230w, https:\/\/fattidistoria.org\/wp-content\/uploads\/2025\/05\/Foto-32-M.-Vittoria-Massa-100x100.jpg 100w\" sizes=\"auto, (max-width: 1013px) 100vw, 1013px\" \/><\/a><figcaption class=\"wp-element-caption\">V. Formisano, Madonna della Vittoria, olio su tela, 1978, soffitto chiesa S. Maria delle Vittorie, Massa di Vallo della Lucania (Sa) (da Un anno con l\u2019arte sacra del maestro Vito Formisano, Calendario 2022)<\/figcaption><\/figure>\n<\/div>\n\n<div class=\"wp-block-image\">\n<figure class=\"alignright size-large is-resized\"><a href=\"https:\/\/fattidistoria.org\/wp-content\/uploads\/2025\/05\/Foto-33-Mir.-Euc.-Bolsena-calendario-23-scaled.jpg\"><img loading=\"lazy\" decoding=\"async\" width=\"652\" height=\"1024\" src=\"https:\/\/fattidistoria.org\/wp-content\/uploads\/2025\/05\/Foto-33-Mir.-Euc.-Bolsena-calendario-23-652x1024.jpg\" alt=\"\" class=\"wp-image-2991\" style=\"width:273px;height:auto\" srcset=\"https:\/\/fattidistoria.org\/wp-content\/uploads\/2025\/05\/Foto-33-Mir.-Euc.-Bolsena-calendario-23-652x1024.jpg 652w, https:\/\/fattidistoria.org\/wp-content\/uploads\/2025\/05\/Foto-33-Mir.-Euc.-Bolsena-calendario-23-191x300.jpg 191w, https:\/\/fattidistoria.org\/wp-content\/uploads\/2025\/05\/Foto-33-Mir.-Euc.-Bolsena-calendario-23-768x1207.jpg 768w, https:\/\/fattidistoria.org\/wp-content\/uploads\/2025\/05\/Foto-33-Mir.-Euc.-Bolsena-calendario-23-977x1536.jpg 977w, https:\/\/fattidistoria.org\/wp-content\/uploads\/2025\/05\/Foto-33-Mir.-Euc.-Bolsena-calendario-23-1303x2048.jpg 1303w, https:\/\/fattidistoria.org\/wp-content\/uploads\/2025\/05\/Foto-33-Mir.-Euc.-Bolsena-calendario-23-1230x1933.jpg 1230w, https:\/\/fattidistoria.org\/wp-content\/uploads\/2025\/05\/Foto-33-Mir.-Euc.-Bolsena-calendario-23-scaled.jpg 1629w\" sizes=\"auto, (max-width: 652px) 100vw, 652px\" \/><\/a><figcaption class=\"wp-element-caption\">V. Formisano, Miracolo Eucaristico di Bolsena, olio su tela, 1980, presbiterio Santuario Eucaristico parrocchia di Santa Eufemia, San Mauro La Bruca (Sa) (da Un anno con l\u2019arte sacra del maestro Vito Formisano, Calendario 2023)<\/figcaption><\/figure>\n<\/div>\n\n\n<p class=\"has-black-color has-text-color has-link-color wp-elements-4cc1ca83db5896809e3aa0a6c465b998\" style=\"font-size:21px\">Suoi quadri sono presenti anche a <strong>Futani<\/strong> nella chiesa parrocchiale di San Marco Evangelista: <em>San Matteo<\/em>, olio su tela, 1981; <em>Conversione di San Paolo<\/em>, olio su tela, 1987. A <strong>Ceraso<\/strong> nella chiesa parrocchiale di San Nicola: <em>Ges\u00f9 Eucaristia<\/em>, olio su tela, 1985. A <strong>Moio della Civitella<\/strong> nella chiesa di S. Veneranda: <em>S. Veneranda Vergine e Martire<\/em>, olio su tela, 1977.<\/p>\n\n\n\n<p class=\"has-black-color has-text-color has-link-color wp-elements-a03265b0009f17de9ec40e5e430102ae\" style=\"font-size:21px\">Da questa non esaustiva panoramica risulta un\u2019attivit\u00e0 intensa, continua che ne evidenzia il ruolo via via pi\u00f9 importante assunto, soprattutto in ambito diocesano, nel campo dell\u2019arte sacra locale. Sostenuto dal vescovo, decora a Vallo anche le cappelle dell\u2019episcopio, dell\u2019educandato e dell\u2019orfanotrofio Pinto. Ma il raggio della sua attivit\u00e0 \u00e8 pi\u00f9 ampio e ci sfugge, se \u2013 ad esempio \u2013 gi\u00e0 a fine anni \u201950 \u00e8 a <strong>Viggiano<\/strong>, dove dipinge una Madonna di Fatima per la locale basilica pontificia minore (tempera su muro, 1958), e ad <strong>Acquafredda<\/strong>, dove realizza un affresco dell\u2019Immacolata nell\u2019omonima chiesa (1959). La presenza di sue opere \u00e8 attestata anche ad Amalfi, Sorrento, Nocera, Maratea.<\/p>\n\n\n<div class=\"wp-block-image\">\n<figure class=\"aligncenter size-large is-resized\"><a href=\"https:\/\/fattidistoria.org\/wp-content\/uploads\/2025\/05\/Foto-34-Immacolata-Acquafredda-scaled.jpg\"><img loading=\"lazy\" decoding=\"async\" width=\"558\" height=\"1024\" src=\"https:\/\/fattidistoria.org\/wp-content\/uploads\/2025\/05\/Foto-34-Immacolata-Acquafredda-558x1024.jpg\" alt=\"\" class=\"wp-image-2992\" style=\"width:355px;height:auto\" srcset=\"https:\/\/fattidistoria.org\/wp-content\/uploads\/2025\/05\/Foto-34-Immacolata-Acquafredda-558x1024.jpg 558w, https:\/\/fattidistoria.org\/wp-content\/uploads\/2025\/05\/Foto-34-Immacolata-Acquafredda-164x300.jpg 164w, https:\/\/fattidistoria.org\/wp-content\/uploads\/2025\/05\/Foto-34-Immacolata-Acquafredda-768x1408.jpg 768w, https:\/\/fattidistoria.org\/wp-content\/uploads\/2025\/05\/Foto-34-Immacolata-Acquafredda-838x1536.jpg 838w, https:\/\/fattidistoria.org\/wp-content\/uploads\/2025\/05\/Foto-34-Immacolata-Acquafredda-1117x2048.jpg 1117w, https:\/\/fattidistoria.org\/wp-content\/uploads\/2025\/05\/Foto-34-Immacolata-Acquafredda-1230x2255.jpg 1230w, https:\/\/fattidistoria.org\/wp-content\/uploads\/2025\/05\/Foto-34-Immacolata-Acquafredda-scaled.jpg 1396w\" sizes=\"auto, (max-width: 558px) 100vw, 558px\" \/><\/a><figcaption class=\"wp-element-caption\">V. Formisano, Immacolata Concezione, affresco, 1959, chiesa di Maria Santissima dell\u2019Immacolata, Acquafredda di Maratea (Pz) (da Un anno con l\u2019arte sacra del maestro Vito Formisano, Calendario 2022)<\/figcaption><\/figure>\n<\/div>\n\n\n<p class=\"has-black-color has-text-color has-link-color wp-elements-14a3641abfa3a24f2642e0871afc8cd4\" style=\"font-size:21px\">Secondo <strong>Mario Modica<\/strong>, \u201c<em>oggi, a giusta ragione, pu\u00f2 essere considerato \u2018Faro\u2019 di riferimento per tutti coloro che si dedicano all\u2019arte della pittura nel Cilento<\/em>\u201d.<\/p>\n\n\n\n<p class=\"has-black-color has-text-color has-link-color wp-elements-abb903ba065e4446240637721321a327\" style=\"font-size:21px\">\u201c<em>Vito Formisano<\/em> \u2013 scrive il figlio \u2013 <em>artista completo, \u00e8 stato soprattutto pittore d\u2019arte sacra e come tale ha svolto un servizio, un ministero, offrendo il suo talento alle comunit\u00e0 di ogni tempo. L\u2019artista sacro non \u00e8 solo un mero strumento, ma anche un servitore della Parola, di un messaggio\u2026 di una religiosit\u00e0 popolare che sostenta la fede di tutti<\/em>\u201d. E ancora: \u201c<em>La luminosa religiosit\u00e0 dei suoi dipinti, resa con colori delicati e vivaci al tempo stesso, esalta la forza comunicativa delle figure sacre, riflesso della Visione Spirituale della Parola che educa la gente alla fede, alla devozione e induce al raccoglimento e alla preghiera<\/em>\u201d (F. Formisano, rispettivamente, calendario \u201cUn anno con l\u2019arte sacra del maestro Vito Formisano\u201d, 2022 e 2021).<\/p>\n\n\n\n<p class=\"has-black-color has-text-color has-link-color wp-elements-05fe007866b9d6eadf4af43281bfe0ca\" style=\"font-size:21px\">Un\u2019interpretazione filiale e quindi affettuosa, ma largamente condivisibile. D\u2019altronde, l\u2019identificazione tra l\u2019artista e la sua opera \u00e8 ci\u00f2 che caratterizza tutti i pittori su cui ci siamo soffermati.<\/p>\n\n\n\n<ul style=\"font-size:21px\" class=\"wp-block-list has-black-color has-text-color has-link-color wp-elements-42da4ce3aa1ca8de6f738bb495013dcd\">\n<li><strong>Una precisazione.<\/strong><\/li>\n<\/ul>\n\n\n\n<p class=\"has-black-color has-text-color has-link-color wp-elements-6edfae7291ab9f9bbfee506de497ebd5\" style=\"font-size:21px\"><strong>Questo e il precedente articolo sugli \u201cArtisti vallesi di ogni tempo\u201d apparsi sul presente blog, costituiscono solo una rapida e incompleta panoramica dei pittori vallesi scomparsi attivi in zona e altrove dal Settecento ad oggi. Ciascuno di essi meriterebbe uno studio approfondito, un\u2019attenta monografia basata su ricerche ampie e ampiamente documentate (e qualcuno anche un museo). Qui l\u2019intento era quello di presentarne l\u2019opera \u2013 con accenni variamente estesi \u2013 per preservarne la memoria, stimolarne lo studio, promuovere la conoscenza di una storia \u2013 la nostra \u2013 non sempre marginale, n\u00e9 povera di contenuti umani e artistici o priva di una sua originalit\u00e0. Infine, degli artisti presentati manca una valutazione critica, non essendo chi scrive uno storico dell\u2019arte, n\u00e9 un critico d\u2019arte.<\/strong><\/p>\n\n\n\n<p><\/p>\n<div style=\"min-height: 30px;display: inline-block;\"><input id=\"2997\" style=\"float: left;max-width: 50px;\" src=\"https:\/\/fattidistoria.org\/wp-content\/plugins\/wp-advanced-pdf\/asset\/images\/pdf.png\" alt=\"#TB_inline?height=230&amp;width=400&amp;inlineId=examplePopup1\" title=\"Export pdf to your Email\" class=\"thickbox export-pdf\" type=\"image\" value=\"Export to PDF\" \/><\/div>","protected":false},"excerpt":{"rendered":"<p>Tutta italiana \u00e8, invece, la vicenda artistica e umana di Paolo Emilio Passaro, un altro pittore di origini vallesi. Nato nel 1878 nella nostra cittadina,&#8230;<\/p>\n","protected":false},"author":3,"featured_media":2994,"comment_status":"open","ping_status":"open","sticky":false,"template":"","format":"standard","meta":{"footnotes":""},"categories":[246,6],"tags":[641,275,629,539,624,638,622,632,633,620,312,38,630,621,627,637,623,625,626,435,462,249,635,639,631,628,32,619,11,522,634,636,8,640,463],"class_list":["post-2997","post","type-post","status-publish","format-standard","has-post-thumbnail","hentry","category-arte","category-storia-locale","tag-acquafredda","tag-agropoli","tag-alfredo-pantaleone-labruna","tag-antonio-la-gloria","tag-augusto-e-dante-lenza","tag-ceraso","tag-circolo-artistico-e-politecnico-di-napoli","tag-copersito-cilento","tag-cuccaro-vetere","tag-domenico-morelli-2","tag-dott-nunzio-di-giacomo","tag-fatti-di-storia","tag-ferdinando-maiese","tag-francesco-amorelli","tag-francescopaolo-formisano","tag-futani","tag-giovanni-fatigati","tag-giuseppe-mautone","tag-giuseppe-palladino","tag-laurino","tag-maestro-vito-formisano","tag-mario-modica","tag-massa","tag-moio-della-civitella","tag-mons-biagio-dagostino-2","tag-mons-domenico-savarese-2","tag-morra-manlio","tag-paolo-emilio-passaro","tag-parco-nazionale-del-cilento","tag-prof-vincenzo-bruno","tag-san-biase","tag-san-mauro-la-bruca","tag-vallo-della-lucania","tag-viggiano","tag-vito-formisano","wpcat-246-id","wpcat-6-id"],"_links":{"self":[{"href":"https:\/\/fattidistoria.org\/index.php?rest_route=\/wp\/v2\/posts\/2997","targetHints":{"allow":["GET"]}}],"collection":[{"href":"https:\/\/fattidistoria.org\/index.php?rest_route=\/wp\/v2\/posts"}],"about":[{"href":"https:\/\/fattidistoria.org\/index.php?rest_route=\/wp\/v2\/types\/post"}],"author":[{"embeddable":true,"href":"https:\/\/fattidistoria.org\/index.php?rest_route=\/wp\/v2\/users\/3"}],"replies":[{"embeddable":true,"href":"https:\/\/fattidistoria.org\/index.php?rest_route=%2Fwp%2Fv2%2Fcomments&post=2997"}],"version-history":[{"count":0,"href":"https:\/\/fattidistoria.org\/index.php?rest_route=\/wp\/v2\/posts\/2997\/revisions"}],"wp:featuredmedia":[{"embeddable":true,"href":"https:\/\/fattidistoria.org\/index.php?rest_route=\/wp\/v2\/media\/2994"}],"wp:attachment":[{"href":"https:\/\/fattidistoria.org\/index.php?rest_route=%2Fwp%2Fv2%2Fmedia&parent=2997"}],"wp:term":[{"taxonomy":"category","embeddable":true,"href":"https:\/\/fattidistoria.org\/index.php?rest_route=%2Fwp%2Fv2%2Fcategories&post=2997"},{"taxonomy":"post_tag","embeddable":true,"href":"https:\/\/fattidistoria.org\/index.php?rest_route=%2Fwp%2Fv2%2Ftags&post=2997"}],"curies":[{"name":"wp","href":"https:\/\/api.w.org\/{rel}","templated":true}]}}