{"id":708,"date":"2021-09-08T16:00:43","date_gmt":"2021-09-08T16:00:43","guid":{"rendered":"https:\/\/fattidistoria.org\/?p=708"},"modified":"2021-09-08T16:00:46","modified_gmt":"2021-09-08T16:00:46","slug":"nunziato-iannotti-chi-era-costui","status":"publish","type":"post","link":"https:\/\/fattidistoria.org\/?p=708","title":{"rendered":"Nunziato Iannotti, chi era costui?"},"content":{"rendered":"\n<p class=\"has-black-color has-text-color\" style=\"font-size:22px\">Domanda dagli echi manzoniani, questa che vi poniamo oggi. E in effetti di quest\u2019uomo sappiamo ben poco, se si escludono le scarne notizie forniteci dal solito buon canonico Giovanni Maiese, il quale, nella sua incessante attivit\u00e0 di scavo archivistico, ci dice trattarsi di un sacerdote vallese del XIX secolo, \u201cbuon quaresimalista\u201d, morto nel 1852.<\/p>\n\n\n\n<p class=\"has-black-color has-text-color\" style=\"font-size:22px\">Perch\u00e9 vorremmo saperne di pi\u00f9? Perch\u00e9 ha lasciato diverse tracce di s\u00e9 in paese e il suo nome, con un po\u2019 di attenzione, possiamo leggerlo ogni giorno in Cattedrale e, in particolare, nel mese di luglio. Fu lui, infatti, a provvedere agli interventi di restauro della statua di S. Pantaleone nel 1831.<\/p>\n\n\n\n<p class=\"has-black-color has-text-color\" style=\"font-size:22px\">Non sappiamo come fosse la statua in precedenza. Probabilmente, l\u2019effigie risaliva a molto tempo addietro, forse alla prima met\u00e0 del Settecento, quando con l\u2019arrivo in paese della reliquia del sangue (1741), il Santo fu scelto come patrono unico e il suo culto cominci\u00f2 ad assumere una solennit\u00e0 e una centralit\u00e0 via via crescenti. Don Nunziato, forse su indicazione del parroco dell\u2019epoca, il can. Vincenzo De Laurentis, fece \u201cargentare\u201d la statua, cio\u00e8 rivestirla di quelle placche argentee che le donarono l\u2019aspetto conservato fino ad oggi. Ci\u00f2 lascia presumere, appunto, che la stessa statua fosse gi\u00e0 in uso.<\/p>\n\n\n\n<p class=\"has-black-color has-text-color\" style=\"font-size:22px\">In spirito di devozione, il reverendo Iannotti pag\u00f2 l\u2019intera spesa dell\u2019intervento, come ci informa la scritta che pu\u00f2 leggersi sulla base della statua. La somma non la conosciamo, ma l\u2019impegno dovette essere non di poco conto, se lo stesso sacerdote, cedendo alla vanit\u00e0, volle immortalare il suo nome legandolo alla sacra immagine. Ma non \u00e8 tutto! Abbiamo anche il nome dell\u2019artista artigiano che realizz\u00f2 l\u2019argentatura. Sul retro della stessa base, infatti, possiamo leggere chiaramente la frase: \u201cGENNARO ROSSO FECIT A.D. 1831\u201d. Su di lui ne sappiamo meno che sul committente. La scritta non d\u00e0 un\u2019indicazione di luogo, n\u00e9 aggiunge altri dati identificativi.<\/p>\n\n\n\n<div class=\"wp-block-image\"><figure class=\"aligncenter size-large is-resized\"><a href=\"https:\/\/fattidistoria.org\/wp-content\/uploads\/2021\/09\/1-Iscrizione-alla-base-della-statua-di-S.-Pantaleone-fronte.jpeg\"><img loading=\"lazy\" decoding=\"async\" src=\"https:\/\/fattidistoria.org\/wp-content\/uploads\/2021\/09\/1-Iscrizione-alla-base-della-statua-di-S.-Pantaleone-fronte-1024x768.jpeg\" alt=\"\" class=\"wp-image-695\" width=\"448\" height=\"336\" srcset=\"https:\/\/fattidistoria.org\/wp-content\/uploads\/2021\/09\/1-Iscrizione-alla-base-della-statua-di-S.-Pantaleone-fronte-1024x768.jpeg 1024w, https:\/\/fattidistoria.org\/wp-content\/uploads\/2021\/09\/1-Iscrizione-alla-base-della-statua-di-S.-Pantaleone-fronte-300x225.jpeg 300w, https:\/\/fattidistoria.org\/wp-content\/uploads\/2021\/09\/1-Iscrizione-alla-base-della-statua-di-S.-Pantaleone-fronte-768x576.jpeg 768w, https:\/\/fattidistoria.org\/wp-content\/uploads\/2021\/09\/1-Iscrizione-alla-base-della-statua-di-S.-Pantaleone-fronte-1536x1152.jpeg 1536w, https:\/\/fattidistoria.org\/wp-content\/uploads\/2021\/09\/1-Iscrizione-alla-base-della-statua-di-S.-Pantaleone-fronte-1230x923.jpeg 1230w, https:\/\/fattidistoria.org\/wp-content\/uploads\/2021\/09\/1-Iscrizione-alla-base-della-statua-di-S.-Pantaleone-fronte-480x360.jpeg 480w, https:\/\/fattidistoria.org\/wp-content\/uploads\/2021\/09\/1-Iscrizione-alla-base-della-statua-di-S.-Pantaleone-fronte.jpeg 2016w\" sizes=\"auto, (max-width: 448px) 100vw, 448px\" \/><\/a><figcaption>Iscrizione alla base della statua di S. Pantaleone (fronte)<\/figcaption><\/figure><\/div>\n\n\n\n<div class=\"wp-block-image\"><figure class=\"aligncenter size-large is-resized\"><a href=\"https:\/\/fattidistoria.org\/wp-content\/uploads\/2021\/09\/2-Iscrizione-alla-base-della-statua-di-S.-Pantaleone-retro-scaled.jpg\"><img loading=\"lazy\" decoding=\"async\" src=\"https:\/\/fattidistoria.org\/wp-content\/uploads\/2021\/09\/2-Iscrizione-alla-base-della-statua-di-S.-Pantaleone-retro-768x1024.jpg\" alt=\"\" class=\"wp-image-696\" width=\"441\" height=\"588\" srcset=\"https:\/\/fattidistoria.org\/wp-content\/uploads\/2021\/09\/2-Iscrizione-alla-base-della-statua-di-S.-Pantaleone-retro-768x1024.jpg 768w, https:\/\/fattidistoria.org\/wp-content\/uploads\/2021\/09\/2-Iscrizione-alla-base-della-statua-di-S.-Pantaleone-retro-225x300.jpg 225w, https:\/\/fattidistoria.org\/wp-content\/uploads\/2021\/09\/2-Iscrizione-alla-base-della-statua-di-S.-Pantaleone-retro-1152x1536.jpg 1152w, https:\/\/fattidistoria.org\/wp-content\/uploads\/2021\/09\/2-Iscrizione-alla-base-della-statua-di-S.-Pantaleone-retro-1536x2048.jpg 1536w, https:\/\/fattidistoria.org\/wp-content\/uploads\/2021\/09\/2-Iscrizione-alla-base-della-statua-di-S.-Pantaleone-retro-1230x1640.jpg 1230w, https:\/\/fattidistoria.org\/wp-content\/uploads\/2021\/09\/2-Iscrizione-alla-base-della-statua-di-S.-Pantaleone-retro-scaled.jpg 1920w\" sizes=\"auto, (max-width: 441px) 100vw, 441px\" \/><\/a><figcaption> Iscrizione alla base della statua di S. Pantaleone (retro)<\/figcaption><\/figure><\/div>\n\n\n\n<p class=\"has-black-color has-text-color\" style=\"font-size:22px\">Dicendo che il nome del nostro Nunziato possiamo leggerlo ogni giorno in Cattedrale, ci riferivamo per\u00f2 ad un\u2019altra sua presenza. La grande tela posta sulla parete di fondo dell\u2019abside, che rappresenta il miracolo del paralitico operato da San Pantaleone davanti all\u2019imperatore e a numerosi testimoni colti negli atteggiamenti pi\u00f9 diversi, contiene anch\u2019essa il suo nome. Nascosta per non disturbare la scena ma non tanto da non poter essere facilmente scorta, sulla base di quella sorta di gradino su cui si erge la figura del Santo, \u00e8 dipinta la scritta \u2013 stavolta in italiano (chiss\u00e0 perch\u00e9 si rinunci\u00f2 al pi\u00f9 solenne latino) \u2013 che indica autore, committente e data dell\u2019opera: rispettivamente, G. Di Mattia, Nunziato Iannotti, 1843.<\/p>\n\n\n\n<p class=\"has-black-color has-text-color\" style=\"font-size:22px\">A poco pi\u00f9 di dieci anni dalla realizzazione del rivestimento argenteo alla statua del patrono, e ancora a sue spese, don Nunziato compie un\u2019altra opera di mecenatismo per adornare la chiesa parrocchiale di Vallo, che solo otto anni dopo sarebbe stata elevata a Cattedrale.<\/p>\n\n\n\n<p class=\"has-black-color has-text-color\" style=\"font-size:22px\">Quella chiesa custodiva gi\u00e0 alcune importanti opere di artisti vallesi: il monumentale organo realizzato circa sessant\u2019anni prima da Silverio Carelli (vedi il nostro articolo in questo sito); le grandi tele di San Michele Arcangelo, dipinta nel 1770 da Andrea De Hyppolitis, e della Madonna del Carmelo, dipinta da Domenico Lettieri nel 1787.<\/p>\n\n\n\n<div class=\"wp-block-image\"><figure class=\"alignleft size-large is-resized\"><a href=\"https:\/\/fattidistoria.org\/wp-content\/uploads\/2021\/09\/CamScanner-08-30-2021-16.39_3-scaled.jpg\"><img loading=\"lazy\" decoding=\"async\" src=\"https:\/\/fattidistoria.org\/wp-content\/uploads\/2021\/09\/CamScanner-08-30-2021-16.39_3-692x1024.jpg\" alt=\"Tela raffigurante l'Arcangelo Michele, Andrea De Hyppolitis, 1770 (Cattedrale, Vallo della Lucania)\" class=\"wp-image-705\" width=\"374\" height=\"554\" srcset=\"https:\/\/fattidistoria.org\/wp-content\/uploads\/2021\/09\/CamScanner-08-30-2021-16.39_3-692x1024.jpg 692w, https:\/\/fattidistoria.org\/wp-content\/uploads\/2021\/09\/CamScanner-08-30-2021-16.39_3-203x300.jpg 203w, https:\/\/fattidistoria.org\/wp-content\/uploads\/2021\/09\/CamScanner-08-30-2021-16.39_3-768x1137.jpg 768w, https:\/\/fattidistoria.org\/wp-content\/uploads\/2021\/09\/CamScanner-08-30-2021-16.39_3-1037x1536.jpg 1037w, https:\/\/fattidistoria.org\/wp-content\/uploads\/2021\/09\/CamScanner-08-30-2021-16.39_3-1383x2048.jpg 1383w, https:\/\/fattidistoria.org\/wp-content\/uploads\/2021\/09\/CamScanner-08-30-2021-16.39_3-1230x1821.jpg 1230w, https:\/\/fattidistoria.org\/wp-content\/uploads\/2021\/09\/CamScanner-08-30-2021-16.39_3-scaled.jpg 1729w\" sizes=\"auto, (max-width: 374px) 100vw, 374px\" \/><\/a><figcaption>Tela raffigurante l&#8217;Arcangelo Michele, Andrea De Hyppolitis, 1770 (Cattedrale, Vallo della Lucania)<\/figcaption><\/figure><\/div>\n\n\n\n<div class=\"wp-block-image\"><figure class=\"alignright size-large is-resized\"><a href=\"https:\/\/fattidistoria.org\/wp-content\/uploads\/2021\/09\/CamScanner-08-28-2021-20.16_1.jpg\"><img loading=\"lazy\" decoding=\"async\" src=\"https:\/\/fattidistoria.org\/wp-content\/uploads\/2021\/09\/CamScanner-08-28-2021-20.16_1-678x1024.jpg\" alt=\"La Vergine con i santi Carlo Borromeo e Maria Maddalena, Domenico Lettieri, 1787 (Cappella Madonna di Pompei, Cattedrale, Vallo della Lucania)\" class=\"wp-image-704\" width=\"370\" height=\"559\" srcset=\"https:\/\/fattidistoria.org\/wp-content\/uploads\/2021\/09\/CamScanner-08-28-2021-20.16_1-678x1024.jpg 678w, https:\/\/fattidistoria.org\/wp-content\/uploads\/2021\/09\/CamScanner-08-28-2021-20.16_1-199x300.jpg 199w, https:\/\/fattidistoria.org\/wp-content\/uploads\/2021\/09\/CamScanner-08-28-2021-20.16_1-768x1160.jpg 768w, https:\/\/fattidistoria.org\/wp-content\/uploads\/2021\/09\/CamScanner-08-28-2021-20.16_1-1017x1536.jpg 1017w, https:\/\/fattidistoria.org\/wp-content\/uploads\/2021\/09\/CamScanner-08-28-2021-20.16_1.jpg 1068w\" sizes=\"auto, (max-width: 370px) 100vw, 370px\" \/><\/a><figcaption>La Vergine con i santi Carlo Borromeo e Maria Maddalena, Domenico Lettieri, 1787 (Cappella Madonna di Pompei, Cattedrale, Vallo della Lucania)<\/figcaption><\/figure><\/div>\n\n\n\n<p class=\"has-black-color has-text-color\" style=\"font-size:22px\">A quanto sembra, il nostro sacerdote non badava a spese. Infatti, affida l\u2019incarico a Giuseppe de Mattia, appartenente alla gi\u00e0 nota famiglia locale, un pittore affermatosi fin dall\u2019inizio del secolo a Roma e a Napoli e, in quest\u2019ultima citt\u00e0, socio e professore dell\u2019Accademia reale di Belle arti. Quindi, non proprio uno sconosciuto, anzi! Probabilmente, volendo far realizzare un\u2019opera che evidenziasse la sua devozione verso il Patrono, sceglie un artista di qualit\u00e0 ma anche sensibile verso il soggetto da rappresentare. E chi meglio di quel vallese poteva esprimere nella tela commissionatagli la sua arte e la sua devozione?<\/p>\n\n\n\n<p class=\"has-black-color has-text-color\" style=\"font-size:22px\">Riferendosi al \u201ccelebre pittore D. Giuseppe de Mattia\u201d, il can. Maiese scrive:<\/p>\n\n\n\n<p class=\"has-black-color has-text-color\" style=\"font-size:22px\">\u201c<em>Dipinse una infinit\u00e0 di quadri, i cui soggetti son tratti quasi tutti dalla Storia dell\u2019Antica Grecia, dai poemi di Omero, di Dante e dell\u2019Ossian. Ma le tele che gli hanno assicurata una fama imperitura sono due: la prima abbellisce la nostra Cattedrale e rappresenta il giovane medico S. Pantaleone che in nome di Ges\u00f9 Cristo guarisce un paralitico alla presenza dell\u2019imperatore Massimiano. La seconda \u00e8 nella gran sala della Prefettura di Salerno: rappresenta la Scuola Salernitana, o meglio Roberto il Guiscardo che in mezzo alla sua Corte riceve le opere di Galeno per mano del celebre filosofo Costantino Africano. Nell\u2019una e nell\u2019altra, le figure sono a grandezza naturale, e sono mirabili per la magnificenza dello stile e per la espressione delle fisionomie, armonizzando fra di loro in maniera veramente sorprendente<\/em>\u201d (Notizie storiche intorno alla Baronia di Novi Velia e della citt\u00e0 di Vallo della Lucania, a cura di L. Rossi, 2016).<\/p>\n\n\n\n<div class=\"wp-block-image\"><figure class=\"aligncenter size-large is-resized\"><a href=\"https:\/\/fattidistoria.org\/wp-content\/uploads\/2021\/09\/3-S.-Pantaleone-guarisce-il-paralitico.-Tela-di-G.-de-Mattia-.jpg\"><img loading=\"lazy\" decoding=\"async\" src=\"https:\/\/fattidistoria.org\/wp-content\/uploads\/2021\/09\/3-S.-Pantaleone-guarisce-il-paralitico.-Tela-di-G.-de-Mattia--677x1024.jpg\" alt=\"S.-Pantaleone-guarisce-il-paralitico.-Tela-di-G.-de-Mattia\" class=\"wp-image-698\" width=\"509\" height=\"770\" srcset=\"https:\/\/fattidistoria.org\/wp-content\/uploads\/2021\/09\/3-S.-Pantaleone-guarisce-il-paralitico.-Tela-di-G.-de-Mattia--677x1024.jpg 677w, https:\/\/fattidistoria.org\/wp-content\/uploads\/2021\/09\/3-S.-Pantaleone-guarisce-il-paralitico.-Tela-di-G.-de-Mattia--198x300.jpg 198w, https:\/\/fattidistoria.org\/wp-content\/uploads\/2021\/09\/3-S.-Pantaleone-guarisce-il-paralitico.-Tela-di-G.-de-Mattia--768x1162.jpg 768w, https:\/\/fattidistoria.org\/wp-content\/uploads\/2021\/09\/3-S.-Pantaleone-guarisce-il-paralitico.-Tela-di-G.-de-Mattia--1015x1536.jpg 1015w, https:\/\/fattidistoria.org\/wp-content\/uploads\/2021\/09\/3-S.-Pantaleone-guarisce-il-paralitico.-Tela-di-G.-de-Mattia--1353x2048.jpg 1353w, https:\/\/fattidistoria.org\/wp-content\/uploads\/2021\/09\/3-S.-Pantaleone-guarisce-il-paralitico.-Tela-di-G.-de-Mattia--1230x1861.jpg 1230w, https:\/\/fattidistoria.org\/wp-content\/uploads\/2021\/09\/3-S.-Pantaleone-guarisce-il-paralitico.-Tela-di-G.-de-Mattia-.jpg 1576w\" sizes=\"auto, (max-width: 509px) 100vw, 509px\" \/><\/a><figcaption>S.-Pantaleone-guarisce-il-paralitico.-Tela-di-G.-de-Mattia<\/figcaption><\/figure><\/div>\n\n\n\n<div class=\"wp-block-image\"><figure class=\"aligncenter size-large is-resized\"><a href=\"https:\/\/fattidistoria.org\/wp-content\/uploads\/2021\/09\/qqq.jpg\"><img loading=\"lazy\" decoding=\"async\" src=\"https:\/\/fattidistoria.org\/wp-content\/uploads\/2021\/09\/qqq-802x1024.jpg\" alt=\"S.-Pantaleone-guarisce-il-paralitico.-Tela-di-G.-de-Mattia (particolare)\" class=\"wp-image-706\" width=\"400\" height=\"510\" srcset=\"https:\/\/fattidistoria.org\/wp-content\/uploads\/2021\/09\/qqq-802x1024.jpg 802w, https:\/\/fattidistoria.org\/wp-content\/uploads\/2021\/09\/qqq-235x300.jpg 235w, https:\/\/fattidistoria.org\/wp-content\/uploads\/2021\/09\/qqq-768x980.jpg 768w, https:\/\/fattidistoria.org\/wp-content\/uploads\/2021\/09\/qqq.jpg 1056w\" sizes=\"auto, (max-width: 400px) 100vw, 400px\" \/><\/a><figcaption>S.-Pantaleone-guarisce-il-paralitico.-Tela-di-G.-de-Mattia (particolare)<\/figcaption><\/figure><\/div>\n\n\n\n<p class=\"has-black-color has-text-color\" style=\"font-size:22px\">Non ne abbiamo nessun resoconto, ma di sicuro il committente non pot\u00e9 che essere soddisfatto della tela dove si rappresentava il principale dei miracoli compiuti dal Taumaturgo di Nicomedia. Per la sua qualit\u00e0 e il suo significato, la si colloc\u00f2 al centro del presbiterio, proprio sopra all\u2019altare maggiore che allora era addossato al muro. L\u2019attenzione e la riflessione del visitatore o del fedele dovevano essere attratte da quella magnifica scena.<\/p>\n\n\n\n<div class=\"wp-block-image\"><figure class=\"aligncenter size-large is-resized\"><a href=\"https:\/\/fattidistoria.org\/wp-content\/uploads\/2021\/09\/zz.jpg\"><img loading=\"lazy\" decoding=\"async\" src=\"https:\/\/fattidistoria.org\/wp-content\/uploads\/2021\/09\/zz-1024x759.jpg\" alt=\"Anni 30. Cattedrale di Vallo. Sistemazione originaria del presbiterio, con l'altare maggiore addossato alla parete (e sotto alla tela del De Mattia)\" class=\"wp-image-707\" width=\"576\" height=\"426\" srcset=\"https:\/\/fattidistoria.org\/wp-content\/uploads\/2021\/09\/zz-1024x759.jpg 1024w, https:\/\/fattidistoria.org\/wp-content\/uploads\/2021\/09\/zz-300x222.jpg 300w, https:\/\/fattidistoria.org\/wp-content\/uploads\/2021\/09\/zz-768x569.jpg 768w, https:\/\/fattidistoria.org\/wp-content\/uploads\/2021\/09\/zz-1536x1138.jpg 1536w, https:\/\/fattidistoria.org\/wp-content\/uploads\/2021\/09\/zz-2048x1517.jpg 2048w, https:\/\/fattidistoria.org\/wp-content\/uploads\/2021\/09\/zz-1230x911.jpg 1230w\" sizes=\"auto, (max-width: 576px) 100vw, 576px\" \/><\/a><figcaption>Anni 30. Cattedrale di Vallo. Sistemazione originaria del presbiterio, con l&#8217;altare maggiore addossato alla parete (e sotto alla tela del De Mattia)<\/figcaption><\/figure><\/div>\n\n\n\n<div class=\"wp-block-image\"><figure class=\"aligncenter size-large is-resized\"><a href=\"https:\/\/fattidistoria.org\/wp-content\/uploads\/2021\/09\/asas.jpg\"><img loading=\"lazy\" decoding=\"async\" src=\"https:\/\/fattidistoria.org\/wp-content\/uploads\/2021\/09\/asas-1024x706.jpg\" alt=\"Cattedrale di Vallo. Sistemazione attuale del presbiterio. Sotto la tela del De Mattia c'\u00e8 il trono episcopale.\" class=\"wp-image-703\" width=\"581\" height=\"401\" srcset=\"https:\/\/fattidistoria.org\/wp-content\/uploads\/2021\/09\/asas-1024x706.jpg 1024w, https:\/\/fattidistoria.org\/wp-content\/uploads\/2021\/09\/asas-300x207.jpg 300w, https:\/\/fattidistoria.org\/wp-content\/uploads\/2021\/09\/asas-768x530.jpg 768w, https:\/\/fattidistoria.org\/wp-content\/uploads\/2021\/09\/asas-1536x1059.jpg 1536w, https:\/\/fattidistoria.org\/wp-content\/uploads\/2021\/09\/asas-2048x1412.jpg 2048w, https:\/\/fattidistoria.org\/wp-content\/uploads\/2021\/09\/asas-1230x848.jpg 1230w\" sizes=\"auto, (max-width: 581px) 100vw, 581px\" \/><\/a><figcaption>Cattedrale di Vallo. Sistemazione attuale del presbiterio. Sotto la tela del De Mattia c&#8217;\u00e8 il trono episcopale<\/figcaption><\/figure><\/div>\n\n\n\n<p class=\"has-black-color has-text-color\" style=\"font-size:22px\">Ma il mecenatismo del nostro reverendo non doveva essere soddisfatto, se gi\u00e0 l\u2019anno dopo troviamo un\u2019altra opera a motivo religioso da lui commissionata. Si tratta della statua della Madonna dei Martiri nell\u2019omonima chiesa di Vallo. Non ne conosciamo l\u2019autore, ma l\u2019opera appare di buon livello artistico e venne restaurata agli inizi dello scorso secolo, come chiaramente si legge alla sua base. In passato quel culto era assai vivo in paese, se ne celebrava anche la festa. La chiesetta ospita anche un altro pezzo appartenente alla storia artistica locale: l\u2019organo realizzato da Valeriano Passaro. Lo strumento risale all\u2019anno 1800 e reca la firma di quel mastro organaro cresciuto nella bottega dei Carelli e con essi imparentato. \u00c8 un gioiellino che vale la pena riscoprire.<\/p>\n\n\n\n<div class=\"wp-block-image\"><figure class=\"aligncenter size-large\"><a href=\"https:\/\/fattidistoria.org\/wp-content\/uploads\/2021\/09\/4-La-statua-della-Madonna-dei-Martiri-nella-sua-chiesa.-1844--scaled.jpeg\"><img loading=\"lazy\" decoding=\"async\" width=\"1024\" height=\"768\" src=\"https:\/\/fattidistoria.org\/wp-content\/uploads\/2021\/09\/4-La-statua-della-Madonna-dei-Martiri-nella-sua-chiesa.-1844--1024x768.jpeg\" alt=\"La statua della Madonna dei Martiri nella sua chiesa. 1844\" class=\"wp-image-699\" srcset=\"https:\/\/fattidistoria.org\/wp-content\/uploads\/2021\/09\/4-La-statua-della-Madonna-dei-Martiri-nella-sua-chiesa.-1844--1024x768.jpeg 1024w, https:\/\/fattidistoria.org\/wp-content\/uploads\/2021\/09\/4-La-statua-della-Madonna-dei-Martiri-nella-sua-chiesa.-1844--300x225.jpeg 300w, https:\/\/fattidistoria.org\/wp-content\/uploads\/2021\/09\/4-La-statua-della-Madonna-dei-Martiri-nella-sua-chiesa.-1844--768x576.jpeg 768w, https:\/\/fattidistoria.org\/wp-content\/uploads\/2021\/09\/4-La-statua-della-Madonna-dei-Martiri-nella-sua-chiesa.-1844--1536x1152.jpeg 1536w, https:\/\/fattidistoria.org\/wp-content\/uploads\/2021\/09\/4-La-statua-della-Madonna-dei-Martiri-nella-sua-chiesa.-1844--2048x1536.jpeg 2048w, https:\/\/fattidistoria.org\/wp-content\/uploads\/2021\/09\/4-La-statua-della-Madonna-dei-Martiri-nella-sua-chiesa.-1844--1230x923.jpeg 1230w, https:\/\/fattidistoria.org\/wp-content\/uploads\/2021\/09\/4-La-statua-della-Madonna-dei-Martiri-nella-sua-chiesa.-1844--480x360.jpeg 480w\" sizes=\"auto, (max-width: 1024px) 100vw, 1024px\" \/><\/a><figcaption>La statua della Madonna dei Martiri nella sua chiesa. 1844<\/figcaption><\/figure><\/div>\n\n\n\n<div class=\"wp-block-image\"><figure class=\"aligncenter size-large is-resized\"><a href=\"https:\/\/fattidistoria.org\/wp-content\/uploads\/2021\/09\/5-Iscrizione-alla-base-della-statua-della-Madonna-dei-Martiri-scaled.jpg\"><img loading=\"lazy\" decoding=\"async\" src=\"https:\/\/fattidistoria.org\/wp-content\/uploads\/2021\/09\/5-Iscrizione-alla-base-della-statua-della-Madonna-dei-Martiri-1024x768.jpg\" alt=\"Iscrizione-alla-base-della-statua-della-Madonna-dei-Martiri\" class=\"wp-image-700\" width=\"592\" height=\"444\" srcset=\"https:\/\/fattidistoria.org\/wp-content\/uploads\/2021\/09\/5-Iscrizione-alla-base-della-statua-della-Madonna-dei-Martiri-1024x768.jpg 1024w, https:\/\/fattidistoria.org\/wp-content\/uploads\/2021\/09\/5-Iscrizione-alla-base-della-statua-della-Madonna-dei-Martiri-300x225.jpg 300w, https:\/\/fattidistoria.org\/wp-content\/uploads\/2021\/09\/5-Iscrizione-alla-base-della-statua-della-Madonna-dei-Martiri-768x576.jpg 768w, https:\/\/fattidistoria.org\/wp-content\/uploads\/2021\/09\/5-Iscrizione-alla-base-della-statua-della-Madonna-dei-Martiri-1536x1152.jpg 1536w, https:\/\/fattidistoria.org\/wp-content\/uploads\/2021\/09\/5-Iscrizione-alla-base-della-statua-della-Madonna-dei-Martiri-2048x1536.jpg 2048w, https:\/\/fattidistoria.org\/wp-content\/uploads\/2021\/09\/5-Iscrizione-alla-base-della-statua-della-Madonna-dei-Martiri-1230x923.jpg 1230w, https:\/\/fattidistoria.org\/wp-content\/uploads\/2021\/09\/5-Iscrizione-alla-base-della-statua-della-Madonna-dei-Martiri-480x360.jpg 480w\" sizes=\"auto, (max-width: 592px) 100vw, 592px\" \/><\/a><figcaption>Iscrizione-alla-base-della-statua-della-Madonna-dei-Martiri<\/figcaption><\/figure><\/div>\n\n\n\n<div class=\"wp-block-image\"><figure class=\"aligncenter size-large is-resized\"><a href=\"https:\/\/fattidistoria.org\/wp-content\/uploads\/2021\/09\/6-Organo-di-Valeriano-Passaro.-1800-scaled.jpeg\"><img loading=\"lazy\" decoding=\"async\" src=\"https:\/\/fattidistoria.org\/wp-content\/uploads\/2021\/09\/6-Organo-di-Valeriano-Passaro.-1800-768x1024.jpeg\" alt=\"-Organo-di-Valeriano-Passaro.-1800-\" class=\"wp-image-701\" width=\"395\" height=\"527\" srcset=\"https:\/\/fattidistoria.org\/wp-content\/uploads\/2021\/09\/6-Organo-di-Valeriano-Passaro.-1800-768x1024.jpeg 768w, https:\/\/fattidistoria.org\/wp-content\/uploads\/2021\/09\/6-Organo-di-Valeriano-Passaro.-1800-225x300.jpeg 225w, https:\/\/fattidistoria.org\/wp-content\/uploads\/2021\/09\/6-Organo-di-Valeriano-Passaro.-1800-1152x1536.jpeg 1152w, https:\/\/fattidistoria.org\/wp-content\/uploads\/2021\/09\/6-Organo-di-Valeriano-Passaro.-1800-1536x2048.jpeg 1536w, https:\/\/fattidistoria.org\/wp-content\/uploads\/2021\/09\/6-Organo-di-Valeriano-Passaro.-1800-1230x1640.jpeg 1230w, https:\/\/fattidistoria.org\/wp-content\/uploads\/2021\/09\/6-Organo-di-Valeriano-Passaro.-1800-scaled.jpeg 1920w\" sizes=\"auto, (max-width: 395px) 100vw, 395px\" \/><\/a><figcaption>-Organo-di-Valeriano-Passaro.-1800-<\/figcaption><\/figure><\/div>\n\n\n\n<div class=\"wp-block-image\"><figure class=\"aligncenter size-large is-resized\"><a href=\"https:\/\/fattidistoria.org\/wp-content\/uploads\/2021\/09\/7-Organo-di-Valeriano-Passaro-particolare-scaled.jpeg\"><img loading=\"lazy\" decoding=\"async\" src=\"https:\/\/fattidistoria.org\/wp-content\/uploads\/2021\/09\/7-Organo-di-Valeriano-Passaro-particolare-1024x768.jpeg\" alt=\"Organo-di-Valeriano-Passaro-particolare-\" class=\"wp-image-702\" width=\"432\" height=\"324\" srcset=\"https:\/\/fattidistoria.org\/wp-content\/uploads\/2021\/09\/7-Organo-di-Valeriano-Passaro-particolare-1024x768.jpeg 1024w, https:\/\/fattidistoria.org\/wp-content\/uploads\/2021\/09\/7-Organo-di-Valeriano-Passaro-particolare-300x225.jpeg 300w, https:\/\/fattidistoria.org\/wp-content\/uploads\/2021\/09\/7-Organo-di-Valeriano-Passaro-particolare-768x576.jpeg 768w, https:\/\/fattidistoria.org\/wp-content\/uploads\/2021\/09\/7-Organo-di-Valeriano-Passaro-particolare-1536x1152.jpeg 1536w, https:\/\/fattidistoria.org\/wp-content\/uploads\/2021\/09\/7-Organo-di-Valeriano-Passaro-particolare-2048x1536.jpeg 2048w, https:\/\/fattidistoria.org\/wp-content\/uploads\/2021\/09\/7-Organo-di-Valeriano-Passaro-particolare-1230x923.jpeg 1230w, https:\/\/fattidistoria.org\/wp-content\/uploads\/2021\/09\/7-Organo-di-Valeriano-Passaro-particolare-480x360.jpeg 480w\" sizes=\"auto, (max-width: 432px) 100vw, 432px\" \/><\/a><figcaption>Organo-di-Valeriano-Passaro-particolare-<\/figcaption><\/figure><\/div>\n\n\n\n<p><\/p>\n\n\n\n<p class=\"has-black-color has-text-color\" style=\"font-size:22px\">Le nostre tracce di don Nunziato Iannotti finiscono qui, ma non ci stupiremmo se in giro ce ne fossero altre; anzi, sarebbe strano il contrario. Per mecenatismo pubblico, devozione personale, necessit\u00e0 di restauro, avr\u00e0 trovato certamente altre opere su cui intervenire o da far realizzare <em>ex novo<\/em>.<\/p>\n<div style=\"min-height: 30px;display: inline-block;\"><input id=\"708\" style=\"float: left;max-width: 50px;\" src=\"https:\/\/fattidistoria.org\/wp-content\/plugins\/wp-advanced-pdf\/asset\/images\/pdf.png\" alt=\"#TB_inline?height=230&amp;width=400&amp;inlineId=examplePopup1\" title=\"Export pdf to your Email\" class=\"thickbox export-pdf\" type=\"image\" value=\"Export to PDF\" \/><\/div>","protected":false},"excerpt":{"rendered":"<p>Domanda dagli echi manzoniani, questa che vi poniamo oggi. E in effetti di quest\u2019uomo sappiamo ben poco, se si escludono le scarne notizie forniteci dal&#8230;<\/p>\n","protected":false},"author":3,"featured_media":724,"comment_status":"open","ping_status":"open","sticky":false,"template":"","format":"standard","meta":{"footnotes":""},"categories":[7,6],"tags":[94,31,93,10,95,96,32,92,11,33,8],"class_list":["post-708","post","type-post","status-publish","format-standard","has-post-thumbnail","hentry","category-storia","category-storia-locale","tag-andrea-de-hyppolitis","tag-can-g-maiese","tag-cattedrale-di-vallo-della-lucania","tag-cilento","tag-domenico-lettieri","tag-giuseppe-de-mattia","tag-morra-manlio","tag-nunziato-iannotti","tag-parco-nazionale-del-cilento","tag-san-pantaleone","tag-vallo-della-lucania","wpcat-7-id","wpcat-6-id"],"_links":{"self":[{"href":"https:\/\/fattidistoria.org\/index.php?rest_route=\/wp\/v2\/posts\/708","targetHints":{"allow":["GET"]}}],"collection":[{"href":"https:\/\/fattidistoria.org\/index.php?rest_route=\/wp\/v2\/posts"}],"about":[{"href":"https:\/\/fattidistoria.org\/index.php?rest_route=\/wp\/v2\/types\/post"}],"author":[{"embeddable":true,"href":"https:\/\/fattidistoria.org\/index.php?rest_route=\/wp\/v2\/users\/3"}],"replies":[{"embeddable":true,"href":"https:\/\/fattidistoria.org\/index.php?rest_route=%2Fwp%2Fv2%2Fcomments&post=708"}],"version-history":[{"count":0,"href":"https:\/\/fattidistoria.org\/index.php?rest_route=\/wp\/v2\/posts\/708\/revisions"}],"wp:featuredmedia":[{"embeddable":true,"href":"https:\/\/fattidistoria.org\/index.php?rest_route=\/wp\/v2\/media\/724"}],"wp:attachment":[{"href":"https:\/\/fattidistoria.org\/index.php?rest_route=%2Fwp%2Fv2%2Fmedia&parent=708"}],"wp:term":[{"taxonomy":"category","embeddable":true,"href":"https:\/\/fattidistoria.org\/index.php?rest_route=%2Fwp%2Fv2%2Fcategories&post=708"},{"taxonomy":"post_tag","embeddable":true,"href":"https:\/\/fattidistoria.org\/index.php?rest_route=%2Fwp%2Fv2%2Ftags&post=708"}],"curies":[{"name":"wp","href":"https:\/\/api.w.org\/{rel}","templated":true}]}}