{"id":792,"date":"2021-12-04T16:30:19","date_gmt":"2021-12-04T16:30:19","guid":{"rendered":"https:\/\/fattidistoria.org\/?p=792"},"modified":"2021-12-04T16:43:41","modified_gmt":"2021-12-04T16:43:41","slug":"quando-tre-vescovi-resero-omaggio-alla-figura-di-don-enrico-nicodemo","status":"publish","type":"post","link":"https:\/\/fattidistoria.org\/?p=792","title":{"rendered":"Quando tre vescovi resero omaggio alla figura di don Enrico Nicodemo"},"content":{"rendered":"\n<p class=\"has-black-color has-text-color\" style=\"font-size:22px\">Esattamente due anni fa, presentavamo qui a Vallo il mio lavoro sul <strong>sacerdote Enrico Nicodemo<\/strong>. In un freddo pomeriggio di inizio dicembre (per l\u2019esattezza, il 9), nell\u2019Aula consiliare sita nel Palazzo della Cultura (per una singolare coincidenza, in via Mons. Nicodemo), tre relatori d\u2019eccezione onoravano me e tutto il pubblico, ma soprattutto la memoria di don Enrico, con la loro partecipe presenza. Si trattava di tre vescovi: il \u201cnostro\u201d <strong>mons. Ciro Miniero<\/strong>, l\u2019ordinario della confinante diocesi di Teggiano-Policastro, <strong>mons. Antonio De Luca<\/strong>, e l\u2019arcivescovo della diocesi di Bari-Bitonto, <strong>mons. Francesco Cacucci<\/strong>.<\/p>\n\n\n\n<p class=\"has-black-color has-text-color\" style=\"font-size:22px\">L\u2019insolito trio di presuli non era l\u00ec per un qualche rito religioso o di altro genere, ma a rappresentare ciascuno un pezzo della storia umana ed ecclesiale di don Nicodemo: <strong>le origini a Tortorella<\/strong>, in diocesi di Policastro; <strong>la formazione nella diocesi di Capaccio-Vallo<\/strong>; <strong>l\u2019episcopato nell\u2019arcidiocesi di Bari<\/strong>. Da qui il particolare significato della presenza di ognuno di essi e del gruppo nel suo insieme, simboli delle singole tappe di una vita \u2013 Tortorella, Vallo, Bari \u2013 e dell\u2019intero percorso, dal sacerdozio all\u2019episcopato.<\/p>\n\n\n\n<p class=\"has-black-color has-text-color\" style=\"font-size:22px\">L\u2019ospite pi\u00f9 prestigioso, e anche quello proveniente da pi\u00f9 lontano, era mons. Cacucci, nel 2019 ancora sulla cattedra di san Nicola, particolarmente coinvolto nell\u2019iniziativa di ricordare la figura di don Nicodemo perch\u00e9 si trattava del vescovo che, nel lontano \u201966, lo aveva ordinato sacerdote, seguendolo poi nei primi anni del suo ministero, coincidenti con la difficile fase dell\u2019immediato postconcilio. Dunque, lui pi\u00f9 degli altri era interessato a scoprire la formazione di quel vescovo, le radici del suo vescovo consacrante.<\/p>\n\n\n\n<div class=\"wp-block-image\"><figure class=\"aligncenter size-large is-resized\"><a href=\"https:\/\/fattidistoria.org\/wp-content\/uploads\/2021\/12\/1-Il-convegno-del-9-dicembre-2019-scaled.jpg\"><img loading=\"lazy\" decoding=\"async\" src=\"https:\/\/fattidistoria.org\/wp-content\/uploads\/2021\/12\/1-Il-convegno-del-9-dicembre-2019-1024x683.jpg\" alt=\"Il convegno del 9 dicembre 2019\" class=\"wp-image-781\" width=\"772\" height=\"515\" srcset=\"https:\/\/fattidistoria.org\/wp-content\/uploads\/2021\/12\/1-Il-convegno-del-9-dicembre-2019-1024x683.jpg 1024w, https:\/\/fattidistoria.org\/wp-content\/uploads\/2021\/12\/1-Il-convegno-del-9-dicembre-2019-300x200.jpg 300w, https:\/\/fattidistoria.org\/wp-content\/uploads\/2021\/12\/1-Il-convegno-del-9-dicembre-2019-768x512.jpg 768w, https:\/\/fattidistoria.org\/wp-content\/uploads\/2021\/12\/1-Il-convegno-del-9-dicembre-2019-1536x1024.jpg 1536w, https:\/\/fattidistoria.org\/wp-content\/uploads\/2021\/12\/1-Il-convegno-del-9-dicembre-2019-2048x1365.jpg 2048w, https:\/\/fattidistoria.org\/wp-content\/uploads\/2021\/12\/1-Il-convegno-del-9-dicembre-2019-1230x820.jpg 1230w\" sizes=\"auto, (max-width: 772px) 100vw, 772px\" \/><\/a><figcaption> Il convegno del 9 dicembre 2019<\/figcaption><\/figure><\/div>\n\n\n\n<div class=\"wp-block-image\"><figure class=\"alignleft size-large is-resized\"><a href=\"https:\/\/fattidistoria.org\/wp-content\/uploads\/2021\/12\/2-Momenti-del-convegno-scaled.jpg\"><img loading=\"lazy\" decoding=\"async\" src=\"https:\/\/fattidistoria.org\/wp-content\/uploads\/2021\/12\/2-Momenti-del-convegno-1024x683.jpg\" alt=\"Momenti del convegno\" class=\"wp-image-782\" width=\"321\" height=\"214\" srcset=\"https:\/\/fattidistoria.org\/wp-content\/uploads\/2021\/12\/2-Momenti-del-convegno-1024x683.jpg 1024w, https:\/\/fattidistoria.org\/wp-content\/uploads\/2021\/12\/2-Momenti-del-convegno-300x200.jpg 300w, https:\/\/fattidistoria.org\/wp-content\/uploads\/2021\/12\/2-Momenti-del-convegno-768x512.jpg 768w, https:\/\/fattidistoria.org\/wp-content\/uploads\/2021\/12\/2-Momenti-del-convegno-1536x1024.jpg 1536w, https:\/\/fattidistoria.org\/wp-content\/uploads\/2021\/12\/2-Momenti-del-convegno-2048x1365.jpg 2048w, https:\/\/fattidistoria.org\/wp-content\/uploads\/2021\/12\/2-Momenti-del-convegno-1230x820.jpg 1230w\" sizes=\"auto, (max-width: 321px) 100vw, 321px\" \/><\/a><figcaption> Momenti del convegno<\/figcaption><\/figure><\/div>\n\n\n\n<div class=\"wp-block-image\"><figure class=\"alignright size-large is-resized\"><a href=\"https:\/\/fattidistoria.org\/wp-content\/uploads\/2021\/12\/3-Momenti-del-convegno-scaled.jpg\"><img loading=\"lazy\" decoding=\"async\" src=\"https:\/\/fattidistoria.org\/wp-content\/uploads\/2021\/12\/3-Momenti-del-convegno-1024x683.jpg\" alt=\"Momenti del convegno\" class=\"wp-image-783\" width=\"311\" height=\"207\" srcset=\"https:\/\/fattidistoria.org\/wp-content\/uploads\/2021\/12\/3-Momenti-del-convegno-1024x683.jpg 1024w, https:\/\/fattidistoria.org\/wp-content\/uploads\/2021\/12\/3-Momenti-del-convegno-300x200.jpg 300w, https:\/\/fattidistoria.org\/wp-content\/uploads\/2021\/12\/3-Momenti-del-convegno-768x512.jpg 768w, https:\/\/fattidistoria.org\/wp-content\/uploads\/2021\/12\/3-Momenti-del-convegno-1536x1024.jpg 1536w, https:\/\/fattidistoria.org\/wp-content\/uploads\/2021\/12\/3-Momenti-del-convegno-2048x1365.jpg 2048w, https:\/\/fattidistoria.org\/wp-content\/uploads\/2021\/12\/3-Momenti-del-convegno-1230x820.jpg 1230w\" sizes=\"auto, (max-width: 311px) 100vw, 311px\" \/><\/a><figcaption> Momenti del convegno<\/figcaption><\/figure><\/div>\n\n\n\n<div class=\"wp-block-image\"><figure class=\"aligncenter size-large is-resized\"><a href=\"https:\/\/fattidistoria.org\/wp-content\/uploads\/2021\/12\/4-A-sin.-mons.-De-Luca-al-centro-mons.-Cacucci-a-des.-mons.-Miniero.jpg\"><img loading=\"lazy\" decoding=\"async\" src=\"https:\/\/fattidistoria.org\/wp-content\/uploads\/2021\/12\/4-A-sin.-mons.-De-Luca-al-centro-mons.-Cacucci-a-des.-mons.-Miniero-1024x589.jpg\" alt=\"A sin., mons. De Luca, al centro, mons. Cacucci, a des., mons. Miniero\" class=\"wp-image-784\" width=\"794\" height=\"457\" srcset=\"https:\/\/fattidistoria.org\/wp-content\/uploads\/2021\/12\/4-A-sin.-mons.-De-Luca-al-centro-mons.-Cacucci-a-des.-mons.-Miniero-1024x589.jpg 1024w, https:\/\/fattidistoria.org\/wp-content\/uploads\/2021\/12\/4-A-sin.-mons.-De-Luca-al-centro-mons.-Cacucci-a-des.-mons.-Miniero-300x173.jpg 300w, https:\/\/fattidistoria.org\/wp-content\/uploads\/2021\/12\/4-A-sin.-mons.-De-Luca-al-centro-mons.-Cacucci-a-des.-mons.-Miniero-768x442.jpg 768w, https:\/\/fattidistoria.org\/wp-content\/uploads\/2021\/12\/4-A-sin.-mons.-De-Luca-al-centro-mons.-Cacucci-a-des.-mons.-Miniero.jpg 1080w\" sizes=\"auto, (max-width: 794px) 100vw, 794px\" \/><\/a><figcaption> A sin., mons. De Luca, al centro, mons. Cacucci, a des., mons. Miniero<\/figcaption><\/figure><\/div>\n\n\n\n<p class=\"has-black-color has-text-color\" style=\"font-size:22px\">Ma chi \u00e8 Enrico Nicodemo? Perch\u00e9 ancora oggi ci interessa la sua figura, al punto che la curiosit\u00e0 di mons. Cacucci pu\u00f2 dirsi anche la nostra?<\/p>\n\n\n\n<p class=\"has-black-color has-text-color\" style=\"font-size:22px\">Per capirlo, dobbiamo riportarci a quell\u20198 aprile del 1945, quando, mentre la guerra in Europa volge al termine, in una cattedrale di Vallo tutta bardata a festa si svolge la solenne cerimonia per la consacrazione episcopale del vicario generale del vescovo diocesano Raffaele De Giuli, da quindici anni teologo del capitolo di quella stessa cattedrale. L\u2019uomo in questione \u00e8 proprio don Enrico e l\u2019evento, che coinvolge l\u2019intera cittadina rappresentando simbolicamente un po\u2019 la sua uscita da quel conflitto, o almeno l\u2019inizio della rinascita postbellica, \u00e8 raffigurato in <strong>un bel quadro del pittore locale Giannino Fatigati, testimone oculare della cerimonia<\/strong>.<\/p>\n\n\n\n<p class=\"has-black-color has-text-color\" style=\"font-size:22px\">Lo vedete qua sotto. L\u2019opera consente di ammirare il tratto vivace e realistico dell\u2019allora giovane Fatigati, al contempo testimone e interprete di un evento che sa essere importante per l\u2019ambiente vallese e per quel sacerdote non ancora quarantenne. Egli offre un\u2019efficace e suggestiva istantanea di quella cerimonia; immortalandola per i posteri, permette anche a noi di essere presenti a quella giornata.<\/p>\n\n\n\n<div class=\"wp-block-image\"><figure class=\"aligncenter size-full is-resized\"><a href=\"https:\/\/fattidistoria.org\/wp-content\/uploads\/2021\/12\/5-Consacrazione-episcopale-di-mons.-Nicodemo-8-aprile-1945-G.-Fatigati-Olio-su-tavola-cm-43-x-33.jpg\"><img loading=\"lazy\" decoding=\"async\" src=\"https:\/\/fattidistoria.org\/wp-content\/uploads\/2021\/12\/5-Consacrazione-episcopale-di-mons.-Nicodemo-8-aprile-1945-G.-Fatigati-Olio-su-tavola-cm-43-x-33.jpg\" alt=\"A sin., mons. De Luca, al centro, mons. Cacucci, a des., mons. Miniero\" class=\"wp-image-785\" width=\"391\" height=\"516\" srcset=\"https:\/\/fattidistoria.org\/wp-content\/uploads\/2021\/12\/5-Consacrazione-episcopale-di-mons.-Nicodemo-8-aprile-1945-G.-Fatigati-Olio-su-tavola-cm-43-x-33.jpg 700w, https:\/\/fattidistoria.org\/wp-content\/uploads\/2021\/12\/5-Consacrazione-episcopale-di-mons.-Nicodemo-8-aprile-1945-G.-Fatigati-Olio-su-tavola-cm-43-x-33-227x300.jpg 227w\" sizes=\"auto, (max-width: 391px) 100vw, 391px\" \/><\/a><figcaption>Consacrazione episcopale di mons. Nicodemo, 8 aprile 1945 &#8211; (G. Fatigati, Olio su tavola, cm 43 x 33)<\/figcaption><\/figure><\/div>\n\n\n\n<p class=\"has-black-color has-text-color\" style=\"font-size:22px\">Enrico Nicodemo arrivava a quella consacrazione dopo aver operato in diocesi per quasi vent\u2019anni. Era, infatti, diventato sacerdote nell\u2019estate del 1928, ordinato da mons. Cammarota in quella stessa cattedrale. Aveva subito mostrato le sue non comuni doti culturali e organizzative divenendo, gi\u00e0 l\u2019anno dopo, teologo della cattedrale, successore del <strong>can. Giuseppe di Vietri<\/strong>, morto prematuramente nel giugno 1926.<\/p>\n\n\n\n<p class=\"has-black-color has-text-color\" style=\"font-size:22px\">In pochi anni, aveva rivestito vari ruoli e cumulato diverse cariche. Era stato il responsabile dell\u2019ufficio catechistico diocesano, l\u2019assistente ecclesiastico della giunta di Azione Cattolica, il direttore del <em>Bollettino Diocesano<\/em> edito dalla curia, il primo titolare della cattedra di religione nel ginnasio \u201cParmenide\u201d di Vallo dopo la Conciliazione. Insegnamento mantenuta anche nel \u201935 con l\u2019istituzione del liceo. Efficace nella predicazione e in generale nella spiegazione delle Scritture, aveva anche insegnato il greco nelle classi ginnasiali del locale seminario. I due vescovi succedutisi in quegli anni \u2013 <strong>Francesco Cammarota<\/strong> e <strong>Raffaele De Giuli<\/strong> \u2013 gli avevano dato piena fiducia, per il rigore, la preparazione e l\u2019efficienza operativa. Era cos\u00ec diventato Delegato generale del primo, dal 1933 al \u201935, e Vicario del secondo, dal 1940 e per tutti i difficili anni della guerra. Nella gestione degli uffici e degli affari curiali aveva dimostrato precisione e capacit\u00e0 decisionali nonostante la giovane et\u00e0 (era nato nel 1906), apparendo quasi come un vescovo.<\/p>\n\n\n\n<p class=\"has-black-color has-text-color\" style=\"font-size:22px\">In sostanza, don Enrico era subito diventato protagonista della vita pastorale della diocesi di Capaccio-Vallo (dalla fine del \u201945, denominata di \u201cVallo della Lucania\u201d) e, fino alla morte di Cammarota \u2013 nel \u201935 \u2013 anche di quella di Policastro. Le linee direttrici di quella pastorale erano incentrate sulla definitiva applicazione del modello tridentino a una diocesi ancora refrattaria \u2013 sia nei sui sacerdoti che nelle numerosissime comunit\u00e0 di fedeli \u2013 alle disposizioni normative e organizzative del vescovo.<\/p>\n\n\n\n<p class=\"has-black-color has-text-color\" style=\"font-size:22px\">Nicodemo si era impegnato, in particolare, nell\u2019opera di riforma della piet\u00e0 popolare. Ai suoi occhi di teologo, il modo col quale i fedeli locali mostravano e vivevano la loro religiosit\u00e0 era troppo legato alle forme della tradizione, quindi materialistico, sentimentale, inutilmente chiassoso, espressione di una fede superficiale, tutta esteriore e poco interiorizzata, venata di superstizione e, non di rado, di elementi di paganesimo. <strong>L\u2019obiettivo, per lui, era stato fin dall\u2019inizio quello di trasformare i \u201cfedeli per tradizione\u201d in \u201cfedeli per convinzione\u201d.<\/strong> Gli strumenti per farlo erano costituiti dalla diffusione capillare in ogni parrocchia, e in ogni ambiente sociale, dell\u2019insegnamento catechistico, per garantire la vera conoscenza della fede, e la nascita in ogni comunit\u00e0 dei gruppi dell\u2019Azione Cattolica, ritenuti in grado di rompere il clima religioso della parrocchia, tradizionalistico e retrivo, legato agli interessi locali dei notabili e dello stesso clero.<\/p>\n\n\n\n<div class=\"wp-block-image\"><figure class=\"alignleft size-large is-resized\"><a href=\"https:\/\/fattidistoria.org\/wp-content\/uploads\/2021\/12\/6-Don-Enrico-Nicodemo-alla-fine-degli-anni-20-Foto-L.-Tancredi-Luci-di-unanima...-Cantelmi-Salerno-1990.jpg\"><img loading=\"lazy\" decoding=\"async\" src=\"https:\/\/fattidistoria.org\/wp-content\/uploads\/2021\/12\/6-Don-Enrico-Nicodemo-alla-fine-degli-anni-20-Foto-L.-Tancredi-Luci-di-unanima...-Cantelmi-Salerno-1990-720x1024.jpg\" alt=\"Don Enrico Nicodemo alla fine degli anni '20 - (Foto L. Tancredi, Luci di un'anima..., Cantelmi, Salerno, 1990)\" class=\"wp-image-786\" width=\"342\" height=\"486\" srcset=\"https:\/\/fattidistoria.org\/wp-content\/uploads\/2021\/12\/6-Don-Enrico-Nicodemo-alla-fine-degli-anni-20-Foto-L.-Tancredi-Luci-di-unanima...-Cantelmi-Salerno-1990-720x1024.jpg 720w, https:\/\/fattidistoria.org\/wp-content\/uploads\/2021\/12\/6-Don-Enrico-Nicodemo-alla-fine-degli-anni-20-Foto-L.-Tancredi-Luci-di-unanima...-Cantelmi-Salerno-1990-211x300.jpg 211w, https:\/\/fattidistoria.org\/wp-content\/uploads\/2021\/12\/6-Don-Enrico-Nicodemo-alla-fine-degli-anni-20-Foto-L.-Tancredi-Luci-di-unanima...-Cantelmi-Salerno-1990-768x1092.jpg 768w, https:\/\/fattidistoria.org\/wp-content\/uploads\/2021\/12\/6-Don-Enrico-Nicodemo-alla-fine-degli-anni-20-Foto-L.-Tancredi-Luci-di-unanima...-Cantelmi-Salerno-1990-1081x1536.jpg 1081w, https:\/\/fattidistoria.org\/wp-content\/uploads\/2021\/12\/6-Don-Enrico-Nicodemo-alla-fine-degli-anni-20-Foto-L.-Tancredi-Luci-di-unanima...-Cantelmi-Salerno-1990-1441x2048.jpg 1441w, https:\/\/fattidistoria.org\/wp-content\/uploads\/2021\/12\/6-Don-Enrico-Nicodemo-alla-fine-degli-anni-20-Foto-L.-Tancredi-Luci-di-unanima...-Cantelmi-Salerno-1990-1230x1748.jpg 1230w, https:\/\/fattidistoria.org\/wp-content\/uploads\/2021\/12\/6-Don-Enrico-Nicodemo-alla-fine-degli-anni-20-Foto-L.-Tancredi-Luci-di-unanima...-Cantelmi-Salerno-1990.jpg 1728w\" sizes=\"auto, (max-width: 342px) 100vw, 342px\" \/><\/a><figcaption> Don Enrico Nicodemo alla fine degli anni &#8217;20 &#8211; (Foto L. Tancredi, Luci di un&#8217;anima&#8230;, Cantelmi, Salerno, 1990)<\/figcaption><\/figure><\/div>\n\n\n\n<p class=\"has-black-color has-text-color\" style=\"font-size:22px\">Queste convinzioni avevano portato il teologo a un incessante impegno nel campo dell\u2019apostolato dei laici. Dopo la crisi del \u201931 tra il regime e la chiesa, causata proprio dall\u2019Azione Cattolica, Nicodemo aveva assunto l\u2019incarico di assistente della giunta di AC, ponendosi alla guida dell\u2019azione di sviluppo di questa forma di apostolato nelle diocesi di Capaccio-Vallo e di Policastro. Questo aveva consentito all\u2019AC locale di rinascere e diffondersi in gran parte delle parrocchie, radicandosi nell\u2019intero territorio diocesano. Il successo era dovuto anche ad altri protagonisti e ad alcuni importanti collaboratori del giovane teologo, come <strong>don Pietro Guglielmotti<\/strong>, <strong>don Francesco Signorelli<\/strong> e <strong>don Fulvio Parente<\/strong>. Tutti giovani come lui e convinti della validit\u00e0 di quella forma di apostolato laicale che era l\u2019unica consentita \u2013 meglio, \u201ctollerata\u201d \u2013 dal regime fascista. Non minore era stato l\u2019apporto dei laici nel dirigere il movimento in diocesi, tra cui spiccano nomi come <strong>l\u2019avv. Mario Di Dario<\/strong>, il <strong>dottor Guglielmo Caporale<\/strong> e il giovane <strong>Mario Valiante<\/strong>. L\u2019esperienza dell\u2019Azione Cattolica era stata cos\u00ec, negli anni Trenta e anche nel periodo del conflitto, una delle pi\u00f9 significative in ambito ecclesiale e sociale. Da essa il movimento laicale avrebbe tratto vigore anche nel dopoguerra.<\/p>\n\n\n\n<p class=\"has-black-color has-text-color\" style=\"font-size:22px\">Si pu\u00f2 ben dire che il giovane Nicodemo, seguendo le convinzioni pastorali dei suoi vescovi e aggiungendovi le proprie insieme a una buona dose di impegno organizzativo, sia stato \u201c<strong>l\u2019uomo dell\u2019Azione Cattolica<\/strong>\u201d. Lo testimoniano le decine di associazioni, soprattutto giovanili, nate in quegli anni anche nelle parrocchie pi\u00f9 piccole e disagiate, oltre alle numerose attivit\u00e0 sociali svolte nei vari paesi e agli incontri con responsabili e propagandisti nazionali. Basti pensare che, nella seconda met\u00e0 del decennio, si contavano pi\u00f9 di 40 associazioni di <strong>Giovent\u00f9 Femminile<\/strong> e circa 20 di Giovent\u00f9 Maschile, quella che allora si chiamava in <strong>sigla GIAC (Giovent\u00f9 Italiana di Azione Cattolica)<\/strong>, con oltre 2000 soci.<\/p>\n\n\n\n<div class=\"wp-block-image\"><figure class=\"alignleft size-large is-resized\"><a href=\"https:\/\/fattidistoria.org\/wp-content\/uploads\/2021\/12\/7-Policastro-1935.-Corso-per-dirigenti-G.F.-e-D.C.-Tra-i-seduti-al-centro-mons.-Cammarota-a-des.-d.-E.-Nicodemo-a-sin.-don-B.-DAgostino.jpg\"><img loading=\"lazy\" decoding=\"async\" src=\"https:\/\/fattidistoria.org\/wp-content\/uploads\/2021\/12\/7-Policastro-1935.-Corso-per-dirigenti-G.F.-e-D.C.-Tra-i-seduti-al-centro-mons.-Cammarota-a-des.-d.-E.-Nicodemo-a-sin.-don-B.-DAgostino-1024x837.jpg\" alt=\"Policastro, 1935. Corso per dirigenti G.F. e D.C. - Tra i seduti, al centro, mons. Cammarota, a des., d. E. Nicodemo, a sin., don B. D'Agostino\" class=\"wp-image-787\" width=\"313\" height=\"255\" srcset=\"https:\/\/fattidistoria.org\/wp-content\/uploads\/2021\/12\/7-Policastro-1935.-Corso-per-dirigenti-G.F.-e-D.C.-Tra-i-seduti-al-centro-mons.-Cammarota-a-des.-d.-E.-Nicodemo-a-sin.-don-B.-DAgostino-1024x837.jpg 1024w, https:\/\/fattidistoria.org\/wp-content\/uploads\/2021\/12\/7-Policastro-1935.-Corso-per-dirigenti-G.F.-e-D.C.-Tra-i-seduti-al-centro-mons.-Cammarota-a-des.-d.-E.-Nicodemo-a-sin.-don-B.-DAgostino-300x245.jpg 300w, https:\/\/fattidistoria.org\/wp-content\/uploads\/2021\/12\/7-Policastro-1935.-Corso-per-dirigenti-G.F.-e-D.C.-Tra-i-seduti-al-centro-mons.-Cammarota-a-des.-d.-E.-Nicodemo-a-sin.-don-B.-DAgostino-768x628.jpg 768w, https:\/\/fattidistoria.org\/wp-content\/uploads\/2021\/12\/7-Policastro-1935.-Corso-per-dirigenti-G.F.-e-D.C.-Tra-i-seduti-al-centro-mons.-Cammarota-a-des.-d.-E.-Nicodemo-a-sin.-don-B.-DAgostino-1536x1255.jpg 1536w, https:\/\/fattidistoria.org\/wp-content\/uploads\/2021\/12\/7-Policastro-1935.-Corso-per-dirigenti-G.F.-e-D.C.-Tra-i-seduti-al-centro-mons.-Cammarota-a-des.-d.-E.-Nicodemo-a-sin.-don-B.-DAgostino-2048x1674.jpg 2048w, https:\/\/fattidistoria.org\/wp-content\/uploads\/2021\/12\/7-Policastro-1935.-Corso-per-dirigenti-G.F.-e-D.C.-Tra-i-seduti-al-centro-mons.-Cammarota-a-des.-d.-E.-Nicodemo-a-sin.-don-B.-DAgostino-1230x1005.jpg 1230w\" sizes=\"auto, (max-width: 313px) 100vw, 313px\" \/><\/a><figcaption>Policastro, 1935. Corso per dirigenti G.F. e D.C. &#8211; Tra i seduti, al centro, mons. Cammarota, a des., d. E. Nicodemo, a sin., don B. D&#8217;Agostino<\/figcaption><\/figure><\/div>\n\n\n\n<div class=\"wp-block-image\"><figure class=\"alignright size-large is-resized\"><a href=\"https:\/\/fattidistoria.org\/wp-content\/uploads\/2021\/12\/8-Maggio-37.-25\u00b0-dellincoronazione-della-Vergine-del-Granato-di-Capaccio.-Seduti-al-centro-card.-Ascalesi-a-sin.-De-Giuli-a-des.-F.-Guazzo.-Nicodemo-il-primo-in-piedi-a-sinistra-Foto-A.-Ragni.jpg\"><img loading=\"lazy\" decoding=\"async\" src=\"https:\/\/fattidistoria.org\/wp-content\/uploads\/2021\/12\/8-Maggio-37.-25\u00b0-dellincoronazione-della-Vergine-del-Granato-di-Capaccio.-Seduti-al-centro-card.-Ascalesi-a-sin.-De-Giuli-a-des.-F.-Guazzo.-Nicodemo-il-primo-in-piedi-a-sinistra-Foto-A.-Ragni-1024x643.jpg\" alt=\"Maggio '37. 25\u00b0 dell'incoronazione della Vergine del Granato di Capaccio. Seduti, al centro, card. Ascalesi, a sin., De Giuli, a des., F. Guazzo. Nicodemo, il primo in piedi a sinistra (Foto A. Ragni)\" class=\"wp-image-788\" width=\"333\" height=\"210\" srcset=\"https:\/\/fattidistoria.org\/wp-content\/uploads\/2021\/12\/8-Maggio-37.-25\u00b0-dellincoronazione-della-Vergine-del-Granato-di-Capaccio.-Seduti-al-centro-card.-Ascalesi-a-sin.-De-Giuli-a-des.-F.-Guazzo.-Nicodemo-il-primo-in-piedi-a-sinistra-Foto-A.-Ragni-1024x643.jpg 1024w, https:\/\/fattidistoria.org\/wp-content\/uploads\/2021\/12\/8-Maggio-37.-25\u00b0-dellincoronazione-della-Vergine-del-Granato-di-Capaccio.-Seduti-al-centro-card.-Ascalesi-a-sin.-De-Giuli-a-des.-F.-Guazzo.-Nicodemo-il-primo-in-piedi-a-sinistra-Foto-A.-Ragni-300x188.jpg 300w, https:\/\/fattidistoria.org\/wp-content\/uploads\/2021\/12\/8-Maggio-37.-25\u00b0-dellincoronazione-della-Vergine-del-Granato-di-Capaccio.-Seduti-al-centro-card.-Ascalesi-a-sin.-De-Giuli-a-des.-F.-Guazzo.-Nicodemo-il-primo-in-piedi-a-sinistra-Foto-A.-Ragni-768x482.jpg 768w, https:\/\/fattidistoria.org\/wp-content\/uploads\/2021\/12\/8-Maggio-37.-25\u00b0-dellincoronazione-della-Vergine-del-Granato-di-Capaccio.-Seduti-al-centro-card.-Ascalesi-a-sin.-De-Giuli-a-des.-F.-Guazzo.-Nicodemo-il-primo-in-piedi-a-sinistra-Foto-A.-Ragni-1536x964.jpg 1536w, https:\/\/fattidistoria.org\/wp-content\/uploads\/2021\/12\/8-Maggio-37.-25\u00b0-dellincoronazione-della-Vergine-del-Granato-di-Capaccio.-Seduti-al-centro-card.-Ascalesi-a-sin.-De-Giuli-a-des.-F.-Guazzo.-Nicodemo-il-primo-in-piedi-a-sinistra-Foto-A.-Ragni-1230x772.jpg 1230w, https:\/\/fattidistoria.org\/wp-content\/uploads\/2021\/12\/8-Maggio-37.-25\u00b0-dellincoronazione-della-Vergine-del-Granato-di-Capaccio.-Seduti-al-centro-card.-Ascalesi-a-sin.-De-Giuli-a-des.-F.-Guazzo.-Nicodemo-il-primo-in-piedi-a-sinistra-Foto-A.-Ragni.jpg 1548w\" sizes=\"auto, (max-width: 333px) 100vw, 333px\" \/><\/a><figcaption> Maggio &#8217;37. 25\u00b0 dell&#8217;incoronazione della Vergine del Granato di Capaccio. Seduti, al centro, card. Ascalesi, a sin., De Giuli, a des., F. Guazzo. Nicodemo, il primo in piedi a sinistra (Foto A. Ragni)<\/figcaption><\/figure><\/div>\n\n\n\n<div class=\"wp-block-image\"><figure class=\"aligncenter size-full\"><a href=\"https:\/\/fattidistoria.org\/wp-content\/uploads\/2021\/12\/9-Prime-comunioni-a-Capaccio.-1940-ca.-Nicodemo-al-centro-tra-mons.-F.-Guazzo-a-sin.-e-mons.-G.-Guazzo-a-destra.-Foto-A.-Ragni.jpg\"><img loading=\"lazy\" decoding=\"async\" width=\"600\" height=\"386\" src=\"https:\/\/fattidistoria.org\/wp-content\/uploads\/2021\/12\/9-Prime-comunioni-a-Capaccio.-1940-ca.-Nicodemo-al-centro-tra-mons.-F.-Guazzo-a-sin.-e-mons.-G.-Guazzo-a-destra.-Foto-A.-Ragni.jpg\" alt=\"Prime comunioni a Capaccio. 1940 ca. Nicodemo, al centro, tra mons. F. Guazzo, a sin., e mons. G. Guazzo, a destra. (Foto A. Ragni)\" class=\"wp-image-789\" srcset=\"https:\/\/fattidistoria.org\/wp-content\/uploads\/2021\/12\/9-Prime-comunioni-a-Capaccio.-1940-ca.-Nicodemo-al-centro-tra-mons.-F.-Guazzo-a-sin.-e-mons.-G.-Guazzo-a-destra.-Foto-A.-Ragni.jpg 600w, https:\/\/fattidistoria.org\/wp-content\/uploads\/2021\/12\/9-Prime-comunioni-a-Capaccio.-1940-ca.-Nicodemo-al-centro-tra-mons.-F.-Guazzo-a-sin.-e-mons.-G.-Guazzo-a-destra.-Foto-A.-Ragni-300x193.jpg 300w\" sizes=\"auto, (max-width: 600px) 100vw, 600px\" \/><\/a><figcaption>Prime comunioni a Capaccio. 1940 ca. Nicodemo, al centro, tra mons. F. Guazzo, a sin., e mons. G. Guazzo, a destra. (Foto A. Ragni)<\/figcaption><\/figure><\/div>\n\n\n\n<p class=\"has-black-color has-text-color\" style=\"font-size:22px\">Ricca di tante esperienze, la lunga attivit\u00e0 sacerdotale in diocesi di don Enrico costituisce il periodo in cui consolida la sua formazione umana e spirituale, quello in cui in sostanza si prepara all\u2019episcopato. A ragione disse un altro vescovo di Vallo, <strong>mons. D\u2019Agostino<\/strong>, nel \u201973, commemorandolo a un mese dalla scomparsa, che <strong>la diocesi di Capaccio-Vallo era stata la \u201cculla del suo episcopato\u201d<\/strong>. E una culla, aggiungiamo noi, nella quale aveva lavorato instancabilmente e dove era stato amato \u2013 per cultura, capacit\u00e0, spirito organizzativo \u2013 ma anche temuto, se non odiato, per il rigore spesso inflessibile e una certa rigidit\u00e0 caratteriale legata anche alla seriet\u00e0 con cui assumeva e teneva i suoi incarichi ecclesiali.<\/p>\n\n\n\n<p class=\"has-black-color has-text-color\" style=\"font-size:22px\">Annunciandone la nomina, a gennaio del \u201945, il vescovo diocesano ne sottoline\u00f2 la cultura, l\u2019esperienza e la fedelt\u00e0, aggiungendo che si trattava di un \u201cconfratello a cui abbiamo sempre riserbato cordiale e sincera stima per l\u2019integrit\u00e0 della vita, per l\u2019esemplare piet\u00e0, per la vasta dottrina, per lo zelo indefesso, per il sicuro prestigio anche nel mondo laico\u201d.<\/p>\n\n\n\n<p class=\"has-black-color has-text-color\" style=\"font-size:22px\">La stima di De Giuli era sincera. Da l\u00ec a qualche mese sarebbe stato proprio lui il vescovo consacrante nella cerimonia in cattedrale dell\u20198 aprile, <strong>assistito dai vescovi di Policastro, Federico Pezzullo, e di Cava e Sarno, Francesco Marchesani<\/strong>.<\/p>\n\n\n\n<p class=\"has-black-color has-text-color\" style=\"font-size:22px\">Molti dei contenuti della pastorale del Nicodemo vescovo, sia a Mileto \u2013 fino al \u201952 \u2013 sia a Bari \u2013 nei successivi vent\u2019anni \u2013, hanno in questo periodo le loro radici. Lo testimoniano il rilievo dato all\u2019insegnamento catechistico, all\u2019Azione Cattolica, alla riforma della piet\u00e0 popolare e della presenza dei laici nella Chiesa e nella societ\u00e0. Ma nei trent\u2019anni di episcopato, il \u201cnostro\u201d Nicodemo avrebbe assunto incarichi di rilievo nazionale e non solo, divenendo una figura di notevole prestigio nell\u2019episcopato italiano, ascoltato e considerato da non pochi dei suoi confratelli, collaborando a lungo col cardinale Siri. Tra questi incarichi, dal \u201955 fu membro della Commissione episcopale per l\u2019alta direzione dell\u2019Azione Cattolica Italiana; dal \u201957 fu Vicepresidente del Comitato per le settimane sociali dei cattolici d\u2019Italia<strong>; dal \u201966 fu Vicepresidente della Conferenza Episcopale Italiana<\/strong> (forse l\u2019incarico pi\u00f9 importante, anche per il rilievo che la CEI andava assumendo nel postconcilio). Nel \u201967 venne eletto al Sinodo dei vescovi in rappresentanza dell\u2019episcopato italiano.<\/p>\n\n\n\n<p class=\"has-black-color has-text-color\" style=\"font-size:22px\">Anche <strong>il Concilio Vaticano II<\/strong> lo avrebbe visto come attivo partecipante con vari interventi in aula. Negli anni precedenti era stato membro della Commissione preparatoria della disciplina del clero e del popolo cristiano e, durante i lavori dell\u2019assise romana, sarebbe stato un componente della corrispondente commissione conciliare.<\/p>\n\n\n\n<div class=\"wp-block-image\"><figure class=\"aligncenter size-full is-resized\"><a href=\"https:\/\/fattidistoria.org\/wp-content\/uploads\/2021\/12\/10-Prima-foto-ufficiale-da-vescovo-di-Mileto-Aprile-1945-Foto-G.-Di-Vietri.jpg\"><img loading=\"lazy\" decoding=\"async\" src=\"https:\/\/fattidistoria.org\/wp-content\/uploads\/2021\/12\/10-Prima-foto-ufficiale-da-vescovo-di-Mileto-Aprile-1945-Foto-G.-Di-Vietri.jpg\" alt=\"Prima foto ufficiale da vescovo di Mileto - Aprile 1945 (Foto G. Di Vietri)\" class=\"wp-image-790\" width=\"416\" height=\"642\" srcset=\"https:\/\/fattidistoria.org\/wp-content\/uploads\/2021\/12\/10-Prima-foto-ufficiale-da-vescovo-di-Mileto-Aprile-1945-Foto-G.-Di-Vietri.jpg 620w, https:\/\/fattidistoria.org\/wp-content\/uploads\/2021\/12\/10-Prima-foto-ufficiale-da-vescovo-di-Mileto-Aprile-1945-Foto-G.-Di-Vietri-195x300.jpg 195w\" sizes=\"auto, (max-width: 416px) 100vw, 416px\" \/><\/a><figcaption>Prima foto ufficiale da vescovo di Mileto &#8211; Aprile 1945 (Foto G. Di Vietri)<\/figcaption><\/figure><\/div>\n\n\n\n<p class=\"has-black-color has-text-color\" style=\"font-size:22px\">In quel giorno dell\u2019aprile del \u201945 non si poteva prevedere una tale \u201ccarriera\u201d, anche se la giovane et\u00e0 (con soli 39 anni era allora il pi\u00f9 giovane vescovo italiano), le capacit\u00e0 e l\u2019esperienza maturata forse lasciavano presagire un futuro assai promettente. Una parte non irrilevante di quel futuro, senza sopravvalutarne la portata o ragionare col senno di poi, ha le sue pi\u00f9 profonde radici nella sua diocesi di adozione, Capaccio-Vallo, e in quella di nascita, Policastro, essendo originario del piccolo paese di Tortorella. Diocesi con le quali continu\u00f2 a rimanere in contatto negli anni di episcopato, tornandovi ripetutamente in varie occasioni.<\/p>\n\n\n\n<p class=\"has-black-color has-text-color\" style=\"font-size:22px\">Il quadro biografico sopra sintetizzato \u2013 e delineato con un respiro molto pi\u00f9 ampio ed esaustivo nel volume di cui vedete qui sotto la copertina \u2013 rispondeva alle curiosit\u00e0 dei partecipanti alla presentazione di due anni fa e, a buon ragione, a quella di mons. Cacucci, venuto da Bari a Vallo in cerca delle radici di chi lo aveva generato al sacerdozio e, quindi, sul piano spirituale, anche delle sue.<\/p>\n\n\n\n<div class=\"wp-block-image\"><figure class=\"aligncenter size-large is-resized\"><a href=\"https:\/\/fattidistoria.org\/wp-content\/uploads\/2021\/12\/20191105_132451635.jpg\"><img loading=\"lazy\" decoding=\"async\" src=\"https:\/\/fattidistoria.org\/wp-content\/uploads\/2021\/12\/20191105_132451635-576x1024.jpg\" alt=\"\" class=\"wp-image-791\" width=\"390\" height=\"694\" srcset=\"https:\/\/fattidistoria.org\/wp-content\/uploads\/2021\/12\/20191105_132451635-576x1024.jpg 576w, https:\/\/fattidistoria.org\/wp-content\/uploads\/2021\/12\/20191105_132451635-169x300.jpg 169w, https:\/\/fattidistoria.org\/wp-content\/uploads\/2021\/12\/20191105_132451635-768x1365.jpg 768w, https:\/\/fattidistoria.org\/wp-content\/uploads\/2021\/12\/20191105_132451635-864x1536.jpg 864w, https:\/\/fattidistoria.org\/wp-content\/uploads\/2021\/12\/20191105_132451635.jpg 1080w\" sizes=\"auto, (max-width: 390px) 100vw, 390px\" \/><\/a><\/figure><\/div>\n<div style=\"min-height: 30px;display: inline-block;\"><input id=\"792\" style=\"float: left;max-width: 50px;\" src=\"https:\/\/fattidistoria.org\/wp-content\/plugins\/wp-advanced-pdf\/asset\/images\/pdf.png\" alt=\"#TB_inline?height=230&amp;width=400&amp;inlineId=examplePopup1\" title=\"Export pdf to your Email\" class=\"thickbox export-pdf\" type=\"image\" value=\"Export to PDF\" \/><\/div>","protected":false},"excerpt":{"rendered":"<p>Esattamente due anni fa, presentavamo qui a Vallo il mio lavoro sul sacerdote Enrico Nicodemo. In un freddo pomeriggio di inizio dicembre (per l\u2019esattezza, il&#8230;<\/p>\n","protected":false},"author":3,"featured_media":807,"comment_status":"open","ping_status":"open","sticky":false,"template":"","format":"standard","meta":{"footnotes":""},"categories":[7,6],"tags":[122,129,114,10,134,121,127,128,126,130,117,132,124,133,123,131,119,120,118,32,11,125,8],"class_list":["post-792","post","type-post","status-publish","format-standard","has-post-thumbnail","hentry","category-storia","category-storia-locale","tag-arcidiocesi-di-bari","tag-avv-mario-di-dario","tag-can-giuseppe-di-vietri","tag-cilento","tag-concilio-vaticano-ii","tag-diocesi-capaccio-vallo","tag-don-francesco-signorelli","tag-don-fulvio-parente","tag-don-pietro-guglielmotti","tag-dott-guglielmo-caporale","tag-enrico-nicodemo","tag-federico-pezzullo","tag-francesco-cammarota","tag-francesco-marchesani","tag-giannino-fatigati","tag-mons-dagostino","tag-mons-antonio-de-luca","tag-mons-francesco-casucci","tag-mons-ciro-miniero","tag-morra-manlio","tag-parco-nazionale-del-cilento","tag-raffaele-de-giuli","tag-vallo-della-lucania","wpcat-7-id","wpcat-6-id"],"_links":{"self":[{"href":"https:\/\/fattidistoria.org\/index.php?rest_route=\/wp\/v2\/posts\/792","targetHints":{"allow":["GET"]}}],"collection":[{"href":"https:\/\/fattidistoria.org\/index.php?rest_route=\/wp\/v2\/posts"}],"about":[{"href":"https:\/\/fattidistoria.org\/index.php?rest_route=\/wp\/v2\/types\/post"}],"author":[{"embeddable":true,"href":"https:\/\/fattidistoria.org\/index.php?rest_route=\/wp\/v2\/users\/3"}],"replies":[{"embeddable":true,"href":"https:\/\/fattidistoria.org\/index.php?rest_route=%2Fwp%2Fv2%2Fcomments&post=792"}],"version-history":[{"count":0,"href":"https:\/\/fattidistoria.org\/index.php?rest_route=\/wp\/v2\/posts\/792\/revisions"}],"wp:featuredmedia":[{"embeddable":true,"href":"https:\/\/fattidistoria.org\/index.php?rest_route=\/wp\/v2\/media\/807"}],"wp:attachment":[{"href":"https:\/\/fattidistoria.org\/index.php?rest_route=%2Fwp%2Fv2%2Fmedia&parent=792"}],"wp:term":[{"taxonomy":"category","embeddable":true,"href":"https:\/\/fattidistoria.org\/index.php?rest_route=%2Fwp%2Fv2%2Fcategories&post=792"},{"taxonomy":"post_tag","embeddable":true,"href":"https:\/\/fattidistoria.org\/index.php?rest_route=%2Fwp%2Fv2%2Ftags&post=792"}],"curies":[{"name":"wp","href":"https:\/\/api.w.org\/{rel}","templated":true}]}}